{"id":27716,"date":"2024-06-19T15:31:17","date_gmt":"2024-06-19T21:31:17","guid":{"rendered":"https:\/\/contextoanalisisperiodistico.com\/index.php\/2024\/06\/19\/garantizara-sego-relevo-de-autoridades-municipales-en-un-ambiente-de-paz\/"},"modified":"2024-06-19T15:31:17","modified_gmt":"2024-06-19T21:31:17","slug":"garantizara-sego-relevo-de-autoridades-municipales-en-un-ambiente-de-paz","status":"publish","type":"post","link":"https:\/\/contextoanalisisperiodistico.com\/index.php\/2024\/06\/19\/garantizara-sego-relevo-de-autoridades-municipales-en-un-ambiente-de-paz\/","title":{"rendered":"Garantizar\u00e1 Sego relevo de autoridades municipales en un ambiente de paz"},"content":{"rendered":"<div id=\"fb-root\"><\/div>\n\n<p>\u2022 Se busca salvaguardar los derechos pol\u00edticos electorales de las personas electas por la voluntad del pueblo<\/p>\n\n\n\n<figure class=\"wp-block-image size-large\"><img fetchpriority=\"high\" decoding=\"async\" width=\"900\" height=\"571\" src=\"https:\/\/contextoanalisisperiodistico.com\/wp-content\/uploads\/2024\/06\/img-20240619-wa00306924444278324776135.jpg\" alt=\"\" class=\"wp-image-27714\" srcset=\"https:\/\/contextoanalisisperiodistico.com\/wp-content\/uploads\/2024\/06\/img-20240619-wa00306924444278324776135.jpg 900w, https:\/\/contextoanalisisperiodistico.com\/wp-content\/uploads\/2024\/06\/img-20240619-wa00306924444278324776135-300x190.jpg 300w, https:\/\/contextoanalisisperiodistico.com\/wp-content\/uploads\/2024\/06\/img-20240619-wa00306924444278324776135-768x487.jpg 768w\" sizes=\"(max-width: 900px) 100vw, 900px\" \/><\/figure>\n\n\n\n<figure class=\"wp-block-image\"><img decoding=\"async\" width=\"300\" height=\"190\" src=\"https:\/\/contextoanalisisperiodistico.com\/wp-content\/uploads\/2024\/06\/img-20240619-wa00295452836216770231157-300x190.jpg\" alt=\"\" class=\"wp-image-27715\" srcset=\"https:\/\/contextoanalisisperiodistico.com\/wp-content\/uploads\/2024\/06\/img-20240619-wa00295452836216770231157-300x190.jpg 300w, https:\/\/contextoanalisisperiodistico.com\/wp-content\/uploads\/2024\/06\/img-20240619-wa00295452836216770231157-768x487.jpg 768w, https:\/\/contextoanalisisperiodistico.com\/wp-content\/uploads\/2024\/06\/img-20240619-wa00295452836216770231157-540x340.jpg 540w, https:\/\/contextoanalisisperiodistico.com\/wp-content\/uploads\/2024\/06\/img-20240619-wa00295452836216770231157.jpg 900w\" sizes=\"(max-width: 300px) 100vw, 300px\" \/><\/figure>\n\n\n\n<p>Oaxaca de Ju\u00e1rez, Oax. 19 de junio de 2024.- Para garantizar la paz y gobernabilidad en el relevo de autoridades 2025 que se realizar\u00e1 en 211 municipios de Oaxaca, la Secretar\u00eda de Gobierno (Sego) iniciar\u00e1 en el mes de julio un proceso de diagn\u00f3stico postelectoral, a fin de clasificar el nivel de conflicto de cada localidad.<\/p>\n\n\n\n<p>El titular de la Sego, Jes\u00fas Romero L\u00f3pez inform\u00f3 que esta actividad tiene el objetivo de salvaguardar los derechos pol\u00edticos electorales de las autoridades municipales electas por voluntad del pueblo, por lo que tambi\u00e9n se instalar\u00e1 una mesa de preregistro para que se acrediten, la cual constar\u00e1 con el armado de expedientes para los tr\u00e1mites que correspondan.<\/p>\n\n\n\n<p>Se\u00f1al\u00f3 que la mayor\u00eda de las presidencias municipales ser\u00e1n encabezadas por hombres y las sindicaturas por mujeres, por ello la dependencia dar\u00e1 seguimiento para que no se cometan actos de violencia pol\u00edtica en raz\u00f3n de g\u00e9nero.<\/p>\n\n\n\n<p>De acuerdo con la Subsecretar\u00eda de Fortalecimiento Municipal de la Sego, las 152 municipalidades que corresponden a partidos pol\u00edticos tendr\u00e1n mil 824 personas concejales, entre ellas, 912 mujeres. Respecto a la gobernabilidad desde el g\u00e9nero, de las mil 250 autoridades que se acreditar\u00e1n, 560 son hombres y 683 mujeres, lo que representa un mayor porcentaje de este sector.<\/p>\n\n\n\n<p>De agosto a noviembre del actual se generar\u00e1n estrategias de entrega recepci\u00f3n de manera pac\u00edfica. En diciembre se identificar\u00e1n posibles puntos rojos a trav\u00e9s de los 25 distritos electorales y municipales, mientras que, el despliegue de atenci\u00f3n se efectuar\u00e1 a trav\u00e9s de instancias de seguridad estatal, as\u00ed como de la Guardia Nacional (GN), Secretar\u00eda de la Defensa Nacional (Sedena), Secretar\u00eda de Marina (Semar).<\/p>\n\n\n\n<p>El Gobierno de la Primavera Oaxaque\u00f1a reitera su compromiso para la construcci\u00f3n de Un Nuevo Pacto Social que garantice la gobernabilidad de las comunidades.<\/p>\n\n\n\n<p>-0-<\/p>\n","protected":false},"excerpt":{"rendered":"<p>\u2022 Se busca salvaguardar los derechos pol\u00edticos electorales de las personas electas por la voluntad&#8230;<\/p>\n","protected":false},"author":4,"featured_media":27713,"comment_status":"","ping_status":"open","sticky":false,"template":"","format":"standard","meta":{"footnotes":""},"categories":[9],"tags":[],"jetpack_sharing_enabled":true,"featured_image_urls":{"full":["https:\/\/contextoanalisisperiodistico.com\/wp-content\/uploads\/2024\/06\/IMG-20240619-WA0031.jpg",900,571,false],"thumbnail":["https:\/\/contextoanalisisperiodistico.com\/wp-content\/uploads\/2024\/06\/IMG-20240619-WA0031-150x150.jpg",150,150,true],"medium":["https:\/\/contextoanalisisperiodistico.com\/wp-content\/uploads\/2024\/06\/IMG-20240619-WA0031-300x190.jpg",300,190,true],"medium_large":["https:\/\/contextoanalisisperiodistico.com\/wp-content\/uploads\/2024\/06\/IMG-20240619-WA0031-768x487.jpg",640,406,true],"large":["https:\/\/contextoanalisisperiodistico.com\/wp-content\/uploads\/2024\/06\/IMG-20240619-WA0031.jpg",640,406,false],"1536x1536":["https:\/\/contextoanalisisperiodistico.com\/wp-content\/uploads\/2024\/06\/IMG-20240619-WA0031.jpg",900,571,false],"2048x2048":["https:\/\/contextoanalisisperiodistico.com\/wp-content\/uploads\/2024\/06\/IMG-20240619-WA0031.jpg",900,571,false],"covernews-slider-full":["https:\/\/contextoanalisisperiodistico.com\/wp-content\/uploads\/2024\/06\/IMG-20240619-WA0031.jpg",900,571,false],"covernews-slider-center":["https:\/\/contextoanalisisperiodistico.com\/wp-content\/uploads\/2024\/06\/IMG-20240619-WA0031-800x500.jpg",800,500,true],"covernews-featured":["https:\/\/contextoanalisisperiodistico.com\/wp-content\/uploads\/2024\/06\/IMG-20240619-WA0031.jpg",900,571,false],"covernews-medium":["https:\/\/contextoanalisisperiodistico.com\/wp-content\/uploads\/2024\/06\/IMG-20240619-WA0031-540x340.jpg",540,340,true],"covernews-medium-square":["https:\/\/contextoanalisisperiodistico.com\/wp-content\/uploads\/2024\/06\/IMG-20240619-WA0031-400x250.jpg",400,250,true]},"author_info":{"display_name":"Mario Gir\u00f3n","author_link":"https:\/\/contextoanalisisperiodistico.com\/index.php\/author\/director\/"},"category_info":"<a href=\"https:\/\/contextoanalisisperiodistico.com\/index.php\/category\/politica\/\" rel=\"category tag\">Pol\u00edtica<\/a>","tag_info":"Pol\u00edtica","comment_count":"0","jetpack_featured_media_url":"https:\/\/contextoanalisisperiodistico.com\/wp-content\/uploads\/2024\/06\/IMG-20240619-WA0031.jpg","_links":{"self":[{"href":"https:\/\/contextoanalisisperiodistico.com\/index.php\/wp-json\/wp\/v2\/posts\/27716"}],"collection":[{"href":"https:\/\/contextoanalisisperiodistico.com\/index.php\/wp-json\/wp\/v2\/posts"}],"about":[{"href":"https:\/\/contextoanalisisperiodistico.com\/index.php\/wp-json\/wp\/v2\/types\/post"}],"author":[{"embeddable":true,"href":"https:\/\/contextoanalisisperiodistico.com\/index.php\/wp-json\/wp\/v2\/users\/4"}],"replies":[{"embeddable":true,"href":"https:\/\/contextoanalisisperiodistico.com\/index.php\/wp-json\/wp\/v2\/comments?post=27716"}],"version-history":[{"count":0,"href":"https:\/\/contextoanalisisperiodistico.com\/index.php\/wp-json\/wp\/v2\/posts\/27716\/revisions"}],"wp:featuredmedia":[{"embeddable":true,"href":"https:\/\/contextoanalisisperiodistico.com\/index.php\/wp-json\/wp\/v2\/media\/27713"}],"wp:attachment":[{"href":"https:\/\/contextoanalisisperiodistico.com\/index.php\/wp-json\/wp\/v2\/media?parent=27716"}],"wp:term":[{"taxonomy":"category","embeddable":true,"href":"https:\/\/contextoanalisisperiodistico.com\/index.php\/wp-json\/wp\/v2\/categories?post=27716"},{"taxonomy":"post_tag","embeddable":true,"href":"https:\/\/contextoanalisisperiodistico.com\/index.php\/wp-json\/wp\/v2\/tags?post=27716"}],"curies":[{"name":"wp","href":"https:\/\/api.w.org\/{rel}","templated":true}]}}