{"id":27712,"date":"2024-06-19T14:29:31","date_gmt":"2024-06-19T20:29:31","guid":{"rendered":"https:\/\/contextoanalisisperiodistico.com\/index.php\/2024\/06\/19\/unidad-de-los-pueblos-esencial-para-avanzar-en-la-transformacion-y-superacion-salomon-jara\/"},"modified":"2024-06-19T14:29:31","modified_gmt":"2024-06-19T20:29:31","slug":"unidad-de-los-pueblos-esencial-para-avanzar-en-la-transformacion-y-superacion-salomon-jara","status":"publish","type":"post","link":"https:\/\/contextoanalisisperiodistico.com\/index.php\/2024\/06\/19\/unidad-de-los-pueblos-esencial-para-avanzar-en-la-transformacion-y-superacion-salomon-jara\/","title":{"rendered":"Unidad de los pueblos, esencial para avanzar en la transformaci\u00f3n y superaci\u00f3n: Salom\u00f3n Jara"},"content":{"rendered":"<div id=\"fb-root\"><\/div>\n\n<p>\u2022 El Gobernador de Oaxaca asisti\u00f3 a la conferencia magistral \u201cEl libro y la transformaci\u00f3n desde la izquierda\u201d impartida por Aleida Guevara March, hija del guerrillero Ernesto \u201cChe\u201d Guevara<br \/>Oaxaca de Ju\u00e1rez, Oax. 19 de junio de 2024. El Gobernador del Estado Salom\u00f3n Jara Cruz convoc\u00f3 a la unidad de los pueblos para honrar la memoria de las mujeres y hombres revolucionarios, que bajo el estandarte de sus ideales, han luchado por una vida m\u00e1s justa y libre.<\/p>\n\n\n\n<figure class=\"wp-block-image size-large\"><img fetchpriority=\"high\" decoding=\"async\" width=\"900\" height=\"600\" src=\"https:\/\/contextoanalisisperiodistico.com\/wp-content\/uploads\/2024\/06\/img-20240619-wa00256710363154966395087.jpg\" alt=\"\" class=\"wp-image-27709\" srcset=\"https:\/\/contextoanalisisperiodistico.com\/wp-content\/uploads\/2024\/06\/img-20240619-wa00256710363154966395087.jpg 900w, https:\/\/contextoanalisisperiodistico.com\/wp-content\/uploads\/2024\/06\/img-20240619-wa00256710363154966395087-300x200.jpg 300w, https:\/\/contextoanalisisperiodistico.com\/wp-content\/uploads\/2024\/06\/img-20240619-wa00256710363154966395087-768x512.jpg 768w\" sizes=\"(max-width: 900px) 100vw, 900px\" \/><\/figure>\n\n\n\n<figure class=\"wp-block-image\"><img decoding=\"async\" width=\"300\" height=\"200\" src=\"https:\/\/contextoanalisisperiodistico.com\/wp-content\/uploads\/2024\/06\/img-20240619-wa00232498386588412441469-300x200.jpg\" alt=\"\" class=\"wp-image-27708\" srcset=\"https:\/\/contextoanalisisperiodistico.com\/wp-content\/uploads\/2024\/06\/img-20240619-wa00232498386588412441469-300x200.jpg 300w, https:\/\/contextoanalisisperiodistico.com\/wp-content\/uploads\/2024\/06\/img-20240619-wa00232498386588412441469-768x512.jpg 768w, https:\/\/contextoanalisisperiodistico.com\/wp-content\/uploads\/2024\/06\/img-20240619-wa00232498386588412441469.jpg 900w\" sizes=\"(max-width: 300px) 100vw, 300px\" \/><\/figure>\n\n\n\n<figure class=\"wp-block-image\"><img decoding=\"async\" width=\"300\" height=\"200\" src=\"https:\/\/contextoanalisisperiodistico.com\/wp-content\/uploads\/2024\/06\/img-20240619-wa00226757108684098482877-300x200.jpg\" alt=\"\" class=\"wp-image-27711\" srcset=\"https:\/\/contextoanalisisperiodistico.com\/wp-content\/uploads\/2024\/06\/img-20240619-wa00226757108684098482877-300x200.jpg 300w, https:\/\/contextoanalisisperiodistico.com\/wp-content\/uploads\/2024\/06\/img-20240619-wa00226757108684098482877-768x512.jpg 768w, https:\/\/contextoanalisisperiodistico.com\/wp-content\/uploads\/2024\/06\/img-20240619-wa00226757108684098482877.jpg 900w\" sizes=\"(max-width: 300px) 100vw, 300px\" \/><\/figure>\n\n\n\n<figure class=\"wp-block-image\"><img loading=\"lazy\" decoding=\"async\" width=\"300\" height=\"200\" src=\"https:\/\/contextoanalisisperiodistico.com\/wp-content\/uploads\/2024\/06\/img-20240619-wa00242034484408857236469-300x200.jpg\" alt=\"\" class=\"wp-image-27710\" srcset=\"https:\/\/contextoanalisisperiodistico.com\/wp-content\/uploads\/2024\/06\/img-20240619-wa00242034484408857236469-300x200.jpg 300w, https:\/\/contextoanalisisperiodistico.com\/wp-content\/uploads\/2024\/06\/img-20240619-wa00242034484408857236469-768x511.jpg 768w, https:\/\/contextoanalisisperiodistico.com\/wp-content\/uploads\/2024\/06\/img-20240619-wa00242034484408857236469.jpg 900w\" sizes=\"(max-width: 300px) 100vw, 300px\" \/><\/figure>\n\n\n\n<p>En el marco de la conferencia magistral \u201cEl libro y la transformaci\u00f3n desde la izquierda\u201d impartida por la hija del revolucionario Ernesto \u201cChe\u201d Guevara, Aleida Guevara March, desde Palacio de Gobierno, el Mandatario estatal expres\u00f3 que la belleza y la tragedia de los pa\u00edses no se puede negar desde los ideales que cobijan una lucha.<\/p>\n\n\n\n<p>\u201cLa historia de Am\u00e9rica Latina es de las mujeres y hombres que lucharon por la libertad; nuestra tierra ha sido regada con la sangre de los revolucionarios y de aquellos que buscaron a trav\u00e9s de la lucha social un mundo m\u00e1s igualitario\u201d, afirm\u00f3 junto a la Presidenta Honoraria del Sistema DIF Oaxaca, Irma Bola\u00f1os Quijano.<\/p>\n\n\n\n<p>Al destacar que su gobierno emana de un movimiento que combate contra los grandes sistemas de explotaci\u00f3n que buscan arrebatarles a las y los mexicanos la riqueza que han legado los ancestros, Jara Cruz apel\u00f3 a la unidad de los pueblos para avanzar en el camino de la transformaci\u00f3n y superaci\u00f3n. \u201cNuestra Am\u00e9rica a\u00fan vive en el sue\u00f1o que nuestros h\u00e9roes anhelaron, a\u00fan quedan muchas luchas que impulsan nuestros pasos y nuestro actuar\u201d.<\/p>\n\n\n\n<p>En este sentido, a\u00f1adi\u00f3 que para conservar y acrecentar entre las nuevas generaciones los ideales de aquellos que cimentaros las bases de un mundo m\u00e1s igualitario, su gobierno est\u00e1 comprometido con el impulso a la educaci\u00f3n y la erradicaci\u00f3n del analfabetismo, toda vez que un pueblo que lee es culto y encuentra la llave al conocimiento.<\/p>\n\n\n\n<p>En su oportunidad, la pediatra e hija mayor del guerrillero cubano Ernesto \u201cChe\u201d Guevara, Aleida Guevara March, expres\u00f3 que los gobiernos de izquierda est\u00e1n comprometidos a no olvidar la historia de los pueblos, a trabajar con modestia y sencillez, respetando la cultura de cada regi\u00f3n y no pretender imponer sus ideas.<\/p>\n\n\n\n<p>A\u00f1adi\u00f3 que la funci\u00f3n social de los gobiernos de izquierda es la atenci\u00f3n a los pueblos para una vida m\u00e1s digna y plena.<\/p>\n\n\n\n<p>\u201cLa izquierda debe tener presente que el pueblo tiene que identificarla, y eso sucede cuando es capaz de mostrarle por qu\u00e9 son necesarios los cambios; cuando hablamos de salud p\u00fablica como un derecho del ser humano y esta debe garantizarse\u201d, finaliz\u00f3.<\/p>\n\n\n\n<p>-0-<\/p>\n\n\n\n<p><\/p>\n","protected":false},"excerpt":{"rendered":"<p>\u2022 El Gobernador de Oaxaca asisti\u00f3 a la conferencia magistral \u201cEl libro y la transformaci\u00f3n&#8230;<\/p>\n","protected":false},"author":4,"featured_media":27707,"comment_status":"","ping_status":"open","sticky":false,"template":"","format":"standard","meta":{"footnotes":""},"categories":[9],"tags":[],"jetpack_sharing_enabled":true,"featured_image_urls":{"full":["https:\/\/contextoanalisisperiodistico.com\/wp-content\/uploads\/2024\/06\/IMG-20240619-WA0021.jpg",900,600,false],"thumbnail":["https:\/\/contextoanalisisperiodistico.com\/wp-content\/uploads\/2024\/06\/IMG-20240619-WA0021-150x150.jpg",150,150,true],"medium":["https:\/\/contextoanalisisperiodistico.com\/wp-content\/uploads\/2024\/06\/IMG-20240619-WA0021-300x200.jpg",300,200,true],"medium_large":["https:\/\/contextoanalisisperiodistico.com\/wp-content\/uploads\/2024\/06\/IMG-20240619-WA0021-768x512.jpg",640,427,true],"large":["https:\/\/contextoanalisisperiodistico.com\/wp-content\/uploads\/2024\/06\/IMG-20240619-WA0021.jpg",640,427,false],"1536x1536":["https:\/\/contextoanalisisperiodistico.com\/wp-content\/uploads\/2024\/06\/IMG-20240619-WA0021.jpg",900,600,false],"2048x2048":["https:\/\/contextoanalisisperiodistico.com\/wp-content\/uploads\/2024\/06\/IMG-20240619-WA0021.jpg",900,600,false],"covernews-slider-full":["https:\/\/contextoanalisisperiodistico.com\/wp-content\/uploads\/2024\/06\/IMG-20240619-WA0021.jpg",900,600,false],"covernews-slider-center":["https:\/\/contextoanalisisperiodistico.com\/wp-content\/uploads\/2024\/06\/IMG-20240619-WA0021-800x500.jpg",800,500,true],"covernews-featured":["https:\/\/contextoanalisisperiodistico.com\/wp-content\/uploads\/2024\/06\/IMG-20240619-WA0021.jpg",900,600,false],"covernews-medium":["https:\/\/contextoanalisisperiodistico.com\/wp-content\/uploads\/2024\/06\/IMG-20240619-WA0021-540x340.jpg",540,340,true],"covernews-medium-square":["https:\/\/contextoanalisisperiodistico.com\/wp-content\/uploads\/2024\/06\/IMG-20240619-WA0021-400x250.jpg",400,250,true]},"author_info":{"display_name":"Mario Gir\u00f3n","author_link":"https:\/\/contextoanalisisperiodistico.com\/index.php\/author\/director\/"},"category_info":"<a href=\"https:\/\/contextoanalisisperiodistico.com\/index.php\/category\/politica\/\" rel=\"category tag\">Pol\u00edtica<\/a>","tag_info":"Pol\u00edtica","comment_count":"0","jetpack_featured_media_url":"https:\/\/contextoanalisisperiodistico.com\/wp-content\/uploads\/2024\/06\/IMG-20240619-WA0021.jpg","_links":{"self":[{"href":"https:\/\/contextoanalisisperiodistico.com\/index.php\/wp-json\/wp\/v2\/posts\/27712"}],"collection":[{"href":"https:\/\/contextoanalisisperiodistico.com\/index.php\/wp-json\/wp\/v2\/posts"}],"about":[{"href":"https:\/\/contextoanalisisperiodistico.com\/index.php\/wp-json\/wp\/v2\/types\/post"}],"author":[{"embeddable":true,"href":"https:\/\/contextoanalisisperiodistico.com\/index.php\/wp-json\/wp\/v2\/users\/4"}],"replies":[{"embeddable":true,"href":"https:\/\/contextoanalisisperiodistico.com\/index.php\/wp-json\/wp\/v2\/comments?post=27712"}],"version-history":[{"count":0,"href":"https:\/\/contextoanalisisperiodistico.com\/index.php\/wp-json\/wp\/v2\/posts\/27712\/revisions"}],"wp:featuredmedia":[{"embeddable":true,"href":"https:\/\/contextoanalisisperiodistico.com\/index.php\/wp-json\/wp\/v2\/media\/27707"}],"wp:attachment":[{"href":"https:\/\/contextoanalisisperiodistico.com\/index.php\/wp-json\/wp\/v2\/media?parent=27712"}],"wp:term":[{"taxonomy":"category","embeddable":true,"href":"https:\/\/contextoanalisisperiodistico.com\/index.php\/wp-json\/wp\/v2\/categories?post=27712"},{"taxonomy":"post_tag","embeddable":true,"href":"https:\/\/contextoanalisisperiodistico.com\/index.php\/wp-json\/wp\/v2\/tags?post=27712"}],"curies":[{"name":"wp","href":"https:\/\/api.w.org\/{rel}","templated":true}]}}