{"id":27706,"date":"2024-06-19T14:23:48","date_gmt":"2024-06-19T20:23:48","guid":{"rendered":"https:\/\/contextoanalisisperiodistico.com\/index.php\/2024\/06\/19\/inauguran-salon-libertadores-latinoamericanos-en-palacio-de-gobierno\/"},"modified":"2024-06-19T14:23:48","modified_gmt":"2024-06-19T20:23:48","slug":"inauguran-salon-libertadores-latinoamericanos-en-palacio-de-gobierno","status":"publish","type":"post","link":"https:\/\/contextoanalisisperiodistico.com\/index.php\/2024\/06\/19\/inauguran-salon-libertadores-latinoamericanos-en-palacio-de-gobierno\/","title":{"rendered":"Inauguran sal\u00f3n Libertadores Latinoamericanos en Palacio de Gobierno"},"content":{"rendered":"<div id=\"fb-root\"><\/div>\n\n<p>\u2022 La apertura estuvo a cargo del Gobernador Salom\u00f3n Jara Cruz, junto con la activista y defensora Aleida Guevara March, hija del revolucionario Ernesto \u201cChe\u201d Guevara<\/p>\n\n\n\n<figure class=\"wp-block-image size-large\"><img fetchpriority=\"high\" decoding=\"async\" width=\"900\" height=\"599\" src=\"https:\/\/contextoanalisisperiodistico.com\/wp-content\/uploads\/2024\/06\/img-20240619-wa00178962845729837260656.jpg\" alt=\"\" class=\"wp-image-27704\" srcset=\"https:\/\/contextoanalisisperiodistico.com\/wp-content\/uploads\/2024\/06\/img-20240619-wa00178962845729837260656.jpg 900w, https:\/\/contextoanalisisperiodistico.com\/wp-content\/uploads\/2024\/06\/img-20240619-wa00178962845729837260656-300x200.jpg 300w, https:\/\/contextoanalisisperiodistico.com\/wp-content\/uploads\/2024\/06\/img-20240619-wa00178962845729837260656-768x511.jpg 768w\" sizes=\"(max-width: 900px) 100vw, 900px\" \/><\/figure>\n\n\n\n<figure class=\"wp-block-image\"><img decoding=\"async\" width=\"300\" height=\"200\" src=\"https:\/\/contextoanalisisperiodistico.com\/wp-content\/uploads\/2024\/06\/img-20240619-wa00143306050751502245744-300x200.jpg\" alt=\"\" class=\"wp-image-27703\" srcset=\"https:\/\/contextoanalisisperiodistico.com\/wp-content\/uploads\/2024\/06\/img-20240619-wa00143306050751502245744-300x200.jpg 300w, https:\/\/contextoanalisisperiodistico.com\/wp-content\/uploads\/2024\/06\/img-20240619-wa00143306050751502245744-768x512.jpg 768w, https:\/\/contextoanalisisperiodistico.com\/wp-content\/uploads\/2024\/06\/img-20240619-wa00143306050751502245744.jpg 900w\" sizes=\"(max-width: 300px) 100vw, 300px\" \/><\/figure>\n\n\n\n<figure class=\"wp-block-image\"><img decoding=\"async\" width=\"300\" height=\"200\" src=\"https:\/\/contextoanalisisperiodistico.com\/wp-content\/uploads\/2024\/06\/img-20240619-wa00168589734355681170648-300x200.jpg\" alt=\"\" class=\"wp-image-27705\" srcset=\"https:\/\/contextoanalisisperiodistico.com\/wp-content\/uploads\/2024\/06\/img-20240619-wa00168589734355681170648-300x200.jpg 300w, https:\/\/contextoanalisisperiodistico.com\/wp-content\/uploads\/2024\/06\/img-20240619-wa00168589734355681170648-768x512.jpg 768w, https:\/\/contextoanalisisperiodistico.com\/wp-content\/uploads\/2024\/06\/img-20240619-wa00168589734355681170648.jpg 900w\" sizes=\"(max-width: 300px) 100vw, 300px\" \/><\/figure>\n\n\n\n<p>\u2022 Con una exposici\u00f3n fotogr\u00e1fica se rinde homenaje a figuras destacadas que contribuyeron a la identidad e independencia de sus naciones<\/p>\n\n\n\n<p>Oaxaca de Ju\u00e1rez, Oax. 19 de junio de 2024.- El Gobernador Salom\u00f3n Jara Cruz, junto con la activista y defensora Aleida Guevara March, hija del revolucionario Ernesto \u201cChe\u201d Guevara, inaugur\u00f3 el sal\u00f3n Libertadores Latinoamericanos en Palacio de Gobierno.<\/p>\n\n\n\n<p>En compa\u00f1\u00eda de la Presidenta Honoraria del Sistema para el Desarrollo Integral de la Familia (DIF) Irma Bola\u00f1os Quijano, el Mandatario estatal y las personas asistentes recorrieron este espacio que alberga la exposici\u00f3n de fotograf\u00edas de h\u00e9roes y hero\u00ednas latinoamericanos y que han contribuido a la libertad y justicia de sus naciones.<\/p>\n\n\n\n<p>De esta forma se brinda un homenaje a figuras importantes en la historia de esta regi\u00f3n y que contribuyeron a la identidad e independencia de sus respectivos pa\u00edses.<\/p>\n\n\n\n<p>En la muestra se pueden encontrar las im\u00e1genes de personas que trascendieron a favor de sus respectivas patrias, como el l\u00edder insurgente de la Independencia en M\u00e9xico, Jos\u00e9 Mar\u00eda Morelos; el revolucionario cubano, Ernesto \u201cChe\u201d Guevara; el impulsor de la Independencia en Cuba, Jos\u00e9 Mart\u00ed, y la l\u00edder guerrillera en las luchas por la Independencia de Bolivia y Argentina, Juana Azurduy, entre otras.<\/p>\n\n\n\n<p>Se present\u00f3 el coro Voces del alma infantil, del proyecto Oaxaca Segura de la Secretar\u00eda de las Culturas y Artes, que interpret\u00f3 \u201cLa Martiniana\u201d, canci\u00f3n ic\u00f3nica oaxaque\u00f1a.<\/p>\n\n\n\n<p>Asistieron tambi\u00e9n la secretaria de Educaci\u00f3n, Delfina Guzm\u00e1n D\u00edaz, el secretario de las Culturas y Artes, V\u00edctor Cata; la coordinadora de Comunicaci\u00f3n Social, Elizabeth \u00c1lvarez Acosta; el titular de la Jefatura de Gabinete, Flavio Sosa Villavicencio.<\/p>\n\n\n\n<p>El Gobierno de la Primavera Oaxaque\u00f1a avanza en la Reparaci\u00f3n Hist\u00f3rica de los Pueblos y reconoce a mujeres y hombres que contribuyeron a las libertades de sus comunidades.<\/p>\n\n\n\n<p>-0-<\/p>\n","protected":false},"excerpt":{"rendered":"<p>\u2022 La apertura estuvo a cargo del Gobernador Salom\u00f3n Jara Cruz, junto con la activista&#8230;<\/p>\n","protected":false},"author":4,"featured_media":27702,"comment_status":"","ping_status":"open","sticky":false,"template":"","format":"standard","meta":{"footnotes":""},"categories":[9],"tags":[],"jetpack_sharing_enabled":true,"featured_image_urls":{"full":["https:\/\/contextoanalisisperiodistico.com\/wp-content\/uploads\/2024\/06\/IMG-20240619-WA0015.jpg",900,599,false],"thumbnail":["https:\/\/contextoanalisisperiodistico.com\/wp-content\/uploads\/2024\/06\/IMG-20240619-WA0015-150x150.jpg",150,150,true],"medium":["https:\/\/contextoanalisisperiodistico.com\/wp-content\/uploads\/2024\/06\/IMG-20240619-WA0015-300x200.jpg",300,200,true],"medium_large":["https:\/\/contextoanalisisperiodistico.com\/wp-content\/uploads\/2024\/06\/IMG-20240619-WA0015-768x511.jpg",640,426,true],"large":["https:\/\/contextoanalisisperiodistico.com\/wp-content\/uploads\/2024\/06\/IMG-20240619-WA0015.jpg",640,426,false],"1536x1536":["https:\/\/contextoanalisisperiodistico.com\/wp-content\/uploads\/2024\/06\/IMG-20240619-WA0015.jpg",900,599,false],"2048x2048":["https:\/\/contextoanalisisperiodistico.com\/wp-content\/uploads\/2024\/06\/IMG-20240619-WA0015.jpg",900,599,false],"covernews-slider-full":["https:\/\/contextoanalisisperiodistico.com\/wp-content\/uploads\/2024\/06\/IMG-20240619-WA0015.jpg",900,599,false],"covernews-slider-center":["https:\/\/contextoanalisisperiodistico.com\/wp-content\/uploads\/2024\/06\/IMG-20240619-WA0015-800x500.jpg",800,500,true],"covernews-featured":["https:\/\/contextoanalisisperiodistico.com\/wp-content\/uploads\/2024\/06\/IMG-20240619-WA0015.jpg",900,599,false],"covernews-medium":["https:\/\/contextoanalisisperiodistico.com\/wp-content\/uploads\/2024\/06\/IMG-20240619-WA0015-540x340.jpg",540,340,true],"covernews-medium-square":["https:\/\/contextoanalisisperiodistico.com\/wp-content\/uploads\/2024\/06\/IMG-20240619-WA0015-400x250.jpg",400,250,true]},"author_info":{"display_name":"Mario Gir\u00f3n","author_link":"https:\/\/contextoanalisisperiodistico.com\/index.php\/author\/director\/"},"category_info":"<a href=\"https:\/\/contextoanalisisperiodistico.com\/index.php\/category\/politica\/\" rel=\"category tag\">Pol\u00edtica<\/a>","tag_info":"Pol\u00edtica","comment_count":"0","jetpack_featured_media_url":"https:\/\/contextoanalisisperiodistico.com\/wp-content\/uploads\/2024\/06\/IMG-20240619-WA0015.jpg","_links":{"self":[{"href":"https:\/\/contextoanalisisperiodistico.com\/index.php\/wp-json\/wp\/v2\/posts\/27706"}],"collection":[{"href":"https:\/\/contextoanalisisperiodistico.com\/index.php\/wp-json\/wp\/v2\/posts"}],"about":[{"href":"https:\/\/contextoanalisisperiodistico.com\/index.php\/wp-json\/wp\/v2\/types\/post"}],"author":[{"embeddable":true,"href":"https:\/\/contextoanalisisperiodistico.com\/index.php\/wp-json\/wp\/v2\/users\/4"}],"replies":[{"embeddable":true,"href":"https:\/\/contextoanalisisperiodistico.com\/index.php\/wp-json\/wp\/v2\/comments?post=27706"}],"version-history":[{"count":0,"href":"https:\/\/contextoanalisisperiodistico.com\/index.php\/wp-json\/wp\/v2\/posts\/27706\/revisions"}],"wp:featuredmedia":[{"embeddable":true,"href":"https:\/\/contextoanalisisperiodistico.com\/index.php\/wp-json\/wp\/v2\/media\/27702"}],"wp:attachment":[{"href":"https:\/\/contextoanalisisperiodistico.com\/index.php\/wp-json\/wp\/v2\/media?parent=27706"}],"wp:term":[{"taxonomy":"category","embeddable":true,"href":"https:\/\/contextoanalisisperiodistico.com\/index.php\/wp-json\/wp\/v2\/categories?post=27706"},{"taxonomy":"post_tag","embeddable":true,"href":"https:\/\/contextoanalisisperiodistico.com\/index.php\/wp-json\/wp\/v2\/tags?post=27706"}],"curies":[{"name":"wp","href":"https:\/\/api.w.org\/{rel}","templated":true}]}}