{"id":27701,"date":"2024-06-19T06:16:36","date_gmt":"2024-06-19T12:16:36","guid":{"rendered":"https:\/\/contextoanalisisperiodistico.com\/index.php\/2024\/06\/19\/fortalece-sso-en-el-istmo-plan-regional-por-lluvias-2024\/"},"modified":"2024-06-19T06:16:36","modified_gmt":"2024-06-19T12:16:36","slug":"fortalece-sso-en-el-istmo-plan-regional-por-lluvias-2024","status":"publish","type":"post","link":"https:\/\/contextoanalisisperiodistico.com\/index.php\/2024\/06\/19\/fortalece-sso-en-el-istmo-plan-regional-por-lluvias-2024\/","title":{"rendered":"Fortalece SSO en el Istmo Plan Regional por Lluvias 2024"},"content":{"rendered":"<div id=\"fb-root\"><\/div>\n\n<p>\u2022 Se enfatizar\u00e1 la vigilancia epidemiol\u00f3gica en 45 municipios prioritarios de la regi\u00f3n<\/p>\n\n\n\n<figure class=\"wp-block-image size-large\"><img fetchpriority=\"high\" decoding=\"async\" width=\"1024\" height=\"391\" src=\"https:\/\/contextoanalisisperiodistico.com\/wp-content\/uploads\/2024\/06\/img-20240619-wa00001431472593964729486-1024x391.jpg\" alt=\"\" class=\"wp-image-27700\" srcset=\"https:\/\/contextoanalisisperiodistico.com\/wp-content\/uploads\/2024\/06\/img-20240619-wa00001431472593964729486-1024x391.jpg 1024w, https:\/\/contextoanalisisperiodistico.com\/wp-content\/uploads\/2024\/06\/img-20240619-wa00001431472593964729486-300x115.jpg 300w, https:\/\/contextoanalisisperiodistico.com\/wp-content\/uploads\/2024\/06\/img-20240619-wa00001431472593964729486-768x293.jpg 768w, https:\/\/contextoanalisisperiodistico.com\/wp-content\/uploads\/2024\/06\/img-20240619-wa00001431472593964729486.jpg 1412w\" sizes=\"(max-width: 1024px) 100vw, 1024px\" \/><\/figure>\n\n\n\n<figure class=\"wp-block-image\"><img decoding=\"async\" width=\"1024\" height=\"393\" src=\"https:\/\/contextoanalisisperiodistico.com\/wp-content\/uploads\/2024\/06\/img-20240619-wa00023888341320778687637-1024x393.jpg\" alt=\"\" class=\"wp-image-27699\" srcset=\"https:\/\/contextoanalisisperiodistico.com\/wp-content\/uploads\/2024\/06\/img-20240619-wa00023888341320778687637-1024x393.jpg 1024w, https:\/\/contextoanalisisperiodistico.com\/wp-content\/uploads\/2024\/06\/img-20240619-wa00023888341320778687637-300x115.jpg 300w, https:\/\/contextoanalisisperiodistico.com\/wp-content\/uploads\/2024\/06\/img-20240619-wa00023888341320778687637-768x295.jpg 768w, https:\/\/contextoanalisisperiodistico.com\/wp-content\/uploads\/2024\/06\/img-20240619-wa00023888341320778687637-1536x589.jpg 1536w, https:\/\/contextoanalisisperiodistico.com\/wp-content\/uploads\/2024\/06\/img-20240619-wa00023888341320778687637.jpg 1600w\" sizes=\"(max-width: 1024px) 100vw, 1024px\" \/><\/figure>\n\n\n\n<p>Juchit\u00e1n de Zaragoza, Oax. 18 de junio de 2024.- A fin de coordinar acciones conjuntas para la atenci\u00f3n oportuna de la poblaci\u00f3n en caso de emergencias ocasionadas por las lluvias, Servicios de Salud de Oaxaca (SSO) fortalece el Plan Regional de Preparaci\u00f3n y Respuesta ante fen\u00f3menos Hidrometeorol\u00f3gicos 2024 en 45 municipios prioritarios de la Jurisdicci\u00f3n Sanitaria n\u00famero 2 Istmo.<\/p>\n\n\n\n<p>El jefe del sector en la zona, Hebert Vidal S\u00e1nchez dijo que a trav\u00e9s de la red m\u00e9dica de Servicios de Salud IMSS-Bienestar de la regi\u00f3n, compuesta por 141 centros de salud, dos Centros de Salud con Servicios Ampliados (CESSA), siete hospitales, 11 brigadas territoriales y 223 casas de salud, se realiza el monitoreo permanente, para que en caso de una contingencia se activen de manera inmediata acciones integrales.<\/p>\n\n\n\n<p>Durante la reuni\u00f3n, las y los participantes coincidieron que se enfatizar\u00e1 la vigilancia epidemiol\u00f3gica y la difusi\u00f3n de acciones protectoras con alianzas de los municipios para alertar a la poblaci\u00f3n en caso de ser necesario.<\/p>\n\n\n\n<p>Tambi\u00e9n reiteraron la importancia de la colaboraci\u00f3n de la ciudadan\u00eda en el autocuidado para reducir riesgos de enfermedades o accidentes que pueden llegar a ser mortales, ya que es necesario anticipar medidas preventivas ante los peligros con mayor probabilidad de ocurrencia, y con ello poder hacer frente a las condiciones atmosf\u00e9ricas y abonar a salvaguardar la salud de la poblaci\u00f3n.<\/p>\n\n\n\n<p>El plan est\u00e1 integrado por las \u00e1reas de Vigilancia Epidemiol\u00f3gica; Atenci\u00f3n M\u00e9dica; Unidad de Inteligencia para Emergencias en Salud; Atenci\u00f3n Psicol\u00f3gica; Regulaci\u00f3n y Fomento Sanitario; Promoci\u00f3n a la Salud; Salud Reproductiva; Laboratorio Estatal de Salud P\u00fablica de Oaxaca (LESPO); Vacunaci\u00f3n, Control Vectorial y Zoonosis, entre otras.<\/p>\n\n\n\n<p>El Gobierno de la Primavera Oaxaque\u00f1a reitera su compromiso con la salud de la poblaci\u00f3n, acci\u00f3n que forma parte de La Reparaci\u00f3n Hist\u00f3rica de los Pueblos a trav\u00e9s de las Pol\u00edticas de Bienestar Transformador.<\/p>\n\n\n\n<p>-0-<\/p>\n","protected":false},"excerpt":{"rendered":"<p>\u2022 Se enfatizar\u00e1 la vigilancia epidemiol\u00f3gica en 45 municipios prioritarios de la regi\u00f3n Juchit\u00e1n de&#8230;<\/p>\n","protected":false},"author":4,"featured_media":27698,"comment_status":"","ping_status":"open","sticky":false,"template":"","format":"standard","meta":{"footnotes":""},"categories":[92],"tags":[],"jetpack_sharing_enabled":true,"featured_image_urls":{"full":["https:\/\/contextoanalisisperiodistico.com\/wp-content\/uploads\/2024\/06\/IMG-20240619-WA0001.jpg",1501,931,false],"thumbnail":["https:\/\/contextoanalisisperiodistico.com\/wp-content\/uploads\/2024\/06\/IMG-20240619-WA0001-150x150.jpg",150,150,true],"medium":["https:\/\/contextoanalisisperiodistico.com\/wp-content\/uploads\/2024\/06\/IMG-20240619-WA0001-300x186.jpg",300,186,true],"medium_large":["https:\/\/contextoanalisisperiodistico.com\/wp-content\/uploads\/2024\/06\/IMG-20240619-WA0001-768x476.jpg",640,397,true],"large":["https:\/\/contextoanalisisperiodistico.com\/wp-content\/uploads\/2024\/06\/IMG-20240619-WA0001-1024x635.jpg",640,397,true],"1536x1536":["https:\/\/contextoanalisisperiodistico.com\/wp-content\/uploads\/2024\/06\/IMG-20240619-WA0001.jpg",1501,931,false],"2048x2048":["https:\/\/contextoanalisisperiodistico.com\/wp-content\/uploads\/2024\/06\/IMG-20240619-WA0001.jpg",1501,931,false],"covernews-slider-full":["https:\/\/contextoanalisisperiodistico.com\/wp-content\/uploads\/2024\/06\/IMG-20240619-WA0001-1115x715.jpg",1115,715,true],"covernews-slider-center":["https:\/\/contextoanalisisperiodistico.com\/wp-content\/uploads\/2024\/06\/IMG-20240619-WA0001-800x500.jpg",800,500,true],"covernews-featured":["https:\/\/contextoanalisisperiodistico.com\/wp-content\/uploads\/2024\/06\/IMG-20240619-WA0001-1024x635.jpg",1024,635,true],"covernews-medium":["https:\/\/contextoanalisisperiodistico.com\/wp-content\/uploads\/2024\/06\/IMG-20240619-WA0001-540x340.jpg",540,340,true],"covernews-medium-square":["https:\/\/contextoanalisisperiodistico.com\/wp-content\/uploads\/2024\/06\/IMG-20240619-WA0001-400x250.jpg",400,250,true]},"author_info":{"display_name":"Mario Gir\u00f3n","author_link":"https:\/\/contextoanalisisperiodistico.com\/index.php\/author\/director\/"},"category_info":"<a href=\"https:\/\/contextoanalisisperiodistico.com\/index.php\/category\/salud\/\" rel=\"category tag\">Salud<\/a>","tag_info":"Salud","comment_count":"0","jetpack_featured_media_url":"https:\/\/contextoanalisisperiodistico.com\/wp-content\/uploads\/2024\/06\/IMG-20240619-WA0001.jpg","_links":{"self":[{"href":"https:\/\/contextoanalisisperiodistico.com\/index.php\/wp-json\/wp\/v2\/posts\/27701"}],"collection":[{"href":"https:\/\/contextoanalisisperiodistico.com\/index.php\/wp-json\/wp\/v2\/posts"}],"about":[{"href":"https:\/\/contextoanalisisperiodistico.com\/index.php\/wp-json\/wp\/v2\/types\/post"}],"author":[{"embeddable":true,"href":"https:\/\/contextoanalisisperiodistico.com\/index.php\/wp-json\/wp\/v2\/users\/4"}],"replies":[{"embeddable":true,"href":"https:\/\/contextoanalisisperiodistico.com\/index.php\/wp-json\/wp\/v2\/comments?post=27701"}],"version-history":[{"count":0,"href":"https:\/\/contextoanalisisperiodistico.com\/index.php\/wp-json\/wp\/v2\/posts\/27701\/revisions"}],"wp:featuredmedia":[{"embeddable":true,"href":"https:\/\/contextoanalisisperiodistico.com\/index.php\/wp-json\/wp\/v2\/media\/27698"}],"wp:attachment":[{"href":"https:\/\/contextoanalisisperiodistico.com\/index.php\/wp-json\/wp\/v2\/media?parent=27701"}],"wp:term":[{"taxonomy":"category","embeddable":true,"href":"https:\/\/contextoanalisisperiodistico.com\/index.php\/wp-json\/wp\/v2\/categories?post=27701"},{"taxonomy":"post_tag","embeddable":true,"href":"https:\/\/contextoanalisisperiodistico.com\/index.php\/wp-json\/wp\/v2\/tags?post=27701"}],"curies":[{"name":"wp","href":"https:\/\/api.w.org\/{rel}","templated":true}]}}