{"id":27697,"date":"2024-06-18T19:56:44","date_gmt":"2024-06-19T01:56:44","guid":{"rendered":"https:\/\/contextoanalisisperiodistico.com\/index.php\/2024\/06\/18\/continua-nebulizacion-en-colonias-con-mayor-incidencia-de-dengue\/"},"modified":"2024-06-18T19:56:44","modified_gmt":"2024-06-19T01:56:44","slug":"continua-nebulizacion-en-colonias-con-mayor-incidencia-de-dengue","status":"publish","type":"post","link":"https:\/\/contextoanalisisperiodistico.com\/index.php\/2024\/06\/18\/continua-nebulizacion-en-colonias-con-mayor-incidencia-de-dengue\/","title":{"rendered":"Contin\u00faa nebulizaci\u00f3n en colonias con mayor incidencia de dengue"},"content":{"rendered":"<div id=\"fb-root\"><\/div>\n\n<p>\u2022 Este 18 de junio se dar\u00e1 cobertura a 45 colonias del Municipio de Oaxaca de Ju\u00e1rez<\/p>\n\n\n\n<figure class=\"wp-block-image size-large\"><img fetchpriority=\"high\" decoding=\"async\" width=\"819\" height=\"1024\" src=\"https:\/\/contextoanalisisperiodistico.com\/wp-content\/uploads\/2024\/06\/img-20240618-wa00293346984008872923568-819x1024.jpg\" alt=\"\" class=\"wp-image-27695\" srcset=\"https:\/\/contextoanalisisperiodistico.com\/wp-content\/uploads\/2024\/06\/img-20240618-wa00293346984008872923568-819x1024.jpg 819w, https:\/\/contextoanalisisperiodistico.com\/wp-content\/uploads\/2024\/06\/img-20240618-wa00293346984008872923568-240x300.jpg 240w, https:\/\/contextoanalisisperiodistico.com\/wp-content\/uploads\/2024\/06\/img-20240618-wa00293346984008872923568-768x960.jpg 768w, https:\/\/contextoanalisisperiodistico.com\/wp-content\/uploads\/2024\/06\/img-20240618-wa00293346984008872923568-1229x1536.jpg 1229w, https:\/\/contextoanalisisperiodistico.com\/wp-content\/uploads\/2024\/06\/img-20240618-wa00293346984008872923568-1024x1280.jpg 1024w, https:\/\/contextoanalisisperiodistico.com\/wp-content\/uploads\/2024\/06\/img-20240618-wa00293346984008872923568.jpg 1280w\" sizes=\"(max-width: 819px) 100vw, 819px\" \/><\/figure>\n\n\n\n<figure class=\"wp-block-image\"><img decoding=\"async\" width=\"819\" height=\"1024\" src=\"https:\/\/contextoanalisisperiodistico.com\/wp-content\/uploads\/2024\/06\/img-20240618-wa00306545110839300648548-819x1024.jpg\" alt=\"\" class=\"wp-image-27696\" srcset=\"https:\/\/contextoanalisisperiodistico.com\/wp-content\/uploads\/2024\/06\/img-20240618-wa00306545110839300648548-819x1024.jpg 819w, https:\/\/contextoanalisisperiodistico.com\/wp-content\/uploads\/2024\/06\/img-20240618-wa00306545110839300648548-240x300.jpg 240w, https:\/\/contextoanalisisperiodistico.com\/wp-content\/uploads\/2024\/06\/img-20240618-wa00306545110839300648548-768x960.jpg 768w, https:\/\/contextoanalisisperiodistico.com\/wp-content\/uploads\/2024\/06\/img-20240618-wa00306545110839300648548-1229x1536.jpg 1229w, https:\/\/contextoanalisisperiodistico.com\/wp-content\/uploads\/2024\/06\/img-20240618-wa00306545110839300648548-1024x1280.jpg 1024w, https:\/\/contextoanalisisperiodistico.com\/wp-content\/uploads\/2024\/06\/img-20240618-wa00306545110839300648548.jpg 1280w\" sizes=\"(max-width: 819px) 100vw, 819px\" \/><\/figure>\n\n\n\n<figure class=\"wp-block-image\"><img decoding=\"async\" width=\"819\" height=\"1024\" src=\"https:\/\/contextoanalisisperiodistico.com\/wp-content\/uploads\/2024\/06\/img-20240618-wa00313455527656035543074-819x1024.jpg\" alt=\"\" class=\"wp-image-27694\" srcset=\"https:\/\/contextoanalisisperiodistico.com\/wp-content\/uploads\/2024\/06\/img-20240618-wa00313455527656035543074-819x1024.jpg 819w, https:\/\/contextoanalisisperiodistico.com\/wp-content\/uploads\/2024\/06\/img-20240618-wa00313455527656035543074-240x300.jpg 240w, https:\/\/contextoanalisisperiodistico.com\/wp-content\/uploads\/2024\/06\/img-20240618-wa00313455527656035543074-768x960.jpg 768w, https:\/\/contextoanalisisperiodistico.com\/wp-content\/uploads\/2024\/06\/img-20240618-wa00313455527656035543074-1229x1536.jpg 1229w, https:\/\/contextoanalisisperiodistico.com\/wp-content\/uploads\/2024\/06\/img-20240618-wa00313455527656035543074-1024x1280.jpg 1024w, https:\/\/contextoanalisisperiodistico.com\/wp-content\/uploads\/2024\/06\/img-20240618-wa00313455527656035543074.jpg 1280w\" sizes=\"(max-width: 819px) 100vw, 819px\" \/><\/figure>\n\n\n\n<figure class=\"wp-block-image\"><img loading=\"lazy\" decoding=\"async\" width=\"819\" height=\"1024\" src=\"https:\/\/contextoanalisisperiodistico.com\/wp-content\/uploads\/2024\/06\/img-20240618-wa0032176206544291763015-819x1024.jpg\" alt=\"\" class=\"wp-image-27692\" srcset=\"https:\/\/contextoanalisisperiodistico.com\/wp-content\/uploads\/2024\/06\/img-20240618-wa0032176206544291763015-819x1024.jpg 819w, https:\/\/contextoanalisisperiodistico.com\/wp-content\/uploads\/2024\/06\/img-20240618-wa0032176206544291763015-240x300.jpg 240w, https:\/\/contextoanalisisperiodistico.com\/wp-content\/uploads\/2024\/06\/img-20240618-wa0032176206544291763015-768x960.jpg 768w, https:\/\/contextoanalisisperiodistico.com\/wp-content\/uploads\/2024\/06\/img-20240618-wa0032176206544291763015-1229x1536.jpg 1229w, https:\/\/contextoanalisisperiodistico.com\/wp-content\/uploads\/2024\/06\/img-20240618-wa0032176206544291763015-1024x1280.jpg 1024w, https:\/\/contextoanalisisperiodistico.com\/wp-content\/uploads\/2024\/06\/img-20240618-wa0032176206544291763015.jpg 1280w\" sizes=\"(max-width: 819px) 100vw, 819px\" \/><\/figure>\n\n\n\n<figure class=\"wp-block-image\"><img loading=\"lazy\" decoding=\"async\" width=\"819\" height=\"1024\" src=\"https:\/\/contextoanalisisperiodistico.com\/wp-content\/uploads\/2024\/06\/img-20240618-wa00336381285073516858642-819x1024.jpg\" alt=\"\" class=\"wp-image-27693\" srcset=\"https:\/\/contextoanalisisperiodistico.com\/wp-content\/uploads\/2024\/06\/img-20240618-wa00336381285073516858642-819x1024.jpg 819w, https:\/\/contextoanalisisperiodistico.com\/wp-content\/uploads\/2024\/06\/img-20240618-wa00336381285073516858642-240x300.jpg 240w, https:\/\/contextoanalisisperiodistico.com\/wp-content\/uploads\/2024\/06\/img-20240618-wa00336381285073516858642-768x960.jpg 768w, https:\/\/contextoanalisisperiodistico.com\/wp-content\/uploads\/2024\/06\/img-20240618-wa00336381285073516858642-1229x1536.jpg 1229w, https:\/\/contextoanalisisperiodistico.com\/wp-content\/uploads\/2024\/06\/img-20240618-wa00336381285073516858642-1024x1280.jpg 1024w, https:\/\/contextoanalisisperiodistico.com\/wp-content\/uploads\/2024\/06\/img-20240618-wa00336381285073516858642.jpg 1280w\" sizes=\"(max-width: 819px) 100vw, 819px\" \/><\/figure>\n\n\n\n<p>\u2022 Se exhorta a la poblaci\u00f3n a colaborar con el personal y abrir puertas, ventanas y portones para un mayor alcance durante la actividad<br \/>Oaxaca de Ju\u00e1rez, Oax. 18 de junio de 2024.- Los Servicios de Salud de Oaxaca (SSO) a trav\u00e9s de la Jurisdicci\u00f3n Sanitaria n\u00famero 1 Valles Centrales, por segundo d\u00eda reforzar\u00e1n las actividades de nebulizaci\u00f3n en 45 colonias del Municipio de Oaxaca de Ju\u00e1rez con mayor incidencia de casos por dengue.<\/p>\n\n\n\n<p>Como parte de las estrategias del Plan Emergente en la lucha contra el mosco Aedes aegypti, si las condiciones del clima lo permiten, las brigadas recorrer\u00e1n este martes 18 de junio a partir de las 19:00 horas, las demarcaciones de: la Unidad ISSSTE, M\u00e1rtires de R\u00edo Blanco, M\u00e1rtires de Tacubaya, La Providencia, colonia Reforma, Barrio de Jalatlaco, Am\u00e9rica Norte y Sur.<\/p>\n\n\n\n<p>As\u00ed como Volcanes, Jard\u00edn Dolores, Ampliaci\u00f3n Dolores, Agencia de 5 Se\u00f1ores, Ciudad Universitaria, Agencia Montoya, Azucenas, \u00c1lamos y Moctezuma, Luis Donaldo Colosio, Presidente Ju\u00e1rez, Margarita Maza de Ju\u00e1rez, Monte Alban, San Mart\u00edn Mexicapan, La Soledad, San Juan Chapultepec, Lomas de San Juan, Leonardo Rodr\u00edguez Alcaine Segunda Etapa, Agencia de Candiani, Hacienda Antequera, Barrio La Noria y Fraccionamiento San Jos\u00e9 La Noria.<\/p>\n\n\n\n<p>Adem\u00e1s de Eliseo Jim\u00e9nez Ru\u00edz, Ex Hacienda Candiani, Miguel Hidalgo, Itandehui, L\u00e1zaro C\u00e1rdenas, Fraccionamiento El Arroyo, Jardines de la Sierra, La Fundici\u00f3n, Netzahualc\u00f3yotl, Ejido Guadalupe Victoria, Fraccionamiento Los R\u00edos, Villa de San Luis, Uni\u00f3n y Progreso.<\/p>\n\n\n\n<p>Se exhorta a la poblaci\u00f3n mantener abiertas las puertas, ventanas y portones cuando el veh\u00edculo de vectores pase frente a sus domicilios para que el producto pueda tener un mayor impacto y efectividad durante la dispersi\u00f3n.<\/p>\n\n\n\n<p>Estas acciones tendr\u00e1n el impacto esperado mediante la participaci\u00f3n ciudadana en la limpieza de sus hogares, con el cuidado del agua al tapar los recipientes, lavar todos aquellos que acumulen el vital l\u00edquido y eliminar los que ya no se utilizan, as\u00ed como mantener limpios los patios y azoteas.<\/p>\n\n\n\n<p>Se solicita la comprensi\u00f3n de la poblaci\u00f3n, ya que la programaci\u00f3n puede variar ante la presencia de lluvias fuertes.<\/p>\n\n\n\n<p>-0-<\/p>\n","protected":false},"excerpt":{"rendered":"<p>\u2022 Este 18 de junio se dar\u00e1 cobertura a 45 colonias del Municipio de Oaxaca&#8230;<\/p>\n","protected":false},"author":4,"featured_media":27691,"comment_status":"","ping_status":"open","sticky":false,"template":"","format":"standard","meta":{"footnotes":""},"categories":[92],"tags":[],"jetpack_sharing_enabled":true,"featured_image_urls":{"full":["https:\/\/contextoanalisisperiodistico.com\/wp-content\/uploads\/2024\/06\/IMG-20240618-WA0028.jpg",1280,1600,false],"thumbnail":["https:\/\/contextoanalisisperiodistico.com\/wp-content\/uploads\/2024\/06\/IMG-20240618-WA0028-150x150.jpg",150,150,true],"medium":["https:\/\/contextoanalisisperiodistico.com\/wp-content\/uploads\/2024\/06\/IMG-20240618-WA0028-240x300.jpg",240,300,true],"medium_large":["https:\/\/contextoanalisisperiodistico.com\/wp-content\/uploads\/2024\/06\/IMG-20240618-WA0028-768x960.jpg",640,800,true],"large":["https:\/\/contextoanalisisperiodistico.com\/wp-content\/uploads\/2024\/06\/IMG-20240618-WA0028-819x1024.jpg",640,800,true],"1536x1536":["https:\/\/contextoanalisisperiodistico.com\/wp-content\/uploads\/2024\/06\/IMG-20240618-WA0028-1229x1536.jpg",1229,1536,true],"2048x2048":["https:\/\/contextoanalisisperiodistico.com\/wp-content\/uploads\/2024\/06\/IMG-20240618-WA0028.jpg",1280,1600,false],"covernews-slider-full":["https:\/\/contextoanalisisperiodistico.com\/wp-content\/uploads\/2024\/06\/IMG-20240618-WA0028-1115x715.jpg",1115,715,true],"covernews-slider-center":["https:\/\/contextoanalisisperiodistico.com\/wp-content\/uploads\/2024\/06\/IMG-20240618-WA0028-800x500.jpg",800,500,true],"covernews-featured":["https:\/\/contextoanalisisperiodistico.com\/wp-content\/uploads\/2024\/06\/IMG-20240618-WA0028-1024x1280.jpg",1024,1280,true],"covernews-medium":["https:\/\/contextoanalisisperiodistico.com\/wp-content\/uploads\/2024\/06\/IMG-20240618-WA0028-540x340.jpg",540,340,true],"covernews-medium-square":["https:\/\/contextoanalisisperiodistico.com\/wp-content\/uploads\/2024\/06\/IMG-20240618-WA0028-400x250.jpg",400,250,true]},"author_info":{"display_name":"Mario Gir\u00f3n","author_link":"https:\/\/contextoanalisisperiodistico.com\/index.php\/author\/director\/"},"category_info":"<a href=\"https:\/\/contextoanalisisperiodistico.com\/index.php\/category\/salud\/\" rel=\"category tag\">Salud<\/a>","tag_info":"Salud","comment_count":"0","jetpack_featured_media_url":"https:\/\/contextoanalisisperiodistico.com\/wp-content\/uploads\/2024\/06\/IMG-20240618-WA0028.jpg","_links":{"self":[{"href":"https:\/\/contextoanalisisperiodistico.com\/index.php\/wp-json\/wp\/v2\/posts\/27697"}],"collection":[{"href":"https:\/\/contextoanalisisperiodistico.com\/index.php\/wp-json\/wp\/v2\/posts"}],"about":[{"href":"https:\/\/contextoanalisisperiodistico.com\/index.php\/wp-json\/wp\/v2\/types\/post"}],"author":[{"embeddable":true,"href":"https:\/\/contextoanalisisperiodistico.com\/index.php\/wp-json\/wp\/v2\/users\/4"}],"replies":[{"embeddable":true,"href":"https:\/\/contextoanalisisperiodistico.com\/index.php\/wp-json\/wp\/v2\/comments?post=27697"}],"version-history":[{"count":0,"href":"https:\/\/contextoanalisisperiodistico.com\/index.php\/wp-json\/wp\/v2\/posts\/27697\/revisions"}],"wp:featuredmedia":[{"embeddable":true,"href":"https:\/\/contextoanalisisperiodistico.com\/index.php\/wp-json\/wp\/v2\/media\/27691"}],"wp:attachment":[{"href":"https:\/\/contextoanalisisperiodistico.com\/index.php\/wp-json\/wp\/v2\/media?parent=27697"}],"wp:term":[{"taxonomy":"category","embeddable":true,"href":"https:\/\/contextoanalisisperiodistico.com\/index.php\/wp-json\/wp\/v2\/categories?post=27697"},{"taxonomy":"post_tag","embeddable":true,"href":"https:\/\/contextoanalisisperiodistico.com\/index.php\/wp-json\/wp\/v2\/tags?post=27697"}],"curies":[{"name":"wp","href":"https:\/\/api.w.org\/{rel}","templated":true}]}}