{"id":27689,"date":"2024-06-18T18:14:52","date_gmt":"2024-06-19T00:14:52","guid":{"rendered":"https:\/\/contextoanalisisperiodistico.com\/index.php\/2024\/06\/18\/silva-romo-en-encuentro-con-la-presidenta-electa-claudia-sheinbaum-pardo\/"},"modified":"2024-06-18T18:16:57","modified_gmt":"2024-06-19T00:16:57","slug":"silva-romo-en-encuentro-con-la-presidenta-electa-claudia-sheinbaum-pardo","status":"publish","type":"post","link":"https:\/\/contextoanalisisperiodistico.com\/index.php\/2024\/06\/18\/silva-romo-en-encuentro-con-la-presidenta-electa-claudia-sheinbaum-pardo\/","title":{"rendered":"Silva Romo en encuentro con la presidenta electa, Claudia Sheinbaum Pardo"},"content":{"rendered":"<div id=\"fb-root\"><\/div>\n\n<p>** Reiter\u00f3 su compromiso de trabajo coordinado desde la C\u00e1mara Alta, en la construcci\u00f3n del Segundo Piso de la Cuarta Transformaci\u00f3n.<\/p>\n\n\n\n<p>Como parte del cuerpo de legisladoras y legisladores federales electos con quienes este martes se reuniera la futura presidenta de M\u00e9xico, Claudia Sheinbaum Pardo; Luis Alfonso Silva Romo, destac\u00f3 el papel trascendental de quienes conforman el Poder Legislativo para seguir avanzando por el camino de la Cuarta Transformaci\u00f3n.<\/p>\n\n\n\n<p>En el encuentro realizado en la Ciudad de M\u00e9xico, Sheinbaum Pardo se reuni\u00f3 con diputados y senadores de la Coalici\u00f3n Sigamos Haciendo Historia que resultaron seleccionados en el proceso electoral 2023-2024, para pedirles unidad y trabajar en las 20 reformas propuestas por el presidente Andr\u00e9s Manuel L\u00f3pez Obrador y particularmente en cinco que consider\u00f3 prioritarias.<\/p>\n\n\n\n<p>Entre ellas, elevar a rango constitucional el apoyo mujeres de 60 a 64 a\u00f1os de edad; as\u00ed como una beca universal para ni\u00f1os y ni\u00f1as de preescolar, primaria y secundiaria. Mencion\u00f3 tambi\u00e9n la reforma a la ley del Instituto de Seguridad y Servicios Sociales de Trabajadores del Estado (ISSSTE) y la de no reelecci\u00f3n.<\/p>\n\n\n\n<p>En este encuentro con la Doctora Sheinbaum Pardo, junto a sus compa\u00f1eras y compa\u00f1eros, Silva Romo reiter\u00f3 su compromiso de trabajo coordinado desde la C\u00e1mara Alta, en la construcci\u00f3n del Segundo Piso de la Cuarta Transformaci\u00f3n, para asegurar un futuro de progreso, justicia y bienestar para todas y todos los mexicanos.<\/p>\n\n\n\n<p>En ese sentido, Silva Romo atender\u00e1 el llamado de la presidenta electa, de responder y cumplirle al pueblo de M\u00e9xico, para no dar marcha atr\u00e1s a lo logrado con el pueblo, por el pueblo y para el pueblo.<\/p>\n\n\n\n<p><\/p>\n\n\n\n<figure class=\"wp-block-image size-large\"><img fetchpriority=\"high\" decoding=\"async\" width=\"1024\" height=\"768\" src=\"https:\/\/contextoanalisisperiodistico.com\/wp-content\/uploads\/2024\/06\/img-20240618-wa00251694261891138112993-1024x768.jpg\" alt=\"\" class=\"wp-image-27687\" srcset=\"https:\/\/contextoanalisisperiodistico.com\/wp-content\/uploads\/2024\/06\/img-20240618-wa00251694261891138112993-1024x768.jpg 1024w, https:\/\/contextoanalisisperiodistico.com\/wp-content\/uploads\/2024\/06\/img-20240618-wa00251694261891138112993-300x225.jpg 300w, https:\/\/contextoanalisisperiodistico.com\/wp-content\/uploads\/2024\/06\/img-20240618-wa00251694261891138112993-768x576.jpg 768w, https:\/\/contextoanalisisperiodistico.com\/wp-content\/uploads\/2024\/06\/img-20240618-wa00251694261891138112993-1536x1152.jpg 1536w, https:\/\/contextoanalisisperiodistico.com\/wp-content\/uploads\/2024\/06\/img-20240618-wa00251694261891138112993.jpg 1600w\" sizes=\"(max-width: 1024px) 100vw, 1024px\" \/><\/figure>\n\n\n\n<figure class=\"wp-block-image\"><img decoding=\"async\" width=\"1024\" height=\"768\" src=\"https:\/\/contextoanalisisperiodistico.com\/wp-content\/uploads\/2024\/06\/img-20240618-wa00276616652408995882388-1024x768.jpg\" alt=\"\" class=\"wp-image-27688\" srcset=\"https:\/\/contextoanalisisperiodistico.com\/wp-content\/uploads\/2024\/06\/img-20240618-wa00276616652408995882388-1024x768.jpg 1024w, https:\/\/contextoanalisisperiodistico.com\/wp-content\/uploads\/2024\/06\/img-20240618-wa00276616652408995882388-300x225.jpg 300w, https:\/\/contextoanalisisperiodistico.com\/wp-content\/uploads\/2024\/06\/img-20240618-wa00276616652408995882388-768x576.jpg 768w, https:\/\/contextoanalisisperiodistico.com\/wp-content\/uploads\/2024\/06\/img-20240618-wa00276616652408995882388-1536x1152.jpg 1536w, https:\/\/contextoanalisisperiodistico.com\/wp-content\/uploads\/2024\/06\/img-20240618-wa00276616652408995882388.jpg 1600w\" sizes=\"(max-width: 1024px) 100vw, 1024px\" \/><\/figure>\n","protected":false},"excerpt":{"rendered":"<p>** Reiter\u00f3 su compromiso de trabajo coordinado desde la C\u00e1mara Alta, en la construcci\u00f3n del&#8230;<\/p>\n","protected":false},"author":4,"featured_media":27686,"comment_status":"closed","ping_status":"open","sticky":false,"template":"","format":"standard","meta":{"footnotes":""},"categories":[9],"tags":[],"jetpack_sharing_enabled":true,"featured_image_urls":{"full":["https:\/\/contextoanalisisperiodistico.com\/wp-content\/uploads\/2024\/06\/IMG-20240618-WA0024.jpg",1600,518,false],"thumbnail":["https:\/\/contextoanalisisperiodistico.com\/wp-content\/uploads\/2024\/06\/IMG-20240618-WA0024-150x150.jpg",150,150,true],"medium":["https:\/\/contextoanalisisperiodistico.com\/wp-content\/uploads\/2024\/06\/IMG-20240618-WA0024-300x97.jpg",300,97,true],"medium_large":["https:\/\/contextoanalisisperiodistico.com\/wp-content\/uploads\/2024\/06\/IMG-20240618-WA0024-768x249.jpg",640,208,true],"large":["https:\/\/contextoanalisisperiodistico.com\/wp-content\/uploads\/2024\/06\/IMG-20240618-WA0024-1024x332.jpg",640,208,true],"1536x1536":["https:\/\/contextoanalisisperiodistico.com\/wp-content\/uploads\/2024\/06\/IMG-20240618-WA0024-1536x497.jpg",1536,497,true],"2048x2048":["https:\/\/contextoanalisisperiodistico.com\/wp-content\/uploads\/2024\/06\/IMG-20240618-WA0024.jpg",1600,518,false],"covernews-slider-full":["https:\/\/contextoanalisisperiodistico.com\/wp-content\/uploads\/2024\/06\/IMG-20240618-WA0024-1115x518.jpg",1115,518,true],"covernews-slider-center":["https:\/\/contextoanalisisperiodistico.com\/wp-content\/uploads\/2024\/06\/IMG-20240618-WA0024-800x500.jpg",800,500,true],"covernews-featured":["https:\/\/contextoanalisisperiodistico.com\/wp-content\/uploads\/2024\/06\/IMG-20240618-WA0024-1024x332.jpg",1024,332,true],"covernews-medium":["https:\/\/contextoanalisisperiodistico.com\/wp-content\/uploads\/2024\/06\/IMG-20240618-WA0024-540x340.jpg",540,340,true],"covernews-medium-square":["https:\/\/contextoanalisisperiodistico.com\/wp-content\/uploads\/2024\/06\/IMG-20240618-WA0024-400x250.jpg",400,250,true]},"author_info":{"display_name":"Mario Gir\u00f3n","author_link":"https:\/\/contextoanalisisperiodistico.com\/index.php\/author\/director\/"},"category_info":"<a href=\"https:\/\/contextoanalisisperiodistico.com\/index.php\/category\/politica\/\" rel=\"category tag\">Pol\u00edtica<\/a>","tag_info":"Pol\u00edtica","comment_count":"0","jetpack_featured_media_url":"https:\/\/contextoanalisisperiodistico.com\/wp-content\/uploads\/2024\/06\/IMG-20240618-WA0024.jpg","_links":{"self":[{"href":"https:\/\/contextoanalisisperiodistico.com\/index.php\/wp-json\/wp\/v2\/posts\/27689"}],"collection":[{"href":"https:\/\/contextoanalisisperiodistico.com\/index.php\/wp-json\/wp\/v2\/posts"}],"about":[{"href":"https:\/\/contextoanalisisperiodistico.com\/index.php\/wp-json\/wp\/v2\/types\/post"}],"author":[{"embeddable":true,"href":"https:\/\/contextoanalisisperiodistico.com\/index.php\/wp-json\/wp\/v2\/users\/4"}],"replies":[{"embeddable":true,"href":"https:\/\/contextoanalisisperiodistico.com\/index.php\/wp-json\/wp\/v2\/comments?post=27689"}],"version-history":[{"count":1,"href":"https:\/\/contextoanalisisperiodistico.com\/index.php\/wp-json\/wp\/v2\/posts\/27689\/revisions"}],"predecessor-version":[{"id":27690,"href":"https:\/\/contextoanalisisperiodistico.com\/index.php\/wp-json\/wp\/v2\/posts\/27689\/revisions\/27690"}],"wp:featuredmedia":[{"embeddable":true,"href":"https:\/\/contextoanalisisperiodistico.com\/index.php\/wp-json\/wp\/v2\/media\/27686"}],"wp:attachment":[{"href":"https:\/\/contextoanalisisperiodistico.com\/index.php\/wp-json\/wp\/v2\/media?parent=27689"}],"wp:term":[{"taxonomy":"category","embeddable":true,"href":"https:\/\/contextoanalisisperiodistico.com\/index.php\/wp-json\/wp\/v2\/categories?post=27689"},{"taxonomy":"post_tag","embeddable":true,"href":"https:\/\/contextoanalisisperiodistico.com\/index.php\/wp-json\/wp\/v2\/tags?post=27689"}],"curies":[{"name":"wp","href":"https:\/\/api.w.org\/{rel}","templated":true}]}}