{"id":27685,"date":"2024-06-18T16:17:35","date_gmt":"2024-06-18T22:17:35","guid":{"rendered":"https:\/\/contextoanalisisperiodistico.com\/index.php\/2024\/06\/18\/invitan-a-participar-en-guelaguetza-de-la-lectura\/"},"modified":"2024-06-18T16:17:35","modified_gmt":"2024-06-18T22:17:35","slug":"invitan-a-participar-en-guelaguetza-de-la-lectura","status":"publish","type":"post","link":"https:\/\/contextoanalisisperiodistico.com\/index.php\/2024\/06\/18\/invitan-a-participar-en-guelaguetza-de-la-lectura\/","title":{"rendered":"Invitan a participar en Guelaguetza de la Lectura"},"content":{"rendered":"<div id=\"fb-root\"><\/div>\n\n<p>\u2022 Este evento busca promover el intercambio intelectual y la lectura lejos de un sentido academicista<\/p>\n\n\n\n<figure class=\"wp-block-image size-large\"><img fetchpriority=\"high\" decoding=\"async\" width=\"900\" height=\"600\" src=\"https:\/\/contextoanalisisperiodistico.com\/wp-content\/uploads\/2024\/06\/img-20240618-wa00211714034237172567026.jpg\" alt=\"\" class=\"wp-image-27683\" srcset=\"https:\/\/contextoanalisisperiodistico.com\/wp-content\/uploads\/2024\/06\/img-20240618-wa00211714034237172567026.jpg 900w, https:\/\/contextoanalisisperiodistico.com\/wp-content\/uploads\/2024\/06\/img-20240618-wa00211714034237172567026-300x200.jpg 300w, https:\/\/contextoanalisisperiodistico.com\/wp-content\/uploads\/2024\/06\/img-20240618-wa00211714034237172567026-768x512.jpg 768w\" sizes=\"(max-width: 900px) 100vw, 900px\" \/><\/figure>\n\n\n\n<figure class=\"wp-block-image\"><img decoding=\"async\" width=\"300\" height=\"200\" src=\"https:\/\/contextoanalisisperiodistico.com\/wp-content\/uploads\/2024\/06\/img-20240618-wa00228680065670358596412-300x200.jpg\" alt=\"\" class=\"wp-image-27684\" srcset=\"https:\/\/contextoanalisisperiodistico.com\/wp-content\/uploads\/2024\/06\/img-20240618-wa00228680065670358596412-300x200.jpg 300w, https:\/\/contextoanalisisperiodistico.com\/wp-content\/uploads\/2024\/06\/img-20240618-wa00228680065670358596412-768x512.jpg 768w, https:\/\/contextoanalisisperiodistico.com\/wp-content\/uploads\/2024\/06\/img-20240618-wa00228680065670358596412.jpg 900w\" sizes=\"(max-width: 300px) 100vw, 300px\" \/><\/figure>\n\n\n\n<p>Oaxaca de Ju\u00e1rez, Oax. 18 de junio de 2024.- Con el fin de promover la importancia de la lectura como medio para el desarrollo de las juventudes y el intercambio intelectual, este viernes 21 de junio se realizar\u00e1 el evento Guelaguetza de la Lectura: El libro y la batalla de ideas.<\/p>\n\n\n\n<p>A partir de las 9:00 horas en el Auditorio Guelaguetza, iniciar\u00e1n participaciones musicales, paneles de discusi\u00f3n, lecturas de textos selectos, espacios para el intercambio de ideas y danzas tradicionales de diversas regiones de Oaxaca.<\/p>\n\n\n\n<p>Este encuentro resaltar\u00e1 la diversidad cultural y ling\u00fc\u00edstica de la entidad, y ser\u00e1 un apoyo hacia autoras y autores emergentes, toda vez que se fomenta la lectura por placer y no por obligaci\u00f3n ni en un sentido academicista.<\/p>\n\n\n\n<p>Adem\u00e1s, con una conferencia magistral tendr\u00e1 su participaci\u00f3n la reconocida activista, defensora y profesionista cubana Aleida Guevara March, hija del l\u00edder revolucionario Ernesto \u00abChe\u00bb Guevara, quien es tambi\u00e9n, defensora de los derechos humanos, as\u00ed como promotora de la educaci\u00f3n y la solidaridad internacional.<\/p>\n\n\n\n<p>Por ello, la Secretar\u00eda de las Culturas y Artes (Seculta) invita a j\u00f3venes de educaci\u00f3n media superior y superior del estado de Oaxaca, as\u00ed como a personas interesadas, a participar en este evento.<\/p>\n\n\n\n<p>Para mayor informaci\u00f3n y confirmar asistencia, se pueden comunicar con la subsecretaria de Planeaci\u00f3n Estrat\u00e9gica de la Seculta, Carmen S\u00e1nchez Parada, al n\u00famero de tel\u00e9fono 55 5965 4569.<\/p>\n\n\n\n<p>De esta manera, la Primavera Oaxaque\u00f1a garantiza el desarrollo integral de las juventudes y genera un Estado de Bienestar para todas y todos, en donde nadie se quede atr\u00e1s y nadie se quede fuera.<\/p>\n\n\n\n<p>-0-<\/p>\n","protected":false},"excerpt":{"rendered":"<p>\u2022 Este evento busca promover el intercambio intelectual y la lectura lejos de un sentido&#8230;<\/p>\n","protected":false},"author":4,"featured_media":27682,"comment_status":"","ping_status":"open","sticky":false,"template":"","format":"standard","meta":{"footnotes":""},"categories":[4],"tags":[],"jetpack_sharing_enabled":true,"featured_image_urls":{"full":["https:\/\/contextoanalisisperiodistico.com\/wp-content\/uploads\/2024\/06\/IMG-20240618-WA0023.jpg",900,600,false],"thumbnail":["https:\/\/contextoanalisisperiodistico.com\/wp-content\/uploads\/2024\/06\/IMG-20240618-WA0023-150x150.jpg",150,150,true],"medium":["https:\/\/contextoanalisisperiodistico.com\/wp-content\/uploads\/2024\/06\/IMG-20240618-WA0023-300x200.jpg",300,200,true],"medium_large":["https:\/\/contextoanalisisperiodistico.com\/wp-content\/uploads\/2024\/06\/IMG-20240618-WA0023-768x512.jpg",640,427,true],"large":["https:\/\/contextoanalisisperiodistico.com\/wp-content\/uploads\/2024\/06\/IMG-20240618-WA0023.jpg",640,427,false],"1536x1536":["https:\/\/contextoanalisisperiodistico.com\/wp-content\/uploads\/2024\/06\/IMG-20240618-WA0023.jpg",900,600,false],"2048x2048":["https:\/\/contextoanalisisperiodistico.com\/wp-content\/uploads\/2024\/06\/IMG-20240618-WA0023.jpg",900,600,false],"covernews-slider-full":["https:\/\/contextoanalisisperiodistico.com\/wp-content\/uploads\/2024\/06\/IMG-20240618-WA0023.jpg",900,600,false],"covernews-slider-center":["https:\/\/contextoanalisisperiodistico.com\/wp-content\/uploads\/2024\/06\/IMG-20240618-WA0023-800x500.jpg",800,500,true],"covernews-featured":["https:\/\/contextoanalisisperiodistico.com\/wp-content\/uploads\/2024\/06\/IMG-20240618-WA0023.jpg",900,600,false],"covernews-medium":["https:\/\/contextoanalisisperiodistico.com\/wp-content\/uploads\/2024\/06\/IMG-20240618-WA0023-540x340.jpg",540,340,true],"covernews-medium-square":["https:\/\/contextoanalisisperiodistico.com\/wp-content\/uploads\/2024\/06\/IMG-20240618-WA0023-400x250.jpg",400,250,true]},"author_info":{"display_name":"Mario Gir\u00f3n","author_link":"https:\/\/contextoanalisisperiodistico.com\/index.php\/author\/director\/"},"category_info":"<a href=\"https:\/\/contextoanalisisperiodistico.com\/index.php\/category\/cultura\/\" rel=\"category tag\">Cultura<\/a>","tag_info":"Cultura","comment_count":"0","jetpack_featured_media_url":"https:\/\/contextoanalisisperiodistico.com\/wp-content\/uploads\/2024\/06\/IMG-20240618-WA0023.jpg","_links":{"self":[{"href":"https:\/\/contextoanalisisperiodistico.com\/index.php\/wp-json\/wp\/v2\/posts\/27685"}],"collection":[{"href":"https:\/\/contextoanalisisperiodistico.com\/index.php\/wp-json\/wp\/v2\/posts"}],"about":[{"href":"https:\/\/contextoanalisisperiodistico.com\/index.php\/wp-json\/wp\/v2\/types\/post"}],"author":[{"embeddable":true,"href":"https:\/\/contextoanalisisperiodistico.com\/index.php\/wp-json\/wp\/v2\/users\/4"}],"replies":[{"embeddable":true,"href":"https:\/\/contextoanalisisperiodistico.com\/index.php\/wp-json\/wp\/v2\/comments?post=27685"}],"version-history":[{"count":0,"href":"https:\/\/contextoanalisisperiodistico.com\/index.php\/wp-json\/wp\/v2\/posts\/27685\/revisions"}],"wp:featuredmedia":[{"embeddable":true,"href":"https:\/\/contextoanalisisperiodistico.com\/index.php\/wp-json\/wp\/v2\/media\/27682"}],"wp:attachment":[{"href":"https:\/\/contextoanalisisperiodistico.com\/index.php\/wp-json\/wp\/v2\/media?parent=27685"}],"wp:term":[{"taxonomy":"category","embeddable":true,"href":"https:\/\/contextoanalisisperiodistico.com\/index.php\/wp-json\/wp\/v2\/categories?post=27685"},{"taxonomy":"post_tag","embeddable":true,"href":"https:\/\/contextoanalisisperiodistico.com\/index.php\/wp-json\/wp\/v2\/tags?post=27685"}],"curies":[{"name":"wp","href":"https:\/\/api.w.org\/{rel}","templated":true}]}}