{"id":27678,"date":"2024-06-18T16:12:56","date_gmt":"2024-06-18T22:12:56","guid":{"rendered":"https:\/\/contextoanalisisperiodistico.com\/index.php\/2024\/06\/18\/invierten-en-oaxaca-mas-de-400-mdp-para-mi-primera-chamba\/"},"modified":"2024-06-18T16:12:56","modified_gmt":"2024-06-18T22:12:56","slug":"invierten-en-oaxaca-mas-de-400-mdp-para-mi-primera-chamba","status":"publish","type":"post","link":"https:\/\/contextoanalisisperiodistico.com\/index.php\/2024\/06\/18\/invierten-en-oaxaca-mas-de-400-mdp-para-mi-primera-chamba\/","title":{"rendered":"Invierten en Oaxaca m\u00e1s de 400 mdp para Mi Primera Chamba"},"content":{"rendered":"<div id=\"fb-root\"><\/div>\n\n<p>\u2022 El Gobernador Salom\u00f3n Jara Cruz sostuvo un conversatorio con quienes han sido beneficiados con estas acciones que respalda la pr\u00e1ctica laboral<\/p>\n\n\n\n<figure class=\"wp-block-image size-large\"><img fetchpriority=\"high\" decoding=\"async\" width=\"900\" height=\"600\" src=\"https:\/\/contextoanalisisperiodistico.com\/wp-content\/uploads\/2024\/06\/img-20240618-wa00161050511373194713777.jpg\" alt=\"\" class=\"wp-image-27674\" srcset=\"https:\/\/contextoanalisisperiodistico.com\/wp-content\/uploads\/2024\/06\/img-20240618-wa00161050511373194713777.jpg 900w, https:\/\/contextoanalisisperiodistico.com\/wp-content\/uploads\/2024\/06\/img-20240618-wa00161050511373194713777-300x200.jpg 300w, https:\/\/contextoanalisisperiodistico.com\/wp-content\/uploads\/2024\/06\/img-20240618-wa00161050511373194713777-768x512.jpg 768w\" sizes=\"(max-width: 900px) 100vw, 900px\" \/><\/figure>\n\n\n\n<figure class=\"wp-block-image\"><img decoding=\"async\" width=\"300\" height=\"200\" src=\"https:\/\/contextoanalisisperiodistico.com\/wp-content\/uploads\/2024\/06\/img-20240618-wa00158343091053097222767-300x200.jpg\" alt=\"\" class=\"wp-image-27673\" srcset=\"https:\/\/contextoanalisisperiodistico.com\/wp-content\/uploads\/2024\/06\/img-20240618-wa00158343091053097222767-300x200.jpg 300w, https:\/\/contextoanalisisperiodistico.com\/wp-content\/uploads\/2024\/06\/img-20240618-wa00158343091053097222767-768x512.jpg 768w, https:\/\/contextoanalisisperiodistico.com\/wp-content\/uploads\/2024\/06\/img-20240618-wa00158343091053097222767.jpg 900w\" sizes=\"(max-width: 300px) 100vw, 300px\" \/><\/figure>\n\n\n\n<figure class=\"wp-block-image\"><img decoding=\"async\" width=\"300\" height=\"200\" src=\"https:\/\/contextoanalisisperiodistico.com\/wp-content\/uploads\/2024\/06\/img-20240618-wa00189035171192973557760-300x200.jpg\" alt=\"\" class=\"wp-image-27676\" srcset=\"https:\/\/contextoanalisisperiodistico.com\/wp-content\/uploads\/2024\/06\/img-20240618-wa00189035171192973557760-300x200.jpg 300w, https:\/\/contextoanalisisperiodistico.com\/wp-content\/uploads\/2024\/06\/img-20240618-wa00189035171192973557760-768x512.jpg 768w, https:\/\/contextoanalisisperiodistico.com\/wp-content\/uploads\/2024\/06\/img-20240618-wa00189035171192973557760.jpg 900w\" sizes=\"(max-width: 300px) 100vw, 300px\" \/><\/figure>\n\n\n\n<figure class=\"wp-block-image\"><img loading=\"lazy\" decoding=\"async\" width=\"300\" height=\"200\" src=\"https:\/\/contextoanalisisperiodistico.com\/wp-content\/uploads\/2024\/06\/img-20240618-wa00196264267396744893562-300x200.jpg\" alt=\"\" class=\"wp-image-27675\" srcset=\"https:\/\/contextoanalisisperiodistico.com\/wp-content\/uploads\/2024\/06\/img-20240618-wa00196264267396744893562-300x200.jpg 300w, https:\/\/contextoanalisisperiodistico.com\/wp-content\/uploads\/2024\/06\/img-20240618-wa00196264267396744893562-768x512.jpg 768w, https:\/\/contextoanalisisperiodistico.com\/wp-content\/uploads\/2024\/06\/img-20240618-wa00196264267396744893562.jpg 900w\" sizes=\"(max-width: 300px) 100vw, 300px\" \/><\/figure>\n\n\n\n<figure class=\"wp-block-image\"><img loading=\"lazy\" decoding=\"async\" width=\"1024\" height=\"683\" src=\"https:\/\/contextoanalisisperiodistico.com\/wp-content\/uploads\/2024\/06\/img-20240618-wa00203165429022519258437-1024x683.jpg\" alt=\"\" class=\"wp-image-27677\" srcset=\"https:\/\/contextoanalisisperiodistico.com\/wp-content\/uploads\/2024\/06\/img-20240618-wa00203165429022519258437-1024x683.jpg 1024w, https:\/\/contextoanalisisperiodistico.com\/wp-content\/uploads\/2024\/06\/img-20240618-wa00203165429022519258437-300x200.jpg 300w, https:\/\/contextoanalisisperiodistico.com\/wp-content\/uploads\/2024\/06\/img-20240618-wa00203165429022519258437-768x512.jpg 768w, https:\/\/contextoanalisisperiodistico.com\/wp-content\/uploads\/2024\/06\/img-20240618-wa00203165429022519258437.jpg 1350w\" sizes=\"(max-width: 1024px) 100vw, 1024px\" \/><\/figure>\n\n\n\n<p>Oaxaca de Ju\u00e1rez, Oax. 18 de junio de 2024.- En un encuentro directo y transparente, el Gobernador del Estado Salom\u00f3n Jara Cruz sostuvo un conversatorio con personas beneficiarias del programa Mi Primera Chamba, Experiencia que Trasforma tu Futuro, y entreg\u00f3 tarjetas para respaldar a las juventudes en la pr\u00e1ctica laboral.<\/p>\n\n\n\n<p>En el Complejo Deportivo Hermanos Flores Mag\u00f3n, el Mandatario estatal anunci\u00f3 que esta pol\u00edtica p\u00fablica consta de una inversi\u00f3n de 400 millones de pesos, con la finalidad de contribuir a la Reparaci\u00f3n de la Deuda Hist\u00f3rica que tiene el gobierno con este sector y los pueblos de la entidad.<\/p>\n\n\n\n<p>Jara Cruz indic\u00f3 que la Primavera Oaxaque\u00f1a lleva a cabo este programa para que las y los j\u00f3venes egresados de distintas carreras tengan un incentivo econ\u00f3mico y generen experiencia laboral tanto en el sector p\u00fablico como privado.<\/p>\n\n\n\n<p>Dijo que con el Corredor Interoce\u00e1nico del Istmo de Tehuantepec (CIIT) y los Polos de Desarrollo Bienestar (Podebis) del Gobierno de M\u00e9xico, las juventudes tendr\u00e1n la oportunidad de ingresar al campo laboral en empresas que realizan inversionistas extranjeros y requieren de mano de obra calificada.<\/p>\n\n\n\n<p>En su oportunidad Mar\u00eda Alejandra Santiago Garc\u00eda, ingeniera en Sistemas Computacionales; William Fernando Valencia Hern\u00e1ndez, licenciado en Pedagog\u00eda y Virginia Torres L\u00f3pez, ingeniera Agr\u00f3noma, beneficiadas del programa, expusieron sus experiencias laborales adquiridas en distintas Unidades Receptoras y agradecer la oportunidad obtenida mediante esta acci\u00f3n de gobierno.<\/p>\n\n\n\n<p>En su oportunidad el subsecretario de Pol\u00edtica Social para el Bienestar de la Secretar\u00eda de Bienestar, Tequio e Inclusi\u00f3n, Diego Mois\u00e9s P\u00e9rez de la Cruz, explic\u00f3 que en una primera etapa se benefician a 4 mil 166 j\u00f3venes con un incentivo de 7 mil 600 pesos mensuales para que logren una experiencia laboral y puedan titularse.<\/p>\n\n\n\n<p>Anunci\u00f3 que el pr\u00f3ximo lunes 24 de junio se abrir\u00e1 la plataforma https:\/\/miprimerachamba.oaxaca.gob.mx\/#\/ para nuevas inscripciones a este programa que vincula a las y los j\u00f3venes de 18 a 29 a\u00f1os con unidades receptoras para adquirir experiencia profesional.<\/p>\n\n\n\n<p>-0-<\/p>\n","protected":false},"excerpt":{"rendered":"<p>\u2022 El Gobernador Salom\u00f3n Jara Cruz sostuvo un conversatorio con quienes han sido beneficiados con&#8230;<\/p>\n","protected":false},"author":4,"featured_media":27672,"comment_status":"","ping_status":"open","sticky":false,"template":"","format":"standard","meta":{"footnotes":""},"categories":[9],"tags":[],"jetpack_sharing_enabled":true,"featured_image_urls":{"full":["https:\/\/contextoanalisisperiodistico.com\/wp-content\/uploads\/2024\/06\/IMG-20240618-WA0017.jpg",900,600,false],"thumbnail":["https:\/\/contextoanalisisperiodistico.com\/wp-content\/uploads\/2024\/06\/IMG-20240618-WA0017-150x150.jpg",150,150,true],"medium":["https:\/\/contextoanalisisperiodistico.com\/wp-content\/uploads\/2024\/06\/IMG-20240618-WA0017-300x200.jpg",300,200,true],"medium_large":["https:\/\/contextoanalisisperiodistico.com\/wp-content\/uploads\/2024\/06\/IMG-20240618-WA0017-768x512.jpg",640,427,true],"large":["https:\/\/contextoanalisisperiodistico.com\/wp-content\/uploads\/2024\/06\/IMG-20240618-WA0017.jpg",640,427,false],"1536x1536":["https:\/\/contextoanalisisperiodistico.com\/wp-content\/uploads\/2024\/06\/IMG-20240618-WA0017.jpg",900,600,false],"2048x2048":["https:\/\/contextoanalisisperiodistico.com\/wp-content\/uploads\/2024\/06\/IMG-20240618-WA0017.jpg",900,600,false],"covernews-slider-full":["https:\/\/contextoanalisisperiodistico.com\/wp-content\/uploads\/2024\/06\/IMG-20240618-WA0017.jpg",900,600,false],"covernews-slider-center":["https:\/\/contextoanalisisperiodistico.com\/wp-content\/uploads\/2024\/06\/IMG-20240618-WA0017-800x500.jpg",800,500,true],"covernews-featured":["https:\/\/contextoanalisisperiodistico.com\/wp-content\/uploads\/2024\/06\/IMG-20240618-WA0017.jpg",900,600,false],"covernews-medium":["https:\/\/contextoanalisisperiodistico.com\/wp-content\/uploads\/2024\/06\/IMG-20240618-WA0017-540x340.jpg",540,340,true],"covernews-medium-square":["https:\/\/contextoanalisisperiodistico.com\/wp-content\/uploads\/2024\/06\/IMG-20240618-WA0017-400x250.jpg",400,250,true]},"author_info":{"display_name":"Mario Gir\u00f3n","author_link":"https:\/\/contextoanalisisperiodistico.com\/index.php\/author\/director\/"},"category_info":"<a href=\"https:\/\/contextoanalisisperiodistico.com\/index.php\/category\/politica\/\" rel=\"category tag\">Pol\u00edtica<\/a>","tag_info":"Pol\u00edtica","comment_count":"0","jetpack_featured_media_url":"https:\/\/contextoanalisisperiodistico.com\/wp-content\/uploads\/2024\/06\/IMG-20240618-WA0017.jpg","_links":{"self":[{"href":"https:\/\/contextoanalisisperiodistico.com\/index.php\/wp-json\/wp\/v2\/posts\/27678"}],"collection":[{"href":"https:\/\/contextoanalisisperiodistico.com\/index.php\/wp-json\/wp\/v2\/posts"}],"about":[{"href":"https:\/\/contextoanalisisperiodistico.com\/index.php\/wp-json\/wp\/v2\/types\/post"}],"author":[{"embeddable":true,"href":"https:\/\/contextoanalisisperiodistico.com\/index.php\/wp-json\/wp\/v2\/users\/4"}],"replies":[{"embeddable":true,"href":"https:\/\/contextoanalisisperiodistico.com\/index.php\/wp-json\/wp\/v2\/comments?post=27678"}],"version-history":[{"count":0,"href":"https:\/\/contextoanalisisperiodistico.com\/index.php\/wp-json\/wp\/v2\/posts\/27678\/revisions"}],"wp:featuredmedia":[{"embeddable":true,"href":"https:\/\/contextoanalisisperiodistico.com\/index.php\/wp-json\/wp\/v2\/media\/27672"}],"wp:attachment":[{"href":"https:\/\/contextoanalisisperiodistico.com\/index.php\/wp-json\/wp\/v2\/media?parent=27678"}],"wp:term":[{"taxonomy":"category","embeddable":true,"href":"https:\/\/contextoanalisisperiodistico.com\/index.php\/wp-json\/wp\/v2\/categories?post=27678"},{"taxonomy":"post_tag","embeddable":true,"href":"https:\/\/contextoanalisisperiodistico.com\/index.php\/wp-json\/wp\/v2\/tags?post=27678"}],"curies":[{"name":"wp","href":"https:\/\/api.w.org\/{rel}","templated":true}]}}