{"id":27663,"date":"2024-06-18T12:39:42","date_gmt":"2024-06-18T18:39:42","guid":{"rendered":"https:\/\/contextoanalisisperiodistico.com\/index.php\/2024\/06\/18\/refrenda-salomon-jara-compromiso-con-la-defensa-de-los-derechos-de-la-ninez-y-adolescencia\/"},"modified":"2024-06-18T12:39:42","modified_gmt":"2024-06-18T18:39:42","slug":"refrenda-salomon-jara-compromiso-con-la-defensa-de-los-derechos-de-la-ninez-y-adolescencia","status":"publish","type":"post","link":"https:\/\/contextoanalisisperiodistico.com\/index.php\/2024\/06\/18\/refrenda-salomon-jara-compromiso-con-la-defensa-de-los-derechos-de-la-ninez-y-adolescencia\/","title":{"rendered":"Refrenda Salom\u00f3n Jara compromiso con la defensa de los derechos de la ni\u00f1ez y adolescencia"},"content":{"rendered":"<div id=\"fb-root\"><\/div>\n\n<p>\u2022 El Mandatario estatal inaugur\u00f3 el Primer Encuentro de Procuradur\u00edas Municipales de Protecci\u00f3n de los Derechos de Ni\u00f1as, Ni\u00f1os y Adolescentes<br \/>Santa Luc\u00eda del Camino, Oax. 18 de junio de 2024. El Gobernador del Estado Salom\u00f3n Jara Cruz refrend\u00f3 su compromiso con la ni\u00f1ez y adolescencia oaxaque\u00f1a, para mantener su desarrollo integral en el centro del debate p\u00fablico.<\/p>\n\n\n\n<figure class=\"wp-block-image size-large\"><img fetchpriority=\"high\" decoding=\"async\" width=\"900\" height=\"599\" src=\"https:\/\/contextoanalisisperiodistico.com\/wp-content\/uploads\/2024\/06\/img-20240618-wa00065365365341031099927.jpg\" alt=\"\" class=\"wp-image-27660\" srcset=\"https:\/\/contextoanalisisperiodistico.com\/wp-content\/uploads\/2024\/06\/img-20240618-wa00065365365341031099927.jpg 900w, https:\/\/contextoanalisisperiodistico.com\/wp-content\/uploads\/2024\/06\/img-20240618-wa00065365365341031099927-300x200.jpg 300w, https:\/\/contextoanalisisperiodistico.com\/wp-content\/uploads\/2024\/06\/img-20240618-wa00065365365341031099927-768x511.jpg 768w\" sizes=\"(max-width: 900px) 100vw, 900px\" \/><\/figure>\n\n\n\n<figure class=\"wp-block-image\"><img decoding=\"async\" width=\"300\" height=\"200\" src=\"https:\/\/contextoanalisisperiodistico.com\/wp-content\/uploads\/2024\/06\/img-20240618-wa00092770084141571054374-300x200.jpg\" alt=\"\" class=\"wp-image-27658\" srcset=\"https:\/\/contextoanalisisperiodistico.com\/wp-content\/uploads\/2024\/06\/img-20240618-wa00092770084141571054374-300x200.jpg 300w, https:\/\/contextoanalisisperiodistico.com\/wp-content\/uploads\/2024\/06\/img-20240618-wa00092770084141571054374-768x512.jpg 768w, https:\/\/contextoanalisisperiodistico.com\/wp-content\/uploads\/2024\/06\/img-20240618-wa00092770084141571054374.jpg 900w\" sizes=\"(max-width: 300px) 100vw, 300px\" \/><\/figure>\n\n\n\n<figure class=\"wp-block-image\"><img decoding=\"async\" width=\"300\" height=\"200\" src=\"https:\/\/contextoanalisisperiodistico.com\/wp-content\/uploads\/2024\/06\/img-20240618-wa00078450065222923755680-300x200.jpg\" alt=\"\" class=\"wp-image-27661\" srcset=\"https:\/\/contextoanalisisperiodistico.com\/wp-content\/uploads\/2024\/06\/img-20240618-wa00078450065222923755680-300x200.jpg 300w, https:\/\/contextoanalisisperiodistico.com\/wp-content\/uploads\/2024\/06\/img-20240618-wa00078450065222923755680-768x512.jpg 768w, https:\/\/contextoanalisisperiodistico.com\/wp-content\/uploads\/2024\/06\/img-20240618-wa00078450065222923755680.jpg 900w\" sizes=\"(max-width: 300px) 100vw, 300px\" \/><\/figure>\n\n\n\n<figure class=\"wp-block-image\"><img loading=\"lazy\" decoding=\"async\" width=\"300\" height=\"200\" src=\"https:\/\/contextoanalisisperiodistico.com\/wp-content\/uploads\/2024\/06\/img-20240618-wa00058121402796576781031-300x200.jpg\" alt=\"\" class=\"wp-image-27657\" srcset=\"https:\/\/contextoanalisisperiodistico.com\/wp-content\/uploads\/2024\/06\/img-20240618-wa00058121402796576781031-300x200.jpg 300w, https:\/\/contextoanalisisperiodistico.com\/wp-content\/uploads\/2024\/06\/img-20240618-wa00058121402796576781031-768x512.jpg 768w, https:\/\/contextoanalisisperiodistico.com\/wp-content\/uploads\/2024\/06\/img-20240618-wa00058121402796576781031.jpg 900w\" sizes=\"(max-width: 300px) 100vw, 300px\" \/><\/figure>\n\n\n\n<figure class=\"wp-block-image\"><img loading=\"lazy\" decoding=\"async\" width=\"300\" height=\"200\" src=\"https:\/\/contextoanalisisperiodistico.com\/wp-content\/uploads\/2024\/06\/img-20240618-wa00027116455066222091944-300x200.jpg\" alt=\"\" class=\"wp-image-27659\" srcset=\"https:\/\/contextoanalisisperiodistico.com\/wp-content\/uploads\/2024\/06\/img-20240618-wa00027116455066222091944-300x200.jpg 300w, https:\/\/contextoanalisisperiodistico.com\/wp-content\/uploads\/2024\/06\/img-20240618-wa00027116455066222091944-768x512.jpg 768w, https:\/\/contextoanalisisperiodistico.com\/wp-content\/uploads\/2024\/06\/img-20240618-wa00027116455066222091944.jpg 900w\" sizes=\"(max-width: 300px) 100vw, 300px\" \/><\/figure>\n\n\n\n<figure class=\"wp-block-image\"><img loading=\"lazy\" decoding=\"async\" width=\"300\" height=\"200\" src=\"https:\/\/contextoanalisisperiodistico.com\/wp-content\/uploads\/2024\/06\/img-20240618-wa00043379792942800435967-300x200.jpg\" alt=\"\" class=\"wp-image-27662\" srcset=\"https:\/\/contextoanalisisperiodistico.com\/wp-content\/uploads\/2024\/06\/img-20240618-wa00043379792942800435967-300x200.jpg 300w, https:\/\/contextoanalisisperiodistico.com\/wp-content\/uploads\/2024\/06\/img-20240618-wa00043379792942800435967-768x512.jpg 768w, https:\/\/contextoanalisisperiodistico.com\/wp-content\/uploads\/2024\/06\/img-20240618-wa00043379792942800435967.jpg 900w\" sizes=\"(max-width: 300px) 100vw, 300px\" \/><\/figure>\n\n\n\n<p>Al inaugurar, junto a la Presidenta Honoraria del Sistema DIF Oaxaca, Irma Bola\u00f1os Quijano, el Primer Encuentro de Procuradur\u00edas Municipales de Protecci\u00f3n de los Derechos de Ni\u00f1as, Ni\u00f1os y Adolescentes, el titular del Poder Ejecutivo expres\u00f3 que desde el inicio de la Primavera Oaxaque\u00f1a su gobierno ha favorecido la acci\u00f3n coordinada con el gobierno federal y municipios para la creaci\u00f3n de mecanismos que permitan ampliar la atenci\u00f3n integral de la ni\u00f1ez y adolescencia en la entidad.<\/p>\n\n\n\n<p>Destac\u00f3 que la transformaci\u00f3n que vive Oaxaca se consolida por el quehacer de los derechos humanos, que es el eje que gu\u00eda la convivencia social y asegura el bienestar de las comunidades y los pueblos.<\/p>\n\n\n\n<p>\u201cNuestro gobierno se ha trazado el objetivo de garantizar a las ni\u00f1as, ni\u00f1os y adolescentes el ejercicio pleno de todos sus derechos, el libre desarrollo de sus personalidades y la consolidaci\u00f3n de su proyecto de vida, porque es en esta etapa temprana en la que nacen los sue\u00f1os y se asientan las esperanzas para edificar las bases de una nueva sociedad en la que la falta de oportunidades no sean los obst\u00e1culos que limiten el desarrollo de Oaxaca y M\u00e9xico\u201d.<\/p>\n\n\n\n<p>En este encuentro que cont\u00f3 con la presencia de procuradoras y procuradores municipales y estatales del pa\u00eds, Jara Cruz tom\u00f3 protesta a integrantes que conformar\u00e1n las procuradur\u00edas en San Juan \u00d1um\u00ed, San Juan Guelav\u00eda, San Francisco Ixhuat\u00e1n y Santa Mar\u00eda Colotepec, los primeros municipios que se rigen por sistemas normativos internos, a quienes convoc\u00f3 a integrar un gran frente para la salvaguarda de los derechos de la ni\u00f1ez y adolescencia.<\/p>\n\n\n\n<p>El Primer Encuentro de Procuradur\u00edas Municipales de Protecci\u00f3n de los Derechos de Ni\u00f1as, Ni\u00f1os y Adolescentes se llev\u00f3 a cabo con la finalidad de que exista una proximidad operativa a la sociedad y en especial a estos sectores, para operar con perspectiva de infancia, con personal capacitado para defender, garantizar y restituir los derechos de ni\u00f1as, ni\u00f1os y adolescentes de forma efectiva, inmediata y bajo un enfoque de derechos humanos.<\/p>\n\n\n\n<p>En su oportunidad, la titular del Sistema Nacional DIF Nuria Fern\u00e1ndez Espresate se\u00f1al\u00f3 que a la fecha hay m\u00e1s de mil procuradur\u00edas municipales; pero el desaf\u00edo es instalar estos \u00f3rganos en los 418 municipios regidos por sistemas normativos internos, y que estos respeten la tradici\u00f3n cultural y sea integrada al mecanismo por el que se rigen estas autoridades, sin violentarlo.<\/p>\n\n\n\n<p>Asimismo, el procurador federal de Protecci\u00f3n de Derechos de NNA, Oliver Casta\u00f1eda Correa reconoci\u00f3 al Gobierno de Oaxaca por su compromiso con el desarrollo de la ni\u00f1ez y adolescencia a trav\u00e9s de la implementaci\u00f3n de pol\u00edticas p\u00fablicas encaminadas a la transformaci\u00f3n social, cultural y de conciencia en beneficio de este sector. \u201cOaxaca es un estado que nos da una muestra excepcional de la labor que hace la comunidad en la integraci\u00f3n constante y cotidiana\u201d, dijo.<\/p>\n\n\n\n<p>Finalmente, la titular estatal de la Procuradur\u00eda para la Defensa de Ni\u00f1as, Ni\u00f1os y Adolescentes de Oaxaca (Prodennao) Yarib Hern\u00e1ndez Garc\u00eda, reconoci\u00f3 el compromiso de las autoridades municipales por hacer frente al reto que implica la instalaci\u00f3n de estos \u00f3rganos.<\/p>\n\n\n\n<p>-0-<\/p>\n","protected":false},"excerpt":{"rendered":"<p>\u2022 El Mandatario estatal inaugur\u00f3 el Primer Encuentro de Procuradur\u00edas Municipales de Protecci\u00f3n de los&#8230;<\/p>\n","protected":false},"author":4,"featured_media":27656,"comment_status":"","ping_status":"open","sticky":false,"template":"","format":"standard","meta":{"footnotes":""},"categories":[9],"tags":[],"jetpack_sharing_enabled":true,"featured_image_urls":{"full":["https:\/\/contextoanalisisperiodistico.com\/wp-content\/uploads\/2024\/06\/IMG-20240618-WA0003.jpg",900,600,false],"thumbnail":["https:\/\/contextoanalisisperiodistico.com\/wp-content\/uploads\/2024\/06\/IMG-20240618-WA0003-150x150.jpg",150,150,true],"medium":["https:\/\/contextoanalisisperiodistico.com\/wp-content\/uploads\/2024\/06\/IMG-20240618-WA0003-300x200.jpg",300,200,true],"medium_large":["https:\/\/contextoanalisisperiodistico.com\/wp-content\/uploads\/2024\/06\/IMG-20240618-WA0003-768x512.jpg",640,427,true],"large":["https:\/\/contextoanalisisperiodistico.com\/wp-content\/uploads\/2024\/06\/IMG-20240618-WA0003.jpg",640,427,false],"1536x1536":["https:\/\/contextoanalisisperiodistico.com\/wp-content\/uploads\/2024\/06\/IMG-20240618-WA0003.jpg",900,600,false],"2048x2048":["https:\/\/contextoanalisisperiodistico.com\/wp-content\/uploads\/2024\/06\/IMG-20240618-WA0003.jpg",900,600,false],"covernews-slider-full":["https:\/\/contextoanalisisperiodistico.com\/wp-content\/uploads\/2024\/06\/IMG-20240618-WA0003.jpg",900,600,false],"covernews-slider-center":["https:\/\/contextoanalisisperiodistico.com\/wp-content\/uploads\/2024\/06\/IMG-20240618-WA0003-800x500.jpg",800,500,true],"covernews-featured":["https:\/\/contextoanalisisperiodistico.com\/wp-content\/uploads\/2024\/06\/IMG-20240618-WA0003.jpg",900,600,false],"covernews-medium":["https:\/\/contextoanalisisperiodistico.com\/wp-content\/uploads\/2024\/06\/IMG-20240618-WA0003-540x340.jpg",540,340,true],"covernews-medium-square":["https:\/\/contextoanalisisperiodistico.com\/wp-content\/uploads\/2024\/06\/IMG-20240618-WA0003-400x250.jpg",400,250,true]},"author_info":{"display_name":"Mario Gir\u00f3n","author_link":"https:\/\/contextoanalisisperiodistico.com\/index.php\/author\/director\/"},"category_info":"<a href=\"https:\/\/contextoanalisisperiodistico.com\/index.php\/category\/politica\/\" rel=\"category tag\">Pol\u00edtica<\/a>","tag_info":"Pol\u00edtica","comment_count":"0","jetpack_featured_media_url":"https:\/\/contextoanalisisperiodistico.com\/wp-content\/uploads\/2024\/06\/IMG-20240618-WA0003.jpg","_links":{"self":[{"href":"https:\/\/contextoanalisisperiodistico.com\/index.php\/wp-json\/wp\/v2\/posts\/27663"}],"collection":[{"href":"https:\/\/contextoanalisisperiodistico.com\/index.php\/wp-json\/wp\/v2\/posts"}],"about":[{"href":"https:\/\/contextoanalisisperiodistico.com\/index.php\/wp-json\/wp\/v2\/types\/post"}],"author":[{"embeddable":true,"href":"https:\/\/contextoanalisisperiodistico.com\/index.php\/wp-json\/wp\/v2\/users\/4"}],"replies":[{"embeddable":true,"href":"https:\/\/contextoanalisisperiodistico.com\/index.php\/wp-json\/wp\/v2\/comments?post=27663"}],"version-history":[{"count":0,"href":"https:\/\/contextoanalisisperiodistico.com\/index.php\/wp-json\/wp\/v2\/posts\/27663\/revisions"}],"wp:featuredmedia":[{"embeddable":true,"href":"https:\/\/contextoanalisisperiodistico.com\/index.php\/wp-json\/wp\/v2\/media\/27656"}],"wp:attachment":[{"href":"https:\/\/contextoanalisisperiodistico.com\/index.php\/wp-json\/wp\/v2\/media?parent=27663"}],"wp:term":[{"taxonomy":"category","embeddable":true,"href":"https:\/\/contextoanalisisperiodistico.com\/index.php\/wp-json\/wp\/v2\/categories?post=27663"},{"taxonomy":"post_tag","embeddable":true,"href":"https:\/\/contextoanalisisperiodistico.com\/index.php\/wp-json\/wp\/v2\/tags?post=27663"}],"curies":[{"name":"wp","href":"https:\/\/api.w.org\/{rel}","templated":true}]}}