{"id":27592,"date":"2024-06-16T10:57:47","date_gmt":"2024-06-16T16:57:47","guid":{"rendered":"https:\/\/contextoanalisisperiodistico.com\/index.php\/2024\/06\/16\/delegacion-oaxaquena-suma-cuatro-medallas-de-oro-en-los-nacionales-conade-2024\/"},"modified":"2024-06-16T10:57:47","modified_gmt":"2024-06-16T16:57:47","slug":"delegacion-oaxaquena-suma-cuatro-medallas-de-oro-en-los-nacionales-conade-2024","status":"publish","type":"post","link":"https:\/\/contextoanalisisperiodistico.com\/index.php\/2024\/06\/16\/delegacion-oaxaquena-suma-cuatro-medallas-de-oro-en-los-nacionales-conade-2024\/","title":{"rendered":"Delegaci\u00f3n oaxaque\u00f1a suma cuatro medallas de oro en los Nacionales Conade 2024"},"content":{"rendered":"<div id=\"fb-root\"><\/div>\n\n<p>\u2022 La jornada cerr\u00f3 con un total de 20 medallas para la entidad a lo largo de la m\u00e1xima competencia del deporte amateur en M\u00e9xico<\/p>\n\n\n\n<figure class=\"wp-block-image size-large\"><img fetchpriority=\"high\" decoding=\"async\" width=\"576\" height=\"1024\" src=\"https:\/\/contextoanalisisperiodistico.com\/wp-content\/uploads\/2024\/06\/img-20240616-wa00263967612535772124759-576x1024.jpg\" alt=\"\" class=\"wp-image-27588\" srcset=\"https:\/\/contextoanalisisperiodistico.com\/wp-content\/uploads\/2024\/06\/img-20240616-wa00263967612535772124759-576x1024.jpg 576w, https:\/\/contextoanalisisperiodistico.com\/wp-content\/uploads\/2024\/06\/img-20240616-wa00263967612535772124759-169x300.jpg 169w, https:\/\/contextoanalisisperiodistico.com\/wp-content\/uploads\/2024\/06\/img-20240616-wa00263967612535772124759-768x1366.jpg 768w, https:\/\/contextoanalisisperiodistico.com\/wp-content\/uploads\/2024\/06\/img-20240616-wa00263967612535772124759-864x1536.jpg 864w, https:\/\/contextoanalisisperiodistico.com\/wp-content\/uploads\/2024\/06\/img-20240616-wa00263967612535772124759.jpg 899w\" sizes=\"(max-width: 576px) 100vw, 576px\" \/><\/figure>\n\n\n\n<figure class=\"wp-block-image\"><img decoding=\"async\" width=\"262\" height=\"300\" src=\"https:\/\/contextoanalisisperiodistico.com\/wp-content\/uploads\/2024\/06\/img-20240616-wa00235245462606025446351-262x300.jpg\" alt=\"\" class=\"wp-image-27587\" srcset=\"https:\/\/contextoanalisisperiodistico.com\/wp-content\/uploads\/2024\/06\/img-20240616-wa00235245462606025446351-262x300.jpg 262w, https:\/\/contextoanalisisperiodistico.com\/wp-content\/uploads\/2024\/06\/img-20240616-wa00235245462606025446351.jpg 738w\" sizes=\"(max-width: 262px) 100vw, 262px\" \/><\/figure>\n\n\n\n<figure class=\"wp-block-image\"><img decoding=\"async\" width=\"716\" height=\"1024\" src=\"https:\/\/contextoanalisisperiodistico.com\/wp-content\/uploads\/2024\/06\/img-20240616-wa00244202228362706025187-716x1024.jpg\" alt=\"\" class=\"wp-image-27589\" srcset=\"https:\/\/contextoanalisisperiodistico.com\/wp-content\/uploads\/2024\/06\/img-20240616-wa00244202228362706025187-716x1024.jpg 716w, https:\/\/contextoanalisisperiodistico.com\/wp-content\/uploads\/2024\/06\/img-20240616-wa00244202228362706025187-210x300.jpg 210w, https:\/\/contextoanalisisperiodistico.com\/wp-content\/uploads\/2024\/06\/img-20240616-wa00244202228362706025187-768x1099.jpg 768w, https:\/\/contextoanalisisperiodistico.com\/wp-content\/uploads\/2024\/06\/img-20240616-wa00244202228362706025187.jpg 899w\" sizes=\"(max-width: 716px) 100vw, 716px\" \/><\/figure>\n\n\n\n<figure class=\"wp-block-image\"><img loading=\"lazy\" decoding=\"async\" width=\"249\" height=\"300\" src=\"https:\/\/contextoanalisisperiodistico.com\/wp-content\/uploads\/2024\/06\/img-20240616-wa00226685490435318723399-249x300.jpg\" alt=\"\" class=\"wp-image-27590\" srcset=\"https:\/\/contextoanalisisperiodistico.com\/wp-content\/uploads\/2024\/06\/img-20240616-wa00226685490435318723399-249x300.jpg 249w, https:\/\/contextoanalisisperiodistico.com\/wp-content\/uploads\/2024\/06\/img-20240616-wa00226685490435318723399.jpg 738w\" sizes=\"(max-width: 249px) 100vw, 249px\" \/><\/figure>\n\n\n\n<figure class=\"wp-block-image\"><img loading=\"lazy\" decoding=\"async\" width=\"1024\" height=\"473\" src=\"https:\/\/contextoanalisisperiodistico.com\/wp-content\/uploads\/2024\/06\/img-20240616-wa00215860575825012055642-1024x473.jpg\" alt=\"\" class=\"wp-image-27591\" srcset=\"https:\/\/contextoanalisisperiodistico.com\/wp-content\/uploads\/2024\/06\/img-20240616-wa00215860575825012055642-1024x473.jpg 1024w, https:\/\/contextoanalisisperiodistico.com\/wp-content\/uploads\/2024\/06\/img-20240616-wa00215860575825012055642-300x139.jpg 300w, https:\/\/contextoanalisisperiodistico.com\/wp-content\/uploads\/2024\/06\/img-20240616-wa00215860575825012055642-768x355.jpg 768w, https:\/\/contextoanalisisperiodistico.com\/wp-content\/uploads\/2024\/06\/img-20240616-wa00215860575825012055642-1536x709.jpg 1536w, https:\/\/contextoanalisisperiodistico.com\/wp-content\/uploads\/2024\/06\/img-20240616-wa00215860575825012055642.jpg 1600w\" sizes=\"(max-width: 1024px) 100vw, 1024px\" \/><\/figure>\n\n\n\n<p>Oaxaca de Ju\u00e1rez, Oax. 16 de junio de 2024.- Oaxaca obtuvo cuatro medallas de oro m\u00e1s este s\u00e1bado en diversas disciplinas deportivas durante las Competencias Nacionales de la Comisi\u00f3n Nacional de Cultura F\u00edsica y Deporte (Conade) 2024.<\/p>\n\n\n\n<p>Emiliano Reyes e Ian Kenner Aguirre Guerrero obtuvieron la presea dorada en la disciplina de judo, que desarroll\u00f3 su encuentro en el Centro de Convenciones Campeche XXI, acompa\u00f1ados por su entrenador Juan Ines L\u00f3pez Izquierdo.<\/p>\n\n\n\n<p>En tanto, el Polideportivo del Consejo Estatal para el Fomento Deportivo (Code) Revoluci\u00f3n de Guadalajara, Jalisco, fue testigo del logro del atleta Edson Matus Castillo, quien consigui\u00f3 el primer lugar en lanzamiento de jabalina categor\u00eda sub 23, con una marca de 68.73 metros.<\/p>\n\n\n\n<p>En este mismo recinto, la fondista Mariel Salazar gan\u00f3 el metal dorado en la prueba de los 10 mil metros planos de la disciplina de atletismo, en un tiempo de 36 minutos y 10 segundos.<\/p>\n\n\n\n<p>Con ello, la delegaci\u00f3n oaxaque\u00f1a sum\u00f3 20 preseas al medallero de este a\u00f1o durante su participaci\u00f3n en las diversas disciplinas deportivas de la m\u00e1xima competencia amateur en M\u00e9xico.<\/p>\n\n\n\n<p>Con la promoci\u00f3n y apoyo al deporte, el Gobierno del Estado hace florecer la Primavera Oaxaque\u00f1a y genera un Estado de Bienestar en beneficio de la salud y acceso al deporte para la poblaci\u00f3n.<br \/>-0-<\/p>\n","protected":false},"excerpt":{"rendered":"<p>\u2022 La jornada cerr\u00f3 con un total de 20 medallas para la entidad a lo&#8230;<\/p>\n","protected":false},"author":4,"featured_media":27586,"comment_status":"","ping_status":"open","sticky":false,"template":"","format":"standard","meta":{"footnotes":""},"categories":[5],"tags":[],"jetpack_sharing_enabled":true,"featured_image_urls":{"full":["https:\/\/contextoanalisisperiodistico.com\/wp-content\/uploads\/2024\/06\/IMG-20240616-WA0025.jpg",1290,1113,false],"thumbnail":["https:\/\/contextoanalisisperiodistico.com\/wp-content\/uploads\/2024\/06\/IMG-20240616-WA0025-150x150.jpg",150,150,true],"medium":["https:\/\/contextoanalisisperiodistico.com\/wp-content\/uploads\/2024\/06\/IMG-20240616-WA0025-300x259.jpg",300,259,true],"medium_large":["https:\/\/contextoanalisisperiodistico.com\/wp-content\/uploads\/2024\/06\/IMG-20240616-WA0025-768x663.jpg",640,553,true],"large":["https:\/\/contextoanalisisperiodistico.com\/wp-content\/uploads\/2024\/06\/IMG-20240616-WA0025-1024x883.jpg",640,552,true],"1536x1536":["https:\/\/contextoanalisisperiodistico.com\/wp-content\/uploads\/2024\/06\/IMG-20240616-WA0025.jpg",1290,1113,false],"2048x2048":["https:\/\/contextoanalisisperiodistico.com\/wp-content\/uploads\/2024\/06\/IMG-20240616-WA0025.jpg",1290,1113,false],"covernews-slider-full":["https:\/\/contextoanalisisperiodistico.com\/wp-content\/uploads\/2024\/06\/IMG-20240616-WA0025-1115x715.jpg",1115,715,true],"covernews-slider-center":["https:\/\/contextoanalisisperiodistico.com\/wp-content\/uploads\/2024\/06\/IMG-20240616-WA0025-800x500.jpg",800,500,true],"covernews-featured":["https:\/\/contextoanalisisperiodistico.com\/wp-content\/uploads\/2024\/06\/IMG-20240616-WA0025-1024x883.jpg",1024,883,true],"covernews-medium":["https:\/\/contextoanalisisperiodistico.com\/wp-content\/uploads\/2024\/06\/IMG-20240616-WA0025-540x340.jpg",540,340,true],"covernews-medium-square":["https:\/\/contextoanalisisperiodistico.com\/wp-content\/uploads\/2024\/06\/IMG-20240616-WA0025-400x250.jpg",400,250,true]},"author_info":{"display_name":"Mario Gir\u00f3n","author_link":"https:\/\/contextoanalisisperiodistico.com\/index.php\/author\/director\/"},"category_info":"<a href=\"https:\/\/contextoanalisisperiodistico.com\/index.php\/category\/deportes\/\" rel=\"category tag\">Deportes<\/a>","tag_info":"Deportes","comment_count":"0","jetpack_featured_media_url":"https:\/\/contextoanalisisperiodistico.com\/wp-content\/uploads\/2024\/06\/IMG-20240616-WA0025.jpg","_links":{"self":[{"href":"https:\/\/contextoanalisisperiodistico.com\/index.php\/wp-json\/wp\/v2\/posts\/27592"}],"collection":[{"href":"https:\/\/contextoanalisisperiodistico.com\/index.php\/wp-json\/wp\/v2\/posts"}],"about":[{"href":"https:\/\/contextoanalisisperiodistico.com\/index.php\/wp-json\/wp\/v2\/types\/post"}],"author":[{"embeddable":true,"href":"https:\/\/contextoanalisisperiodistico.com\/index.php\/wp-json\/wp\/v2\/users\/4"}],"replies":[{"embeddable":true,"href":"https:\/\/contextoanalisisperiodistico.com\/index.php\/wp-json\/wp\/v2\/comments?post=27592"}],"version-history":[{"count":0,"href":"https:\/\/contextoanalisisperiodistico.com\/index.php\/wp-json\/wp\/v2\/posts\/27592\/revisions"}],"wp:featuredmedia":[{"embeddable":true,"href":"https:\/\/contextoanalisisperiodistico.com\/index.php\/wp-json\/wp\/v2\/media\/27586"}],"wp:attachment":[{"href":"https:\/\/contextoanalisisperiodistico.com\/index.php\/wp-json\/wp\/v2\/media?parent=27592"}],"wp:term":[{"taxonomy":"category","embeddable":true,"href":"https:\/\/contextoanalisisperiodistico.com\/index.php\/wp-json\/wp\/v2\/categories?post=27592"},{"taxonomy":"post_tag","embeddable":true,"href":"https:\/\/contextoanalisisperiodistico.com\/index.php\/wp-json\/wp\/v2\/tags?post=27592"}],"curies":[{"name":"wp","href":"https:\/\/api.w.org\/{rel}","templated":true}]}}