{"id":27585,"date":"2024-06-16T08:29:04","date_gmt":"2024-06-16T14:29:04","guid":{"rendered":"https:\/\/contextoanalisisperiodistico.com\/index.php\/2024\/06\/16\/lleva-cine-gob-la-magia-del-septimo-arte-a-santo-domingo-yanhuitlan\/"},"modified":"2024-06-16T08:29:04","modified_gmt":"2024-06-16T14:29:04","slug":"lleva-cine-gob-la-magia-del-septimo-arte-a-santo-domingo-yanhuitlan","status":"publish","type":"post","link":"https:\/\/contextoanalisisperiodistico.com\/index.php\/2024\/06\/16\/lleva-cine-gob-la-magia-del-septimo-arte-a-santo-domingo-yanhuitlan\/","title":{"rendered":"Lleva Cine Gob la magia del s\u00e9ptimo arte a Santo Domingo Yanhuitl\u00e1n"},"content":{"rendered":"<div id=\"fb-root\"><\/div>\n\n<p>\u2022 Del 15 al 23 de junio las familias de este municipio mixteco disfrutar\u00e1n de diversas pel\u00edculas<\/p>\n\n\n\n<figure class=\"wp-block-image size-large\"><img fetchpriority=\"high\" decoding=\"async\" width=\"1024\" height=\"682\" src=\"https:\/\/contextoanalisisperiodistico.com\/wp-content\/uploads\/2024\/06\/img-20240616-wa00055961722955740056949-1024x682.jpg\" alt=\"\" class=\"wp-image-27579\" srcset=\"https:\/\/contextoanalisisperiodistico.com\/wp-content\/uploads\/2024\/06\/img-20240616-wa00055961722955740056949-1024x682.jpg 1024w, https:\/\/contextoanalisisperiodistico.com\/wp-content\/uploads\/2024\/06\/img-20240616-wa00055961722955740056949-300x200.jpg 300w, https:\/\/contextoanalisisperiodistico.com\/wp-content\/uploads\/2024\/06\/img-20240616-wa00055961722955740056949-768x512.jpg 768w, https:\/\/contextoanalisisperiodistico.com\/wp-content\/uploads\/2024\/06\/img-20240616-wa00055961722955740056949-1536x1023.jpg 1536w, https:\/\/contextoanalisisperiodistico.com\/wp-content\/uploads\/2024\/06\/img-20240616-wa00055961722955740056949.jpg 1600w\" sizes=\"(max-width: 1024px) 100vw, 1024px\" \/><\/figure>\n\n\n\n<figure class=\"wp-block-image\"><img decoding=\"async\" width=\"1024\" height=\"682\" src=\"https:\/\/contextoanalisisperiodistico.com\/wp-content\/uploads\/2024\/06\/img-20240616-wa00043775057184979361829-1024x682.jpg\" alt=\"\" class=\"wp-image-27578\" srcset=\"https:\/\/contextoanalisisperiodistico.com\/wp-content\/uploads\/2024\/06\/img-20240616-wa00043775057184979361829-1024x682.jpg 1024w, https:\/\/contextoanalisisperiodistico.com\/wp-content\/uploads\/2024\/06\/img-20240616-wa00043775057184979361829-300x200.jpg 300w, https:\/\/contextoanalisisperiodistico.com\/wp-content\/uploads\/2024\/06\/img-20240616-wa00043775057184979361829-768x512.jpg 768w, https:\/\/contextoanalisisperiodistico.com\/wp-content\/uploads\/2024\/06\/img-20240616-wa00043775057184979361829-1536x1023.jpg 1536w, https:\/\/contextoanalisisperiodistico.com\/wp-content\/uploads\/2024\/06\/img-20240616-wa00043775057184979361829.jpg 1600w\" sizes=\"(max-width: 1024px) 100vw, 1024px\" \/><\/figure>\n\n\n\n<figure class=\"wp-block-image\"><img decoding=\"async\" width=\"1024\" height=\"682\" src=\"https:\/\/contextoanalisisperiodistico.com\/wp-content\/uploads\/2024\/06\/img-20240616-wa00014541290455060637573-1024x682.jpg\" alt=\"\" class=\"wp-image-27577\" srcset=\"https:\/\/contextoanalisisperiodistico.com\/wp-content\/uploads\/2024\/06\/img-20240616-wa00014541290455060637573-1024x682.jpg 1024w, https:\/\/contextoanalisisperiodistico.com\/wp-content\/uploads\/2024\/06\/img-20240616-wa00014541290455060637573-300x200.jpg 300w, https:\/\/contextoanalisisperiodistico.com\/wp-content\/uploads\/2024\/06\/img-20240616-wa00014541290455060637573-768x512.jpg 768w, https:\/\/contextoanalisisperiodistico.com\/wp-content\/uploads\/2024\/06\/img-20240616-wa00014541290455060637573-1536x1023.jpg 1536w, https:\/\/contextoanalisisperiodistico.com\/wp-content\/uploads\/2024\/06\/img-20240616-wa00014541290455060637573.jpg 1600w\" sizes=\"(max-width: 1024px) 100vw, 1024px\" \/><\/figure>\n\n\n\n<figure class=\"wp-block-image\"><img loading=\"lazy\" decoding=\"async\" width=\"1024\" height=\"682\" src=\"https:\/\/contextoanalisisperiodistico.com\/wp-content\/uploads\/2024\/06\/img-20240616-wa00065136341455537611247-1024x682.jpg\" alt=\"\" class=\"wp-image-27581\" srcset=\"https:\/\/contextoanalisisperiodistico.com\/wp-content\/uploads\/2024\/06\/img-20240616-wa00065136341455537611247-1024x682.jpg 1024w, https:\/\/contextoanalisisperiodistico.com\/wp-content\/uploads\/2024\/06\/img-20240616-wa00065136341455537611247-300x200.jpg 300w, https:\/\/contextoanalisisperiodistico.com\/wp-content\/uploads\/2024\/06\/img-20240616-wa00065136341455537611247-768x512.jpg 768w, https:\/\/contextoanalisisperiodistico.com\/wp-content\/uploads\/2024\/06\/img-20240616-wa00065136341455537611247-1536x1023.jpg 1536w, https:\/\/contextoanalisisperiodistico.com\/wp-content\/uploads\/2024\/06\/img-20240616-wa00065136341455537611247.jpg 1600w\" sizes=\"(max-width: 1024px) 100vw, 1024px\" \/><\/figure>\n\n\n\n<figure class=\"wp-block-image\"><img loading=\"lazy\" decoding=\"async\" width=\"1024\" height=\"682\" src=\"https:\/\/contextoanalisisperiodistico.com\/wp-content\/uploads\/2024\/06\/img-20240616-wa00074571285252661610622-1024x682.jpg\" alt=\"\" class=\"wp-image-27580\" srcset=\"https:\/\/contextoanalisisperiodistico.com\/wp-content\/uploads\/2024\/06\/img-20240616-wa00074571285252661610622-1024x682.jpg 1024w, https:\/\/contextoanalisisperiodistico.com\/wp-content\/uploads\/2024\/06\/img-20240616-wa00074571285252661610622-300x200.jpg 300w, https:\/\/contextoanalisisperiodistico.com\/wp-content\/uploads\/2024\/06\/img-20240616-wa00074571285252661610622-768x512.jpg 768w, https:\/\/contextoanalisisperiodistico.com\/wp-content\/uploads\/2024\/06\/img-20240616-wa00074571285252661610622-1536x1023.jpg 1536w, https:\/\/contextoanalisisperiodistico.com\/wp-content\/uploads\/2024\/06\/img-20240616-wa00074571285252661610622.jpg 1600w\" sizes=\"(max-width: 1024px) 100vw, 1024px\" \/><\/figure>\n\n\n\n<figure class=\"wp-block-image\"><img loading=\"lazy\" decoding=\"async\" width=\"1024\" height=\"682\" src=\"https:\/\/contextoanalisisperiodistico.com\/wp-content\/uploads\/2024\/06\/img-20240616-wa00104888930174954730215-1024x682.jpg\" alt=\"\" class=\"wp-image-27584\" srcset=\"https:\/\/contextoanalisisperiodistico.com\/wp-content\/uploads\/2024\/06\/img-20240616-wa00104888930174954730215-1024x682.jpg 1024w, https:\/\/contextoanalisisperiodistico.com\/wp-content\/uploads\/2024\/06\/img-20240616-wa00104888930174954730215-300x200.jpg 300w, https:\/\/contextoanalisisperiodistico.com\/wp-content\/uploads\/2024\/06\/img-20240616-wa00104888930174954730215-768x512.jpg 768w, https:\/\/contextoanalisisperiodistico.com\/wp-content\/uploads\/2024\/06\/img-20240616-wa00104888930174954730215-1536x1023.jpg 1536w, https:\/\/contextoanalisisperiodistico.com\/wp-content\/uploads\/2024\/06\/img-20240616-wa00104888930174954730215.jpg 1600w\" sizes=\"(max-width: 1024px) 100vw, 1024px\" \/><\/figure>\n\n\n\n<figure class=\"wp-block-image\"><img loading=\"lazy\" decoding=\"async\" width=\"1024\" height=\"682\" src=\"https:\/\/contextoanalisisperiodistico.com\/wp-content\/uploads\/2024\/06\/img-20240616-wa00095808966807166520121-1024x682.jpg\" alt=\"\" class=\"wp-image-27582\" srcset=\"https:\/\/contextoanalisisperiodistico.com\/wp-content\/uploads\/2024\/06\/img-20240616-wa00095808966807166520121-1024x682.jpg 1024w, https:\/\/contextoanalisisperiodistico.com\/wp-content\/uploads\/2024\/06\/img-20240616-wa00095808966807166520121-300x200.jpg 300w, https:\/\/contextoanalisisperiodistico.com\/wp-content\/uploads\/2024\/06\/img-20240616-wa00095808966807166520121-768x512.jpg 768w, https:\/\/contextoanalisisperiodistico.com\/wp-content\/uploads\/2024\/06\/img-20240616-wa00095808966807166520121-1536x1023.jpg 1536w, https:\/\/contextoanalisisperiodistico.com\/wp-content\/uploads\/2024\/06\/img-20240616-wa00095808966807166520121.jpg 1600w\" sizes=\"(max-width: 1024px) 100vw, 1024px\" \/><\/figure>\n\n\n\n<figure class=\"wp-block-image\"><img loading=\"lazy\" decoding=\"async\" width=\"1024\" height=\"682\" src=\"https:\/\/contextoanalisisperiodistico.com\/wp-content\/uploads\/2024\/06\/img-20240616-wa00083393323166582948378-1024x682.jpg\" alt=\"\" class=\"wp-image-27583\" srcset=\"https:\/\/contextoanalisisperiodistico.com\/wp-content\/uploads\/2024\/06\/img-20240616-wa00083393323166582948378-1024x682.jpg 1024w, https:\/\/contextoanalisisperiodistico.com\/wp-content\/uploads\/2024\/06\/img-20240616-wa00083393323166582948378-300x200.jpg 300w, https:\/\/contextoanalisisperiodistico.com\/wp-content\/uploads\/2024\/06\/img-20240616-wa00083393323166582948378-768x512.jpg 768w, https:\/\/contextoanalisisperiodistico.com\/wp-content\/uploads\/2024\/06\/img-20240616-wa00083393323166582948378-1536x1023.jpg 1536w, https:\/\/contextoanalisisperiodistico.com\/wp-content\/uploads\/2024\/06\/img-20240616-wa00083393323166582948378.jpg 1600w\" sizes=\"(max-width: 1024px) 100vw, 1024px\" \/><\/figure>\n\n\n\n<p>\u2022 Cerca de 70 mil personas han sido beneficiadas con este programa de la Coordinaci\u00f3n de Comunicaci\u00f3n Social del Gobierno del Estado<\/p>\n\n\n\n<p>Santo Domingo Yanhuitl\u00e1n, Oax. 15 de junio de 2024.- La magia del s\u00e9ptimo arte lleg\u00f3 este fin de semana al municipio de Santo Domingo Yanhuitl\u00e1n en la regi\u00f3n Mixteca, a trav\u00e9s del programa Cine Gob que impulsa la Coordinaci\u00f3n de Comunicaci\u00f3n Social del Gobierno del Estado.<\/p>\n\n\n\n<p>El objetivo del esquema es promover el derecho a la recreaci\u00f3n y sano esparcimiento entre ni\u00f1as, ni\u00f1os y adolescentes, as\u00ed como personas adultas y personas con discapacidad.<\/p>\n\n\n\n<p>La coordinadora de Comunicaci\u00f3n Social Elizabeth \u00c1lvarez Acosta resalt\u00f3 la importancia de acercar este tipo de proyectos a las infancias, ya que el cine es un medio educativo que forma e informa de manera l\u00fadica.<\/p>\n\n\n\n<p>Acompa\u00f1ada del presidente municipal de Santo Domingo Yanhuitl\u00e1n, Ra\u00fal Ruiz Ramos, la titular de la Coordinaci\u00f3n de Comunicaci\u00f3n Social afirm\u00f3 que acercar el Cine Gob a las diferentes regiones del estado da seguimiento al Eje El Inter\u00e9s Superior de los Ni\u00f1os, Ni\u00f1as y Adolescentes que promueve la Primavera Oaxaque\u00f1a.<\/p>\n\n\n\n<p>A la fecha este cinem\u00f3vil ha recorrido 33 municipalidades, en las que se han favorecido a m\u00e1s 70 mil personas, entre ellas 50 mil ni\u00f1as y ni\u00f1os que han tenido la oportunidad de vivir la experiencia de este proyecto.<\/p>\n\n\n\n<p>La unidad m\u00f3vil se ubica frente al Palacio Municipal de Santo Domingo Yanhuitl\u00e1n con funciones gratuitas del 15 al 23 de junio, a partir de las 10:00 horas de martes a viernes y de las 12:00 horas los s\u00e1bados y domingos.<\/p>\n\n\n\n<p>Este espacio cuenta con 91 asientos, una pantalla de proyecci\u00f3n, equipo de sonido, ba\u00f1os, acceso para personas con discapacidad y posee su propio generador de energ\u00eda. El cat\u00e1logo de pel\u00edculas se compone de 30 cintas dirigidas a ni\u00f1as, ni\u00f1os, adolescentes y personas adultas.<br \/>-0-<\/p>\n","protected":false},"excerpt":{"rendered":"<p>\u2022 Del 15 al 23 de junio las familias de este municipio mixteco disfrutar\u00e1n de&#8230;<\/p>\n","protected":false},"author":4,"featured_media":27576,"comment_status":"","ping_status":"open","sticky":false,"template":"","format":"standard","meta":{"footnotes":""},"categories":[9],"tags":[],"jetpack_sharing_enabled":true,"featured_image_urls":{"full":["https:\/\/contextoanalisisperiodistico.com\/wp-content\/uploads\/2024\/06\/IMG-20240616-WA0002.jpg",1600,1066,false],"thumbnail":["https:\/\/contextoanalisisperiodistico.com\/wp-content\/uploads\/2024\/06\/IMG-20240616-WA0002-150x150.jpg",150,150,true],"medium":["https:\/\/contextoanalisisperiodistico.com\/wp-content\/uploads\/2024\/06\/IMG-20240616-WA0002-300x200.jpg",300,200,true],"medium_large":["https:\/\/contextoanalisisperiodistico.com\/wp-content\/uploads\/2024\/06\/IMG-20240616-WA0002-768x512.jpg",640,427,true],"large":["https:\/\/contextoanalisisperiodistico.com\/wp-content\/uploads\/2024\/06\/IMG-20240616-WA0002-1024x682.jpg",640,426,true],"1536x1536":["https:\/\/contextoanalisisperiodistico.com\/wp-content\/uploads\/2024\/06\/IMG-20240616-WA0002-1536x1023.jpg",1536,1023,true],"2048x2048":["https:\/\/contextoanalisisperiodistico.com\/wp-content\/uploads\/2024\/06\/IMG-20240616-WA0002.jpg",1600,1066,false],"covernews-slider-full":["https:\/\/contextoanalisisperiodistico.com\/wp-content\/uploads\/2024\/06\/IMG-20240616-WA0002-1115x715.jpg",1115,715,true],"covernews-slider-center":["https:\/\/contextoanalisisperiodistico.com\/wp-content\/uploads\/2024\/06\/IMG-20240616-WA0002-800x500.jpg",800,500,true],"covernews-featured":["https:\/\/contextoanalisisperiodistico.com\/wp-content\/uploads\/2024\/06\/IMG-20240616-WA0002-1024x682.jpg",1024,682,true],"covernews-medium":["https:\/\/contextoanalisisperiodistico.com\/wp-content\/uploads\/2024\/06\/IMG-20240616-WA0002-540x340.jpg",540,340,true],"covernews-medium-square":["https:\/\/contextoanalisisperiodistico.com\/wp-content\/uploads\/2024\/06\/IMG-20240616-WA0002-400x250.jpg",400,250,true]},"author_info":{"display_name":"Mario Gir\u00f3n","author_link":"https:\/\/contextoanalisisperiodistico.com\/index.php\/author\/director\/"},"category_info":"<a href=\"https:\/\/contextoanalisisperiodistico.com\/index.php\/category\/politica\/\" rel=\"category tag\">Pol\u00edtica<\/a>","tag_info":"Pol\u00edtica","comment_count":"0","jetpack_featured_media_url":"https:\/\/contextoanalisisperiodistico.com\/wp-content\/uploads\/2024\/06\/IMG-20240616-WA0002.jpg","_links":{"self":[{"href":"https:\/\/contextoanalisisperiodistico.com\/index.php\/wp-json\/wp\/v2\/posts\/27585"}],"collection":[{"href":"https:\/\/contextoanalisisperiodistico.com\/index.php\/wp-json\/wp\/v2\/posts"}],"about":[{"href":"https:\/\/contextoanalisisperiodistico.com\/index.php\/wp-json\/wp\/v2\/types\/post"}],"author":[{"embeddable":true,"href":"https:\/\/contextoanalisisperiodistico.com\/index.php\/wp-json\/wp\/v2\/users\/4"}],"replies":[{"embeddable":true,"href":"https:\/\/contextoanalisisperiodistico.com\/index.php\/wp-json\/wp\/v2\/comments?post=27585"}],"version-history":[{"count":0,"href":"https:\/\/contextoanalisisperiodistico.com\/index.php\/wp-json\/wp\/v2\/posts\/27585\/revisions"}],"wp:featuredmedia":[{"embeddable":true,"href":"https:\/\/contextoanalisisperiodistico.com\/index.php\/wp-json\/wp\/v2\/media\/27576"}],"wp:attachment":[{"href":"https:\/\/contextoanalisisperiodistico.com\/index.php\/wp-json\/wp\/v2\/media?parent=27585"}],"wp:term":[{"taxonomy":"category","embeddable":true,"href":"https:\/\/contextoanalisisperiodistico.com\/index.php\/wp-json\/wp\/v2\/categories?post=27585"},{"taxonomy":"post_tag","embeddable":true,"href":"https:\/\/contextoanalisisperiodistico.com\/index.php\/wp-json\/wp\/v2\/tags?post=27585"}],"curies":[{"name":"wp","href":"https:\/\/api.w.org\/{rel}","templated":true}]}}