{"id":27575,"date":"2024-06-15T19:52:43","date_gmt":"2024-06-16T01:52:43","guid":{"rendered":"https:\/\/contextoanalisisperiodistico.com\/index.php\/2024\/06\/15\/controlado-en-su-totalidad-complejo-de-incendios-forestales-en-la-sierra-de-flores-magon\/"},"modified":"2024-06-15T19:52:43","modified_gmt":"2024-06-16T01:52:43","slug":"controlado-en-su-totalidad-complejo-de-incendios-forestales-en-la-sierra-de-flores-magon","status":"publish","type":"post","link":"https:\/\/contextoanalisisperiodistico.com\/index.php\/2024\/06\/15\/controlado-en-su-totalidad-complejo-de-incendios-forestales-en-la-sierra-de-flores-magon\/","title":{"rendered":"Controlado en su totalidad complejo de incendios forestales en la Sierra de Flores Mag\u00f3n"},"content":{"rendered":"<div id=\"fb-root\"><\/div>\n\n<p>\u2022 Este s\u00e1bado se entreg\u00f3 el \u00faltimo incendio que se encontraba activo en la regi\u00f3n<\/p>\n\n\n\n<figure class=\"wp-block-image size-large\"><img fetchpriority=\"high\" decoding=\"async\" width=\"1024\" height=\"768\" src=\"https:\/\/contextoanalisisperiodistico.com\/wp-content\/uploads\/2024\/06\/img-20240615-wa0051675154993328764777-1024x768.jpg\" alt=\"\" class=\"wp-image-27570\" srcset=\"https:\/\/contextoanalisisperiodistico.com\/wp-content\/uploads\/2024\/06\/img-20240615-wa0051675154993328764777-1024x768.jpg 1024w, https:\/\/contextoanalisisperiodistico.com\/wp-content\/uploads\/2024\/06\/img-20240615-wa0051675154993328764777-300x225.jpg 300w, https:\/\/contextoanalisisperiodistico.com\/wp-content\/uploads\/2024\/06\/img-20240615-wa0051675154993328764777-768x576.jpg 768w, https:\/\/contextoanalisisperiodistico.com\/wp-content\/uploads\/2024\/06\/img-20240615-wa0051675154993328764777-1536x1152.jpg 1536w, https:\/\/contextoanalisisperiodistico.com\/wp-content\/uploads\/2024\/06\/img-20240615-wa0051675154993328764777.jpg 1600w\" sizes=\"(max-width: 1024px) 100vw, 1024px\" \/><\/figure>\n\n\n\n<figure class=\"wp-block-image\"><img decoding=\"async\" width=\"1024\" height=\"768\" src=\"https:\/\/contextoanalisisperiodistico.com\/wp-content\/uploads\/2024\/06\/img-20240615-wa00562745319174206609368-1024x768.jpg\" alt=\"\" class=\"wp-image-27567\" srcset=\"https:\/\/contextoanalisisperiodistico.com\/wp-content\/uploads\/2024\/06\/img-20240615-wa00562745319174206609368-1024x768.jpg 1024w, https:\/\/contextoanalisisperiodistico.com\/wp-content\/uploads\/2024\/06\/img-20240615-wa00562745319174206609368-300x225.jpg 300w, https:\/\/contextoanalisisperiodistico.com\/wp-content\/uploads\/2024\/06\/img-20240615-wa00562745319174206609368-768x576.jpg 768w, https:\/\/contextoanalisisperiodistico.com\/wp-content\/uploads\/2024\/06\/img-20240615-wa00562745319174206609368-1536x1152.jpg 1536w, https:\/\/contextoanalisisperiodistico.com\/wp-content\/uploads\/2024\/06\/img-20240615-wa00562745319174206609368.jpg 1600w\" sizes=\"(max-width: 1024px) 100vw, 1024px\" \/><\/figure>\n\n\n\n<figure class=\"wp-block-image\"><img decoding=\"async\" width=\"1024\" height=\"768\" src=\"https:\/\/contextoanalisisperiodistico.com\/wp-content\/uploads\/2024\/06\/img-20240615-wa00491933526577774969743-1024x768.jpg\" alt=\"\" class=\"wp-image-27568\" srcset=\"https:\/\/contextoanalisisperiodistico.com\/wp-content\/uploads\/2024\/06\/img-20240615-wa00491933526577774969743-1024x768.jpg 1024w, https:\/\/contextoanalisisperiodistico.com\/wp-content\/uploads\/2024\/06\/img-20240615-wa00491933526577774969743-300x225.jpg 300w, https:\/\/contextoanalisisperiodistico.com\/wp-content\/uploads\/2024\/06\/img-20240615-wa00491933526577774969743-768x576.jpg 768w, https:\/\/contextoanalisisperiodistico.com\/wp-content\/uploads\/2024\/06\/img-20240615-wa00491933526577774969743-1536x1152.jpg 1536w, https:\/\/contextoanalisisperiodistico.com\/wp-content\/uploads\/2024\/06\/img-20240615-wa00491933526577774969743.jpg 1600w\" sizes=\"(max-width: 1024px) 100vw, 1024px\" \/><\/figure>\n\n\n\n<figure class=\"wp-block-image\"><img loading=\"lazy\" decoding=\"async\" width=\"1024\" height=\"461\" src=\"https:\/\/contextoanalisisperiodistico.com\/wp-content\/uploads\/2024\/06\/img-20240615-wa00524672726881824822410-1024x461.jpg\" alt=\"\" class=\"wp-image-27566\" srcset=\"https:\/\/contextoanalisisperiodistico.com\/wp-content\/uploads\/2024\/06\/img-20240615-wa00524672726881824822410-1024x461.jpg 1024w, https:\/\/contextoanalisisperiodistico.com\/wp-content\/uploads\/2024\/06\/img-20240615-wa00524672726881824822410-300x135.jpg 300w, https:\/\/contextoanalisisperiodistico.com\/wp-content\/uploads\/2024\/06\/img-20240615-wa00524672726881824822410-768x346.jpg 768w, https:\/\/contextoanalisisperiodistico.com\/wp-content\/uploads\/2024\/06\/img-20240615-wa00524672726881824822410.jpg 1040w\" sizes=\"(max-width: 1024px) 100vw, 1024px\" \/><\/figure>\n\n\n\n<figure class=\"wp-block-image\"><img loading=\"lazy\" decoding=\"async\" width=\"1024\" height=\"461\" src=\"https:\/\/contextoanalisisperiodistico.com\/wp-content\/uploads\/2024\/06\/img-20240615-wa0053593876359057011037-1024x461.jpg\" alt=\"\" class=\"wp-image-27569\" srcset=\"https:\/\/contextoanalisisperiodistico.com\/wp-content\/uploads\/2024\/06\/img-20240615-wa0053593876359057011037-1024x461.jpg 1024w, https:\/\/contextoanalisisperiodistico.com\/wp-content\/uploads\/2024\/06\/img-20240615-wa0053593876359057011037-300x135.jpg 300w, https:\/\/contextoanalisisperiodistico.com\/wp-content\/uploads\/2024\/06\/img-20240615-wa0053593876359057011037-768x346.jpg 768w, https:\/\/contextoanalisisperiodistico.com\/wp-content\/uploads\/2024\/06\/img-20240615-wa0053593876359057011037.jpg 1280w\" sizes=\"(max-width: 1024px) 100vw, 1024px\" \/><\/figure>\n\n\n\n<figure class=\"wp-block-image\"><img loading=\"lazy\" decoding=\"async\" width=\"1024\" height=\"576\" src=\"https:\/\/contextoanalisisperiodistico.com\/wp-content\/uploads\/2024\/06\/img-20240615-wa00544460505493403146347-1024x576.jpg\" alt=\"\" class=\"wp-image-27571\" srcset=\"https:\/\/contextoanalisisperiodistico.com\/wp-content\/uploads\/2024\/06\/img-20240615-wa00544460505493403146347-1024x576.jpg 1024w, https:\/\/contextoanalisisperiodistico.com\/wp-content\/uploads\/2024\/06\/img-20240615-wa00544460505493403146347-300x169.jpg 300w, https:\/\/contextoanalisisperiodistico.com\/wp-content\/uploads\/2024\/06\/img-20240615-wa00544460505493403146347-768x432.jpg 768w, https:\/\/contextoanalisisperiodistico.com\/wp-content\/uploads\/2024\/06\/img-20240615-wa00544460505493403146347.jpg 1280w\" sizes=\"(max-width: 1024px) 100vw, 1024px\" \/><\/figure>\n\n\n\n<figure class=\"wp-block-image\"><img loading=\"lazy\" decoding=\"async\" width=\"1024\" height=\"768\" src=\"https:\/\/contextoanalisisperiodistico.com\/wp-content\/uploads\/2024\/06\/img-20240615-wa00578223740349336522972-1024x768.jpg\" alt=\"\" class=\"wp-image-27572\" srcset=\"https:\/\/contextoanalisisperiodistico.com\/wp-content\/uploads\/2024\/06\/img-20240615-wa00578223740349336522972-1024x768.jpg 1024w, https:\/\/contextoanalisisperiodistico.com\/wp-content\/uploads\/2024\/06\/img-20240615-wa00578223740349336522972-300x225.jpg 300w, https:\/\/contextoanalisisperiodistico.com\/wp-content\/uploads\/2024\/06\/img-20240615-wa00578223740349336522972-768x576.jpg 768w, https:\/\/contextoanalisisperiodistico.com\/wp-content\/uploads\/2024\/06\/img-20240615-wa00578223740349336522972-1536x1152.jpg 1536w, https:\/\/contextoanalisisperiodistico.com\/wp-content\/uploads\/2024\/06\/img-20240615-wa00578223740349336522972.jpg 1600w\" sizes=\"(max-width: 1024px) 100vw, 1024px\" \/><\/figure>\n\n\n\n<figure class=\"wp-block-image\"><img loading=\"lazy\" decoding=\"async\" width=\"1024\" height=\"768\" src=\"https:\/\/contextoanalisisperiodistico.com\/wp-content\/uploads\/2024\/06\/img-20240615-wa00552295148833463389501-1024x768.jpg\" alt=\"\" class=\"wp-image-27574\" srcset=\"https:\/\/contextoanalisisperiodistico.com\/wp-content\/uploads\/2024\/06\/img-20240615-wa00552295148833463389501-1024x768.jpg 1024w, https:\/\/contextoanalisisperiodistico.com\/wp-content\/uploads\/2024\/06\/img-20240615-wa00552295148833463389501-300x225.jpg 300w, https:\/\/contextoanalisisperiodistico.com\/wp-content\/uploads\/2024\/06\/img-20240615-wa00552295148833463389501-768x576.jpg 768w, https:\/\/contextoanalisisperiodistico.com\/wp-content\/uploads\/2024\/06\/img-20240615-wa00552295148833463389501.jpg 1280w\" sizes=\"(max-width: 1024px) 100vw, 1024px\" \/><\/figure>\n\n\n\n<figure class=\"wp-block-image\"><img loading=\"lazy\" decoding=\"async\" width=\"1024\" height=\"759\" src=\"https:\/\/contextoanalisisperiodistico.com\/wp-content\/uploads\/2024\/06\/img-20240615-wa00585036304160038432683-1024x759.jpg\" alt=\"\" class=\"wp-image-27573\" srcset=\"https:\/\/contextoanalisisperiodistico.com\/wp-content\/uploads\/2024\/06\/img-20240615-wa00585036304160038432683-1024x759.jpg 1024w, https:\/\/contextoanalisisperiodistico.com\/wp-content\/uploads\/2024\/06\/img-20240615-wa00585036304160038432683-300x223.jpg 300w, https:\/\/contextoanalisisperiodistico.com\/wp-content\/uploads\/2024\/06\/img-20240615-wa00585036304160038432683-768x570.jpg 768w, https:\/\/contextoanalisisperiodistico.com\/wp-content\/uploads\/2024\/06\/img-20240615-wa00585036304160038432683.jpg 1080w\" sizes=\"(max-width: 1024px) 100vw, 1024px\" \/><\/figure>\n\n\n\n<p>\u2022 Se llegaron a presentar hasta 12 conflagraciones en diferentes municipios de la zona<\/p>\n\n\n\n<p>Oaxaca de Ju\u00e1rez, Oax. 15 de junio de 2024.- La Comisi\u00f3n Estatal Forestal (Coesfo) report\u00f3 que este s\u00e1bado fue controlado en su totalidad el \u00faltimo incendio activo en el complejo de incendios forestales registrado en la Sierra de Flores Mag\u00f3n.<\/p>\n\n\n\n<p>Record\u00f3 que dicho complejo se conformaba por 12 incendios forestales activos en la regi\u00f3n, afectando a su paso municipios como San Jos\u00e9 Tenango, Huautla de Jim\u00e9nez, Santa Mar\u00eda Chilchotla, San Andr\u00e9s Teotil\u00e1lpam, Santa Mar\u00eda La Asunci\u00f3n, Santa Cruz Acatepec, Huautepec, San Pedro Teutila y Santa Mar\u00eda Tlalixtac.<\/p>\n\n\n\n<p>Cabe destacar que cada uno de estos incendios fue atendido por la Coesfo a trav\u00e9s de las brigadas San Juan Bautista Cuicatl\u00e1n, Corral de Piedra, San Isidro Huayapam, San Juan Lajarcia, Tlalixtac de Cabrera y El Vidrio llegando a atender de dos a tres incendios cada una e ingresando al siguiente incendio posterior a controlar el anterior.<\/p>\n\n\n\n<p>El organismo record\u00f3 que para atender las conflagraciones se aplic\u00f3 una fuerza de tarea en combate terrestre de brigadas de la Comisi\u00f3n Nacional Forestal (Conafor), Comisi\u00f3n Estatal Forestal (Coesfo), Secretar\u00eda de la Defensa Nacional (Sedena) y Guardia Nacional (GN), quienes combatieron directa e indirectamente el fuego a trav\u00e9s de brechas cortafuego, contrafuego, adem\u00e1s de labores de liquidaci\u00f3n.<\/p>\n\n\n\n<p>Asimismo, para el incendio en San Jos\u00e9 Tenango se sumaron a las labores a\u00e9reas con el apoyo de una aeronave de la Secretar\u00eda de la Defensa Nacional con la que se realizaron descargas a\u00e9reas de agua con la finalidad de apoyar con las labores de enfriamiento de los frentes activos del incendio, sobrevuelos de reconocimiento.<\/p>\n\n\n\n<p>D\u00e1ndole seguimiento al Protocolo de Atenci\u00f3n a Incendios Forestales despu\u00e9s de realizar recorridos terrestres y un sobrevuelo de evaluaci\u00f3n por el lugar del incendio, la zona afectada ha sido entregada a autoridades locales de San Jos\u00e9 Tenango, quienes se comprometieron a realizar recorridos de vigilancia evitando as\u00ed una posible reactivaci\u00f3n.<\/p>\n\n\n\n<p>-0-<\/p>\n","protected":false},"excerpt":{"rendered":"<p>\u2022 Este s\u00e1bado se entreg\u00f3 el \u00faltimo incendio que se encontraba activo en la regi\u00f3n&#8230;<\/p>\n","protected":false},"author":4,"featured_media":27565,"comment_status":"","ping_status":"open","sticky":false,"template":"","format":"standard","meta":{"footnotes":""},"categories":[9],"tags":[],"jetpack_sharing_enabled":true,"featured_image_urls":{"full":["https:\/\/contextoanalisisperiodistico.com\/wp-content\/uploads\/2024\/06\/IMG-20240615-WA0050.jpg",1040,468,false],"thumbnail":["https:\/\/contextoanalisisperiodistico.com\/wp-content\/uploads\/2024\/06\/IMG-20240615-WA0050-150x150.jpg",150,150,true],"medium":["https:\/\/contextoanalisisperiodistico.com\/wp-content\/uploads\/2024\/06\/IMG-20240615-WA0050-300x135.jpg",300,135,true],"medium_large":["https:\/\/contextoanalisisperiodistico.com\/wp-content\/uploads\/2024\/06\/IMG-20240615-WA0050-768x346.jpg",640,288,true],"large":["https:\/\/contextoanalisisperiodistico.com\/wp-content\/uploads\/2024\/06\/IMG-20240615-WA0050-1024x461.jpg",640,288,true],"1536x1536":["https:\/\/contextoanalisisperiodistico.com\/wp-content\/uploads\/2024\/06\/IMG-20240615-WA0050.jpg",1040,468,false],"2048x2048":["https:\/\/contextoanalisisperiodistico.com\/wp-content\/uploads\/2024\/06\/IMG-20240615-WA0050.jpg",1040,468,false],"covernews-slider-full":["https:\/\/contextoanalisisperiodistico.com\/wp-content\/uploads\/2024\/06\/IMG-20240615-WA0050.jpg",1040,468,false],"covernews-slider-center":["https:\/\/contextoanalisisperiodistico.com\/wp-content\/uploads\/2024\/06\/IMG-20240615-WA0050-800x468.jpg",800,468,true],"covernews-featured":["https:\/\/contextoanalisisperiodistico.com\/wp-content\/uploads\/2024\/06\/IMG-20240615-WA0050-1024x461.jpg",1024,461,true],"covernews-medium":["https:\/\/contextoanalisisperiodistico.com\/wp-content\/uploads\/2024\/06\/IMG-20240615-WA0050-540x340.jpg",540,340,true],"covernews-medium-square":["https:\/\/contextoanalisisperiodistico.com\/wp-content\/uploads\/2024\/06\/IMG-20240615-WA0050-400x250.jpg",400,250,true]},"author_info":{"display_name":"Mario Gir\u00f3n","author_link":"https:\/\/contextoanalisisperiodistico.com\/index.php\/author\/director\/"},"category_info":"<a href=\"https:\/\/contextoanalisisperiodistico.com\/index.php\/category\/politica\/\" rel=\"category tag\">Pol\u00edtica<\/a>","tag_info":"Pol\u00edtica","comment_count":"0","jetpack_featured_media_url":"https:\/\/contextoanalisisperiodistico.com\/wp-content\/uploads\/2024\/06\/IMG-20240615-WA0050.jpg","_links":{"self":[{"href":"https:\/\/contextoanalisisperiodistico.com\/index.php\/wp-json\/wp\/v2\/posts\/27575"}],"collection":[{"href":"https:\/\/contextoanalisisperiodistico.com\/index.php\/wp-json\/wp\/v2\/posts"}],"about":[{"href":"https:\/\/contextoanalisisperiodistico.com\/index.php\/wp-json\/wp\/v2\/types\/post"}],"author":[{"embeddable":true,"href":"https:\/\/contextoanalisisperiodistico.com\/index.php\/wp-json\/wp\/v2\/users\/4"}],"replies":[{"embeddable":true,"href":"https:\/\/contextoanalisisperiodistico.com\/index.php\/wp-json\/wp\/v2\/comments?post=27575"}],"version-history":[{"count":0,"href":"https:\/\/contextoanalisisperiodistico.com\/index.php\/wp-json\/wp\/v2\/posts\/27575\/revisions"}],"wp:featuredmedia":[{"embeddable":true,"href":"https:\/\/contextoanalisisperiodistico.com\/index.php\/wp-json\/wp\/v2\/media\/27565"}],"wp:attachment":[{"href":"https:\/\/contextoanalisisperiodistico.com\/index.php\/wp-json\/wp\/v2\/media?parent=27575"}],"wp:term":[{"taxonomy":"category","embeddable":true,"href":"https:\/\/contextoanalisisperiodistico.com\/index.php\/wp-json\/wp\/v2\/categories?post=27575"},{"taxonomy":"post_tag","embeddable":true,"href":"https:\/\/contextoanalisisperiodistico.com\/index.php\/wp-json\/wp\/v2\/tags?post=27575"}],"curies":[{"name":"wp","href":"https:\/\/api.w.org\/{rel}","templated":true}]}}