{"id":27550,"date":"2024-06-15T16:22:55","date_gmt":"2024-06-15T22:22:55","guid":{"rendered":"https:\/\/contextoanalisisperiodistico.com\/index.php\/2024\/06\/15\/a-san-pablo-guila-llega-la-primavera-oaxaquena-con-mejoras-en-educacion-caminos-y-cultura\/"},"modified":"2024-06-15T16:22:55","modified_gmt":"2024-06-15T22:22:55","slug":"a-san-pablo-guila-llega-la-primavera-oaxaquena-con-mejoras-en-educacion-caminos-y-cultura","status":"publish","type":"post","link":"https:\/\/contextoanalisisperiodistico.com\/index.php\/2024\/06\/15\/a-san-pablo-guila-llega-la-primavera-oaxaquena-con-mejoras-en-educacion-caminos-y-cultura\/","title":{"rendered":"A San Pablo Guil\u00e1 llega la Primavera Oaxaque\u00f1a con mejoras en educaci\u00f3n, caminos y cultura"},"content":{"rendered":"<div id=\"fb-root\"><\/div>\n\n<p>\u2022 Destinan m\u00e1s de 15 millones de pesos para esta poblaci\u00f3n, como parte de la estrategia Trabajo que Transforma tu Municipio<\/p>\n\n\n\n<figure class=\"wp-block-image size-large\"><img fetchpriority=\"high\" decoding=\"async\" width=\"1024\" height=\"682\" src=\"https:\/\/contextoanalisisperiodistico.com\/wp-content\/uploads\/2024\/06\/img-20240615-wa00303708108582119415570-1024x682.jpg\" alt=\"\" class=\"wp-image-27547\" srcset=\"https:\/\/contextoanalisisperiodistico.com\/wp-content\/uploads\/2024\/06\/img-20240615-wa00303708108582119415570-1024x682.jpg 1024w, https:\/\/contextoanalisisperiodistico.com\/wp-content\/uploads\/2024\/06\/img-20240615-wa00303708108582119415570-300x200.jpg 300w, https:\/\/contextoanalisisperiodistico.com\/wp-content\/uploads\/2024\/06\/img-20240615-wa00303708108582119415570-768x512.jpg 768w, https:\/\/contextoanalisisperiodistico.com\/wp-content\/uploads\/2024\/06\/img-20240615-wa00303708108582119415570-1536x1023.jpg 1536w, https:\/\/contextoanalisisperiodistico.com\/wp-content\/uploads\/2024\/06\/img-20240615-wa00303708108582119415570.jpg 1600w\" sizes=\"(max-width: 1024px) 100vw, 1024px\" \/><\/figure>\n\n\n\n<figure class=\"wp-block-image\"><img decoding=\"async\" width=\"1024\" height=\"682\" src=\"https:\/\/contextoanalisisperiodistico.com\/wp-content\/uploads\/2024\/06\/img-20240615-wa00296836596803154099018-1024x682.jpg\" alt=\"\" class=\"wp-image-27546\" srcset=\"https:\/\/contextoanalisisperiodistico.com\/wp-content\/uploads\/2024\/06\/img-20240615-wa00296836596803154099018-1024x682.jpg 1024w, https:\/\/contextoanalisisperiodistico.com\/wp-content\/uploads\/2024\/06\/img-20240615-wa00296836596803154099018-300x200.jpg 300w, https:\/\/contextoanalisisperiodistico.com\/wp-content\/uploads\/2024\/06\/img-20240615-wa00296836596803154099018-768x512.jpg 768w, https:\/\/contextoanalisisperiodistico.com\/wp-content\/uploads\/2024\/06\/img-20240615-wa00296836596803154099018-1536x1023.jpg 1536w, https:\/\/contextoanalisisperiodistico.com\/wp-content\/uploads\/2024\/06\/img-20240615-wa00296836596803154099018.jpg 1600w\" sizes=\"(max-width: 1024px) 100vw, 1024px\" \/><\/figure>\n\n\n\n<figure class=\"wp-block-image\"><img decoding=\"async\" width=\"1024\" height=\"682\" src=\"https:\/\/contextoanalisisperiodistico.com\/wp-content\/uploads\/2024\/06\/img-20240615-wa00329098460591489274236-1024x682.jpg\" alt=\"\" class=\"wp-image-27544\" srcset=\"https:\/\/contextoanalisisperiodistico.com\/wp-content\/uploads\/2024\/06\/img-20240615-wa00329098460591489274236-1024x682.jpg 1024w, https:\/\/contextoanalisisperiodistico.com\/wp-content\/uploads\/2024\/06\/img-20240615-wa00329098460591489274236-300x200.jpg 300w, https:\/\/contextoanalisisperiodistico.com\/wp-content\/uploads\/2024\/06\/img-20240615-wa00329098460591489274236-768x512.jpg 768w, https:\/\/contextoanalisisperiodistico.com\/wp-content\/uploads\/2024\/06\/img-20240615-wa00329098460591489274236-1536x1023.jpg 1536w, https:\/\/contextoanalisisperiodistico.com\/wp-content\/uploads\/2024\/06\/img-20240615-wa00329098460591489274236.jpg 1600w\" sizes=\"(max-width: 1024px) 100vw, 1024px\" \/><\/figure>\n\n\n\n<figure class=\"wp-block-image\"><img loading=\"lazy\" decoding=\"async\" width=\"1024\" height=\"682\" src=\"https:\/\/contextoanalisisperiodistico.com\/wp-content\/uploads\/2024\/06\/img-20240615-wa00317158591785754080667-1024x682.jpg\" alt=\"\" class=\"wp-image-27545\" srcset=\"https:\/\/contextoanalisisperiodistico.com\/wp-content\/uploads\/2024\/06\/img-20240615-wa00317158591785754080667-1024x682.jpg 1024w, https:\/\/contextoanalisisperiodistico.com\/wp-content\/uploads\/2024\/06\/img-20240615-wa00317158591785754080667-300x200.jpg 300w, https:\/\/contextoanalisisperiodistico.com\/wp-content\/uploads\/2024\/06\/img-20240615-wa00317158591785754080667-768x512.jpg 768w, https:\/\/contextoanalisisperiodistico.com\/wp-content\/uploads\/2024\/06\/img-20240615-wa00317158591785754080667-1536x1023.jpg 1536w, https:\/\/contextoanalisisperiodistico.com\/wp-content\/uploads\/2024\/06\/img-20240615-wa00317158591785754080667.jpg 1600w\" sizes=\"(max-width: 1024px) 100vw, 1024px\" \/><\/figure>\n\n\n\n<figure class=\"wp-block-image\"><img loading=\"lazy\" decoding=\"async\" width=\"1024\" height=\"682\" src=\"https:\/\/contextoanalisisperiodistico.com\/wp-content\/uploads\/2024\/06\/img-20240615-wa00339145452068282965189-1024x682.jpg\" alt=\"\" class=\"wp-image-27548\" srcset=\"https:\/\/contextoanalisisperiodistico.com\/wp-content\/uploads\/2024\/06\/img-20240615-wa00339145452068282965189-1024x682.jpg 1024w, https:\/\/contextoanalisisperiodistico.com\/wp-content\/uploads\/2024\/06\/img-20240615-wa00339145452068282965189-300x200.jpg 300w, https:\/\/contextoanalisisperiodistico.com\/wp-content\/uploads\/2024\/06\/img-20240615-wa00339145452068282965189-768x512.jpg 768w, https:\/\/contextoanalisisperiodistico.com\/wp-content\/uploads\/2024\/06\/img-20240615-wa00339145452068282965189-1536x1023.jpg 1536w, https:\/\/contextoanalisisperiodistico.com\/wp-content\/uploads\/2024\/06\/img-20240615-wa00339145452068282965189.jpg 1600w\" sizes=\"(max-width: 1024px) 100vw, 1024px\" \/><\/figure>\n\n\n\n<figure class=\"wp-block-image\"><img loading=\"lazy\" decoding=\"async\" width=\"1024\" height=\"489\" src=\"https:\/\/contextoanalisisperiodistico.com\/wp-content\/uploads\/2024\/06\/img-20240615-wa0034181621231858984101-1024x489.jpg\" alt=\"\" class=\"wp-image-27549\" srcset=\"https:\/\/contextoanalisisperiodistico.com\/wp-content\/uploads\/2024\/06\/img-20240615-wa0034181621231858984101-1024x489.jpg 1024w, https:\/\/contextoanalisisperiodistico.com\/wp-content\/uploads\/2024\/06\/img-20240615-wa0034181621231858984101-300x143.jpg 300w, https:\/\/contextoanalisisperiodistico.com\/wp-content\/uploads\/2024\/06\/img-20240615-wa0034181621231858984101-768x367.jpg 768w, https:\/\/contextoanalisisperiodistico.com\/wp-content\/uploads\/2024\/06\/img-20240615-wa0034181621231858984101.jpg 1463w\" sizes=\"(max-width: 1024px) 100vw, 1024px\" \/><\/figure>\n\n\n\n<p>Santiago Matatl\u00e1n, Oax. 15 de junio de 2024.- Con una inversi\u00f3n de 15 millones 304 mil pesos, habitantes de San Pablo Guil\u00e1 atestiguaron la llegada de la Primavera Oaxaque\u00f1a para la mejora de espacios escolares, reforestaci\u00f3n, caminos, alimentaci\u00f3n y la restauraci\u00f3n del patrimonio cultural.<\/p>\n\n\n\n<p>Acompa\u00f1ado de funcionarias y funcionarios, el Gobernador Salom\u00f3n Jara Cruz visit\u00f3 esta agencia del municipio de Santiago Matatl\u00e1n en la regi\u00f3n Valles Centrales para informar sobre las acciones y programas que se implementan en beneficio de la ciudadan\u00eda con la estrategia Trabajo que Transforma tu Municipio.<\/p>\n\n\n\n<p>En este sentido, se dio a conocer que la Comisi\u00f3n Estatal Forestal (Coesfo) entregar\u00e1 10 mil plantas para reforestar algunas \u00e1reas de la agencia. Mientras que, la Comisi\u00f3n Estatal del Agua para el Bienestar (Ceabien) elaborar\u00e1 un proyecto para hacer un aula de captaci\u00f3n.<\/p>\n\n\n\n<p>El Instituto Oaxaque\u00f1o Constructor de Infraestructura Educativa (Iocied) realizar\u00e1 una direcci\u00f3n y un aula para dos escuelas, respectivamente, con un monto de un mill\u00f3n 280 mil pesos.<\/p>\n\n\n\n<p>En este marco el Instituto Estatal de Educaci\u00f3n P\u00fablica de Oaxaca (IEEPO) entreg\u00f3 mobiliario, sillas, impresoras, mesas, laptops, pizarrones, archiveros a dos escuelas de nivel b\u00e1sico. En pr\u00f3ximos d\u00edas otorgar\u00e1 material de aseo, oficina y deportivo, as\u00ed como el mismo equipo a otras instituciones, con una inversi\u00f3n de 690 mil pesos.<\/p>\n\n\n\n<p>El Sistema Estatal para el Desarrollo Integral de la Familia (DIF) Oaxaca atendi\u00f3 a 887 familias a trav\u00e9s de los programas Guisos de Mi Pueblo y Desayunos de Letritas, con una inversi\u00f3n de 2 millones 391 mil 66 pesos.<\/p>\n\n\n\n<p>Por su parte, el Instituto del Patrimonio Cultural del Estado de Oaxaca (Inpac) canaliz\u00f3 2 millones 850 mil 430 pesos para la restauraci\u00f3n del templo cat\u00f3lico de esta demarcaci\u00f3n. Mientras que, la Secretar\u00eda de Infraestructuras y Comunicaciones efectuar\u00e1 la pavimentaci\u00f3n de la calle 25 de Enero, con un monto de 5 millones 400 mil pesos.<\/p>\n\n\n\n<p>Con el programa Juventudes Interculturales y Mujeres Emprendiendo, la Secretar\u00eda de Interculturalidad, Pueblos y Comunidades Ind\u00edgenas y Afromexicanas (SIPCIA) apoy\u00f3 a dos personas de esta agencia.<\/p>\n\n\n\n<p>La Secretar\u00eda de Fomento Agroalimentario y Desarrollo Rural (Sefader) atender\u00e1 el desazolve de una presa perteneciente a esta comunidad y brindar\u00e1 apoyo a las personas productoras para la certificaci\u00f3n de tomate.<\/p>\n\n\n\n<p>-0-<\/p>\n","protected":false},"excerpt":{"rendered":"<p>\u2022 Destinan m\u00e1s de 15 millones de pesos para esta poblaci\u00f3n, como parte de la&#8230;<\/p>\n","protected":false},"author":4,"featured_media":27543,"comment_status":"","ping_status":"open","sticky":false,"template":"","format":"standard","meta":{"footnotes":""},"categories":[9],"tags":[],"jetpack_sharing_enabled":true,"featured_image_urls":{"full":["https:\/\/contextoanalisisperiodistico.com\/wp-content\/uploads\/2024\/06\/IMG-20240615-WA0026.jpg",1600,1066,false],"thumbnail":["https:\/\/contextoanalisisperiodistico.com\/wp-content\/uploads\/2024\/06\/IMG-20240615-WA0026-150x150.jpg",150,150,true],"medium":["https:\/\/contextoanalisisperiodistico.com\/wp-content\/uploads\/2024\/06\/IMG-20240615-WA0026-300x200.jpg",300,200,true],"medium_large":["https:\/\/contextoanalisisperiodistico.com\/wp-content\/uploads\/2024\/06\/IMG-20240615-WA0026-768x512.jpg",640,427,true],"large":["https:\/\/contextoanalisisperiodistico.com\/wp-content\/uploads\/2024\/06\/IMG-20240615-WA0026-1024x682.jpg",640,426,true],"1536x1536":["https:\/\/contextoanalisisperiodistico.com\/wp-content\/uploads\/2024\/06\/IMG-20240615-WA0026-1536x1023.jpg",1536,1023,true],"2048x2048":["https:\/\/contextoanalisisperiodistico.com\/wp-content\/uploads\/2024\/06\/IMG-20240615-WA0026.jpg",1600,1066,false],"covernews-slider-full":["https:\/\/contextoanalisisperiodistico.com\/wp-content\/uploads\/2024\/06\/IMG-20240615-WA0026-1115x715.jpg",1115,715,true],"covernews-slider-center":["https:\/\/contextoanalisisperiodistico.com\/wp-content\/uploads\/2024\/06\/IMG-20240615-WA0026-800x500.jpg",800,500,true],"covernews-featured":["https:\/\/contextoanalisisperiodistico.com\/wp-content\/uploads\/2024\/06\/IMG-20240615-WA0026-1024x682.jpg",1024,682,true],"covernews-medium":["https:\/\/contextoanalisisperiodistico.com\/wp-content\/uploads\/2024\/06\/IMG-20240615-WA0026-540x340.jpg",540,340,true],"covernews-medium-square":["https:\/\/contextoanalisisperiodistico.com\/wp-content\/uploads\/2024\/06\/IMG-20240615-WA0026-400x250.jpg",400,250,true]},"author_info":{"display_name":"Mario Gir\u00f3n","author_link":"https:\/\/contextoanalisisperiodistico.com\/index.php\/author\/director\/"},"category_info":"<a href=\"https:\/\/contextoanalisisperiodistico.com\/index.php\/category\/politica\/\" rel=\"category tag\">Pol\u00edtica<\/a>","tag_info":"Pol\u00edtica","comment_count":"0","jetpack_featured_media_url":"https:\/\/contextoanalisisperiodistico.com\/wp-content\/uploads\/2024\/06\/IMG-20240615-WA0026.jpg","_links":{"self":[{"href":"https:\/\/contextoanalisisperiodistico.com\/index.php\/wp-json\/wp\/v2\/posts\/27550"}],"collection":[{"href":"https:\/\/contextoanalisisperiodistico.com\/index.php\/wp-json\/wp\/v2\/posts"}],"about":[{"href":"https:\/\/contextoanalisisperiodistico.com\/index.php\/wp-json\/wp\/v2\/types\/post"}],"author":[{"embeddable":true,"href":"https:\/\/contextoanalisisperiodistico.com\/index.php\/wp-json\/wp\/v2\/users\/4"}],"replies":[{"embeddable":true,"href":"https:\/\/contextoanalisisperiodistico.com\/index.php\/wp-json\/wp\/v2\/comments?post=27550"}],"version-history":[{"count":0,"href":"https:\/\/contextoanalisisperiodistico.com\/index.php\/wp-json\/wp\/v2\/posts\/27550\/revisions"}],"wp:featuredmedia":[{"embeddable":true,"href":"https:\/\/contextoanalisisperiodistico.com\/index.php\/wp-json\/wp\/v2\/media\/27543"}],"wp:attachment":[{"href":"https:\/\/contextoanalisisperiodistico.com\/index.php\/wp-json\/wp\/v2\/media?parent=27550"}],"wp:term":[{"taxonomy":"category","embeddable":true,"href":"https:\/\/contextoanalisisperiodistico.com\/index.php\/wp-json\/wp\/v2\/categories?post=27550"},{"taxonomy":"post_tag","embeddable":true,"href":"https:\/\/contextoanalisisperiodistico.com\/index.php\/wp-json\/wp\/v2\/tags?post=27550"}],"curies":[{"name":"wp","href":"https:\/\/api.w.org\/{rel}","templated":true}]}}