{"id":27542,"date":"2024-06-15T15:52:49","date_gmt":"2024-06-15T21:52:49","guid":{"rendered":"https:\/\/contextoanalisisperiodistico.com\/index.php\/2024\/06\/15\/tarjeta-joven-programa-gratuito-para-las-juventudes-oaxaquenas-injeo\/"},"modified":"2024-06-15T15:52:49","modified_gmt":"2024-06-15T21:52:49","slug":"tarjeta-joven-programa-gratuito-para-las-juventudes-oaxaquenas-injeo","status":"publish","type":"post","link":"https:\/\/contextoanalisisperiodistico.com\/index.php\/2024\/06\/15\/tarjeta-joven-programa-gratuito-para-las-juventudes-oaxaquenas-injeo\/","title":{"rendered":"Tarjeta Joven, programa gratuito para las juventudes oaxaque\u00f1as: Injeo"},"content":{"rendered":"<div id=\"fb-root\"><\/div>\n\n<p>Oaxaca de Ju\u00e1rez, Oax. 15 de junio de 2024.- El Instituto de la Juventud del Estado de Oaxaca (injeo) convoca a hombres y mujeres de entre 18 a 20 a\u00f1os de edad, a registrarse de manera gratuita y sin intermediarios al programa Tarjeta Joven.<\/p>\n\n\n\n<figure class=\"wp-block-image size-large\"><img fetchpriority=\"high\" decoding=\"async\" width=\"662\" height=\"1024\" src=\"https:\/\/contextoanalisisperiodistico.com\/wp-content\/uploads\/2024\/06\/img-20240615-wa00246021214422545409866-662x1024.jpg\" alt=\"\" class=\"wp-image-27541\" srcset=\"https:\/\/contextoanalisisperiodistico.com\/wp-content\/uploads\/2024\/06\/img-20240615-wa00246021214422545409866-662x1024.jpg 662w, https:\/\/contextoanalisisperiodistico.com\/wp-content\/uploads\/2024\/06\/img-20240615-wa00246021214422545409866-194x300.jpg 194w, https:\/\/contextoanalisisperiodistico.com\/wp-content\/uploads\/2024\/06\/img-20240615-wa00246021214422545409866-768x1187.jpg 768w, https:\/\/contextoanalisisperiodistico.com\/wp-content\/uploads\/2024\/06\/img-20240615-wa00246021214422545409866-994x1536.jpg 994w, https:\/\/contextoanalisisperiodistico.com\/wp-content\/uploads\/2024\/06\/img-20240615-wa00246021214422545409866-1024x1583.jpg 1024w, https:\/\/contextoanalisisperiodistico.com\/wp-content\/uploads\/2024\/06\/img-20240615-wa00246021214422545409866.jpg 1035w\" sizes=\"(max-width: 662px) 100vw, 662px\" \/><\/figure>\n\n\n\n<p>Este programa tiene como objetivo contribuir al acceso y la participaci\u00f3n en pr\u00e1cticas culturales, art\u00edsticas, deportivas y de sano esparcimiento sin costo o con descuento para las juventudes con nacionalidad mexicana y que residan en las 8 regiones de Oaxaca.<\/p>\n\n\n\n<p>En este sentido, y ante el surgimiento de presuntos gestores o intermediarios que garantizan el registro y la obtenci\u00f3n de este programa a cambio de un pago, la direcci\u00f3n del Instituto precis\u00f3 que el proceso es totalmente gratuito y debe realizarse de forma individual.<\/p>\n\n\n\n<p>Asimismo, que son las personas directivas de las Instancias Municipales de la Juventud, ubicadas en los diferentes puntos del estado, las \u00fanicas autorizadas para realizar tr\u00e1mites relacionados con el programa.<\/p>\n\n\n\n<p>En caso de que personas ajenas al programa ofrezcan gestionar el tr\u00e1mite a cambio de un pago, una documentaci\u00f3n o realicen un fraude, podr\u00e1n ser denunciados a los n\u00fameros telef\u00f3nicos (951) 672 2989 y (951) 672 2993, atenci\u00f3n v\u00eda whatsapp: (951) 509 6686, al correo electr\u00f3nico: tarjetajoven@oaxaca.gob.mx o consultar la p\u00e1gina web https:\/\/www.tarjetajoven.oaxaca.gob.mx<\/p>\n\n\n\n<p>Los requisitos que deber\u00e1n presentar son los siguientes: acta de nacimiento, identificaci\u00f3n oficial vigente con fotograf\u00eda, Clave \u00danica de Registro de Poblaci\u00f3n (CURP), comprobante de domicilio (no mayor a tres meses), formato de inscripci\u00f3n al programa dirigido al titular del Injeo Rodrigo V\u00e1squez V\u00e1squez, y un cuestionario socioecon\u00f3mico (ambos podr\u00e1n ser descargados en www.tarjetajoven.oaxaca.gob.mx<\/p>\n\n\n\n<p>En caso de contar con constancia de estudios con promedio, as\u00ed como certificado m\u00e9dico que refiera alg\u00fan tipo de discapacidad o enfermedad cr\u00f3nico degenerativa, podr\u00e1n ser presentados.<\/p>\n\n\n\n<p>La convocatoria estar\u00e1 abierta del 10 al 30 de junio del 2024. Las y los participantes podr\u00e1n inscribirse de forma digital e individual a trav\u00e9s de la plataforma www.tarjetajoven.oaxaca.gob.mx o https:\/\/www.oaxaca.gob.mx\/injeo\/.<\/p>\n\n\n\n<p>De igual forma podr\u00e1n asistir a las oficinas del Instituto de la Juventud ubicadas en Emilio Carranza 604, colonia Reforma, Oaxaca de Ju\u00e1rez, en un horario de atenci\u00f3n de 9:00 a 15:00 horas, de lunes a viernes.<\/p>\n\n\n\n<p>Por regiones, los lugares donde se pueden entregar la documentaci\u00f3n de forma f\u00edsica son: en la Sierra de Flores Mag\u00f3n; en el palacio municipal de Teotitl\u00e1n del Flores Mag\u00f3n y en la Secretar\u00eda Municipal de San Juan Bautista Cuicatl\u00e1n.<\/p>\n\n\n\n<p>En la Mixteca, en las oficinas de las direcciones de Juventud de los municipios de Asunci\u00f3n Nochixtl\u00e1n, Tlaxiaco y Huajuapan de Le\u00f3n; en la Cuenca del Papaloapan, en las direcciones de la Juventud de San Juan Bautista Tuxtepec y de San Felipe Jalapa de D\u00edaz.<\/p>\n\n\n\n<p>En el Istmo de Tehuantepec, en las instancias de la Juventud de Salina Cruz, Juchit\u00e1n de Zaragoza y en la ubicada en Casa Guietiqui en Santo Domingo Tehuantepec.<\/p>\n\n\n\n<p>En la Sierra Sur, en la Direcci\u00f3n de la Juventud de Miahuatl\u00e1n de Porfirio D\u00edaz, el DIF Municipal de Villa Sola de Vega y en la Secretar\u00eda Municipal de Putla Villa de Guerrero. En la Sierra de Ju\u00e1rez, en la Direcci\u00f3n de la Juventud de Ixtl\u00e1n de Ju\u00e1rez.<\/p>\n\n\n\n<p>En la Costa, en las instancias de Santiago Pinotepa Nacional, San Pedro Mixtepec, San Pedro Pochutla, Santa Mar\u00eda Tonameca y Santa Mar\u00eda Huatulco, as\u00ed como en la Agencia Municipal de R\u00edo Grande en Villa de Tututepec.<\/p>\n\n\n\n<p>En los Valles Centrales, en las direcciones de la Juventud de Ocotl\u00e1n de Morelos, Santa Mar\u00eda Atzompa y Tlacolula de Matamoros.<\/p>\n\n\n\n<p>Todos los municipios, as\u00ed como las direcciones de juventud ubicados en las diferentes regiones recibir\u00e1n a las y los postulantes en un horario de 9:00 a 2:00 horas y de 4:00 a 8:00 horas de lunes a viernes hasta el 30 de junio.<\/p>\n\n\n\n<p>-0-<\/p>\n","protected":false},"excerpt":{"rendered":"<p>Oaxaca de Ju\u00e1rez, Oax. 15 de junio de 2024.- El Instituto de la Juventud del&#8230;<\/p>\n","protected":false},"author":4,"featured_media":27540,"comment_status":"","ping_status":"open","sticky":false,"template":"","format":"standard","meta":{"footnotes":""},"categories":[3],"tags":[],"jetpack_sharing_enabled":true,"featured_image_urls":{"full":["https:\/\/contextoanalisisperiodistico.com\/wp-content\/uploads\/2024\/06\/IMG-20240615-WA0023.jpg",1600,1600,false],"thumbnail":["https:\/\/contextoanalisisperiodistico.com\/wp-content\/uploads\/2024\/06\/IMG-20240615-WA0023-150x150.jpg",150,150,true],"medium":["https:\/\/contextoanalisisperiodistico.com\/wp-content\/uploads\/2024\/06\/IMG-20240615-WA0023-300x300.jpg",300,300,true],"medium_large":["https:\/\/contextoanalisisperiodistico.com\/wp-content\/uploads\/2024\/06\/IMG-20240615-WA0023-768x768.jpg",640,640,true],"large":["https:\/\/contextoanalisisperiodistico.com\/wp-content\/uploads\/2024\/06\/IMG-20240615-WA0023-1024x1024.jpg",640,640,true],"1536x1536":["https:\/\/contextoanalisisperiodistico.com\/wp-content\/uploads\/2024\/06\/IMG-20240615-WA0023-1536x1536.jpg",1536,1536,true],"2048x2048":["https:\/\/contextoanalisisperiodistico.com\/wp-content\/uploads\/2024\/06\/IMG-20240615-WA0023.jpg",1600,1600,false],"covernews-slider-full":["https:\/\/contextoanalisisperiodistico.com\/wp-content\/uploads\/2024\/06\/IMG-20240615-WA0023-1115x715.jpg",1115,715,true],"covernews-slider-center":["https:\/\/contextoanalisisperiodistico.com\/wp-content\/uploads\/2024\/06\/IMG-20240615-WA0023-800x500.jpg",800,500,true],"covernews-featured":["https:\/\/contextoanalisisperiodistico.com\/wp-content\/uploads\/2024\/06\/IMG-20240615-WA0023-1024x1024.jpg",1024,1024,true],"covernews-medium":["https:\/\/contextoanalisisperiodistico.com\/wp-content\/uploads\/2024\/06\/IMG-20240615-WA0023-540x340.jpg",540,340,true],"covernews-medium-square":["https:\/\/contextoanalisisperiodistico.com\/wp-content\/uploads\/2024\/06\/IMG-20240615-WA0023-400x250.jpg",400,250,true]},"author_info":{"display_name":"Mario Gir\u00f3n","author_link":"https:\/\/contextoanalisisperiodistico.com\/index.php\/author\/director\/"},"category_info":"<a href=\"https:\/\/contextoanalisisperiodistico.com\/index.php\/category\/ciudad\/\" rel=\"category tag\">Ciudad<\/a>","tag_info":"Ciudad","comment_count":"0","jetpack_featured_media_url":"https:\/\/contextoanalisisperiodistico.com\/wp-content\/uploads\/2024\/06\/IMG-20240615-WA0023.jpg","_links":{"self":[{"href":"https:\/\/contextoanalisisperiodistico.com\/index.php\/wp-json\/wp\/v2\/posts\/27542"}],"collection":[{"href":"https:\/\/contextoanalisisperiodistico.com\/index.php\/wp-json\/wp\/v2\/posts"}],"about":[{"href":"https:\/\/contextoanalisisperiodistico.com\/index.php\/wp-json\/wp\/v2\/types\/post"}],"author":[{"embeddable":true,"href":"https:\/\/contextoanalisisperiodistico.com\/index.php\/wp-json\/wp\/v2\/users\/4"}],"replies":[{"embeddable":true,"href":"https:\/\/contextoanalisisperiodistico.com\/index.php\/wp-json\/wp\/v2\/comments?post=27542"}],"version-history":[{"count":0,"href":"https:\/\/contextoanalisisperiodistico.com\/index.php\/wp-json\/wp\/v2\/posts\/27542\/revisions"}],"wp:featuredmedia":[{"embeddable":true,"href":"https:\/\/contextoanalisisperiodistico.com\/index.php\/wp-json\/wp\/v2\/media\/27540"}],"wp:attachment":[{"href":"https:\/\/contextoanalisisperiodistico.com\/index.php\/wp-json\/wp\/v2\/media?parent=27542"}],"wp:term":[{"taxonomy":"category","embeddable":true,"href":"https:\/\/contextoanalisisperiodistico.com\/index.php\/wp-json\/wp\/v2\/categories?post=27542"},{"taxonomy":"post_tag","embeddable":true,"href":"https:\/\/contextoanalisisperiodistico.com\/index.php\/wp-json\/wp\/v2\/tags?post=27542"}],"curies":[{"name":"wp","href":"https:\/\/api.w.org\/{rel}","templated":true}]}}