{"id":27539,"date":"2024-06-15T15:48:33","date_gmt":"2024-06-15T21:48:33","guid":{"rendered":"https:\/\/contextoanalisisperiodistico.com\/index.php\/2024\/06\/15\/llegan-obras-y-programas-para-elevar-la-calidad-de-vida-en-valles-centrales\/"},"modified":"2024-06-15T15:48:33","modified_gmt":"2024-06-15T21:48:33","slug":"llegan-obras-y-programas-para-elevar-la-calidad-de-vida-en-valles-centrales","status":"publish","type":"post","link":"https:\/\/contextoanalisisperiodistico.com\/index.php\/2024\/06\/15\/llegan-obras-y-programas-para-elevar-la-calidad-de-vida-en-valles-centrales\/","title":{"rendered":"Llegan obras y programas para elevar la calidad de vida en Valles Centrales"},"content":{"rendered":"<div id=\"fb-root\"><\/div>\n\n<p>\u2022 El Gobernador de Oaxaca anunci\u00f3 una inversi\u00f3n de 20 millones de pesos para viviendas, caminos, escuelas, salud y alimentaci\u00f3n<\/p>\n\n\n\n<figure class=\"wp-block-image size-large\"><img fetchpriority=\"high\" decoding=\"async\" width=\"1024\" height=\"851\" src=\"https:\/\/contextoanalisisperiodistico.com\/wp-content\/uploads\/2024\/06\/img-20240615-wa00198015815563106604602-1024x851.jpg\" alt=\"\" class=\"wp-image-27535\" srcset=\"https:\/\/contextoanalisisperiodistico.com\/wp-content\/uploads\/2024\/06\/img-20240615-wa00198015815563106604602-1024x851.jpg 1024w, https:\/\/contextoanalisisperiodistico.com\/wp-content\/uploads\/2024\/06\/img-20240615-wa00198015815563106604602-300x249.jpg 300w, https:\/\/contextoanalisisperiodistico.com\/wp-content\/uploads\/2024\/06\/img-20240615-wa00198015815563106604602-768x639.jpg 768w, https:\/\/contextoanalisisperiodistico.com\/wp-content\/uploads\/2024\/06\/img-20240615-wa00198015815563106604602.jpg 1026w\" sizes=\"(max-width: 1024px) 100vw, 1024px\" \/><\/figure>\n\n\n\n<figure class=\"wp-block-image\"><img decoding=\"async\" width=\"1024\" height=\"682\" src=\"https:\/\/contextoanalisisperiodistico.com\/wp-content\/uploads\/2024\/06\/img-20240615-wa00228004811193352915509-1024x682.jpg\" alt=\"\" class=\"wp-image-27536\" srcset=\"https:\/\/contextoanalisisperiodistico.com\/wp-content\/uploads\/2024\/06\/img-20240615-wa00228004811193352915509-1024x682.jpg 1024w, https:\/\/contextoanalisisperiodistico.com\/wp-content\/uploads\/2024\/06\/img-20240615-wa00228004811193352915509-300x200.jpg 300w, https:\/\/contextoanalisisperiodistico.com\/wp-content\/uploads\/2024\/06\/img-20240615-wa00228004811193352915509-768x512.jpg 768w, https:\/\/contextoanalisisperiodistico.com\/wp-content\/uploads\/2024\/06\/img-20240615-wa00228004811193352915509.jpg 1280w\" sizes=\"(max-width: 1024px) 100vw, 1024px\" \/><\/figure>\n\n\n\n<figure class=\"wp-block-image\"><img decoding=\"async\" width=\"1024\" height=\"682\" src=\"https:\/\/contextoanalisisperiodistico.com\/wp-content\/uploads\/2024\/06\/img-20240615-wa00212295665414998702036-1024x682.jpg\" alt=\"\" class=\"wp-image-27534\" srcset=\"https:\/\/contextoanalisisperiodistico.com\/wp-content\/uploads\/2024\/06\/img-20240615-wa00212295665414998702036-1024x682.jpg 1024w, https:\/\/contextoanalisisperiodistico.com\/wp-content\/uploads\/2024\/06\/img-20240615-wa00212295665414998702036-300x200.jpg 300w, https:\/\/contextoanalisisperiodistico.com\/wp-content\/uploads\/2024\/06\/img-20240615-wa00212295665414998702036-768x512.jpg 768w, https:\/\/contextoanalisisperiodistico.com\/wp-content\/uploads\/2024\/06\/img-20240615-wa00212295665414998702036.jpg 1280w\" sizes=\"(max-width: 1024px) 100vw, 1024px\" \/><\/figure>\n\n\n\n<figure class=\"wp-block-image\"><img loading=\"lazy\" decoding=\"async\" width=\"1024\" height=\"682\" src=\"https:\/\/contextoanalisisperiodistico.com\/wp-content\/uploads\/2024\/06\/img-20240615-wa00207633586208578422958-1024x682.jpg\" alt=\"\" class=\"wp-image-27537\" srcset=\"https:\/\/contextoanalisisperiodistico.com\/wp-content\/uploads\/2024\/06\/img-20240615-wa00207633586208578422958-1024x682.jpg 1024w, https:\/\/contextoanalisisperiodistico.com\/wp-content\/uploads\/2024\/06\/img-20240615-wa00207633586208578422958-300x200.jpg 300w, https:\/\/contextoanalisisperiodistico.com\/wp-content\/uploads\/2024\/06\/img-20240615-wa00207633586208578422958-768x512.jpg 768w, https:\/\/contextoanalisisperiodistico.com\/wp-content\/uploads\/2024\/06\/img-20240615-wa00207633586208578422958.jpg 1280w\" sizes=\"(max-width: 1024px) 100vw, 1024px\" \/><\/figure>\n\n\n\n<figure class=\"wp-block-image\"><img loading=\"lazy\" decoding=\"async\" width=\"1024\" height=\"682\" src=\"https:\/\/contextoanalisisperiodistico.com\/wp-content\/uploads\/2024\/06\/img-20240615-wa00162967508188872938125-1024x682.jpg\" alt=\"\" class=\"wp-image-27538\" srcset=\"https:\/\/contextoanalisisperiodistico.com\/wp-content\/uploads\/2024\/06\/img-20240615-wa00162967508188872938125-1024x682.jpg 1024w, https:\/\/contextoanalisisperiodistico.com\/wp-content\/uploads\/2024\/06\/img-20240615-wa00162967508188872938125-300x200.jpg 300w, https:\/\/contextoanalisisperiodistico.com\/wp-content\/uploads\/2024\/06\/img-20240615-wa00162967508188872938125-768x512.jpg 768w, https:\/\/contextoanalisisperiodistico.com\/wp-content\/uploads\/2024\/06\/img-20240615-wa00162967508188872938125-1536x1023.jpg 1536w, https:\/\/contextoanalisisperiodistico.com\/wp-content\/uploads\/2024\/06\/img-20240615-wa00162967508188872938125.jpg 1600w\" sizes=\"(max-width: 1024px) 100vw, 1024px\" \/><\/figure>\n\n\n\n<p>San Pedro Quiatoni, Oax. 15 de junio de 2024.- Siguiendo la ruta de la transformaci\u00f3n en la regi\u00f3n Valles Centrales, el Gobernador de Oaxaca Salom\u00f3n Jara Cruz lleg\u00f3 a la agencia La Soledad Salinas, perteneciente a esta demarcaci\u00f3n, para dar a conocer una inversi\u00f3n de 20 millones de pesos como parte de la estrategia Atenci\u00f3n a Municipios Territorios Bienestar.<\/p>\n\n\n\n<p>En este encuentro, el Mandatario estatal se\u00f1al\u00f3 que su administraci\u00f3n lleva a cabo la Reparaci\u00f3n Hist\u00f3rica de los Pueblos, la cual tiene como prop\u00f3sito atender a los 570 municipios de la entidad, principalmente a los que tienen el menor \u00edndice de desarrollo del pa\u00eds.<\/p>\n\n\n\n<p>De esta manera, inform\u00f3 que Vivienda Bienestar (Vibien) apoyar\u00e1 con 100 pisos firmes a las y los habitantes de La Soledad Salinas que m\u00e1s lo necesiten, con un monto total de 1 mill\u00f3n 600 mil pesos.<\/p>\n\n\n\n<p>Para fortalecer el sector educativo, el Instituto Estatal de Educaci\u00f3n P\u00fablica de Oaxaca (IEEPO) canaliz\u00f3 2 millones 350 mil pesos para tres pantallas, computadoras, lotes de mobiliarios, sillas apilables, mesas para maestros, pizarrones, archiveros, libreros, bafles, as\u00ed como material de oficina, aseo y deportivo para diversas escuelas de nivel b\u00e1sico.<\/p>\n\n\n\n<p>Mientras que, el Instituto Oaxaque\u00f1o de Infraestructura Educativa (Iocied) destinar\u00e1 1 mill\u00f3n 191 mil 466 pesos para computadoras, lotes de mobiliario y la construcci\u00f3n de un aula. Adem\u00e1s, efectuar\u00e1 un estudio para la edificaci\u00f3n de un comedor escolar en una escuela biling\u00fce y una cancha de voleibol en otro centro de educaci\u00f3n.<\/p>\n\n\n\n<p>La Secretar\u00eda de Fomento Agroalimentario y Desarrollo Rural (Sefader) apoyar\u00e1 a las y los productores de mezcal con el 50 por ciento en la certificaci\u00f3n de la marca, a fin de exportar este producto de manera nacional e internacional.<\/p>\n\n\n\n<p>Tambi\u00e9n, integrar\u00e1n a tres personas al programa de Autosuficiencia Alimentaria para la producci\u00f3n de ma\u00edz, frijol y hortalizas. Adicionalmente entregar\u00e1n 500 \u00e1rboles para reforestar la comunidad.<\/p>\n\n\n\n<p>Mediante los programas Guisos de Mi Pueblo e Itacate de Mi Coraz\u00f3n, el Sistema Estatal para el Desarrollo Integral de la Familia (DIF) Oaxaca invirti\u00f3 un mill\u00f3n 765 mil 158 pesos, beneficiando as\u00ed a 679 familias.<\/p>\n\n\n\n<p>En tanto, Servicios de Salud de Oaxaca (SSO) destin\u00f3 800 mil pesos para el abasto de medicamentos de una casa de salud. Asimismo, hizo entrega de 14 kits m\u00e9dicos a igual n\u00famero de casas pertenecientes a la municipalidad.<\/p>\n\n\n\n<p>Por su parte, Caminos Bienestar (Cabien) construir\u00e1 la primera etapa de la pavimentaci\u00f3n con concreto hidr\u00e1ulico del tramo que va de la agencia La Soledad Salinas a la cabecera municipal, con recursos por el orden de 12 millones 500 mil pesos.<\/p>\n\n\n\n<p>-0-<\/p>\n","protected":false},"excerpt":{"rendered":"<p>\u2022 El Gobernador de Oaxaca anunci\u00f3 una inversi\u00f3n de 20 millones de pesos para viviendas,&#8230;<\/p>\n","protected":false},"author":4,"featured_media":27533,"comment_status":"","ping_status":"open","sticky":false,"template":"","format":"standard","meta":{"footnotes":""},"categories":[9],"tags":[],"jetpack_sharing_enabled":true,"featured_image_urls":{"full":["https:\/\/contextoanalisisperiodistico.com\/wp-content\/uploads\/2024\/06\/IMG-20240615-WA0018.jpg",1280,853,false],"thumbnail":["https:\/\/contextoanalisisperiodistico.com\/wp-content\/uploads\/2024\/06\/IMG-20240615-WA0018-150x150.jpg",150,150,true],"medium":["https:\/\/contextoanalisisperiodistico.com\/wp-content\/uploads\/2024\/06\/IMG-20240615-WA0018-300x200.jpg",300,200,true],"medium_large":["https:\/\/contextoanalisisperiodistico.com\/wp-content\/uploads\/2024\/06\/IMG-20240615-WA0018-768x512.jpg",640,427,true],"large":["https:\/\/contextoanalisisperiodistico.com\/wp-content\/uploads\/2024\/06\/IMG-20240615-WA0018-1024x682.jpg",640,426,true],"1536x1536":["https:\/\/contextoanalisisperiodistico.com\/wp-content\/uploads\/2024\/06\/IMG-20240615-WA0018.jpg",1280,853,false],"2048x2048":["https:\/\/contextoanalisisperiodistico.com\/wp-content\/uploads\/2024\/06\/IMG-20240615-WA0018.jpg",1280,853,false],"covernews-slider-full":["https:\/\/contextoanalisisperiodistico.com\/wp-content\/uploads\/2024\/06\/IMG-20240615-WA0018-1115x715.jpg",1115,715,true],"covernews-slider-center":["https:\/\/contextoanalisisperiodistico.com\/wp-content\/uploads\/2024\/06\/IMG-20240615-WA0018-800x500.jpg",800,500,true],"covernews-featured":["https:\/\/contextoanalisisperiodistico.com\/wp-content\/uploads\/2024\/06\/IMG-20240615-WA0018-1024x682.jpg",1024,682,true],"covernews-medium":["https:\/\/contextoanalisisperiodistico.com\/wp-content\/uploads\/2024\/06\/IMG-20240615-WA0018-540x340.jpg",540,340,true],"covernews-medium-square":["https:\/\/contextoanalisisperiodistico.com\/wp-content\/uploads\/2024\/06\/IMG-20240615-WA0018-400x250.jpg",400,250,true]},"author_info":{"display_name":"Mario Gir\u00f3n","author_link":"https:\/\/contextoanalisisperiodistico.com\/index.php\/author\/director\/"},"category_info":"<a href=\"https:\/\/contextoanalisisperiodistico.com\/index.php\/category\/politica\/\" rel=\"category tag\">Pol\u00edtica<\/a>","tag_info":"Pol\u00edtica","comment_count":"0","jetpack_featured_media_url":"https:\/\/contextoanalisisperiodistico.com\/wp-content\/uploads\/2024\/06\/IMG-20240615-WA0018.jpg","_links":{"self":[{"href":"https:\/\/contextoanalisisperiodistico.com\/index.php\/wp-json\/wp\/v2\/posts\/27539"}],"collection":[{"href":"https:\/\/contextoanalisisperiodistico.com\/index.php\/wp-json\/wp\/v2\/posts"}],"about":[{"href":"https:\/\/contextoanalisisperiodistico.com\/index.php\/wp-json\/wp\/v2\/types\/post"}],"author":[{"embeddable":true,"href":"https:\/\/contextoanalisisperiodistico.com\/index.php\/wp-json\/wp\/v2\/users\/4"}],"replies":[{"embeddable":true,"href":"https:\/\/contextoanalisisperiodistico.com\/index.php\/wp-json\/wp\/v2\/comments?post=27539"}],"version-history":[{"count":0,"href":"https:\/\/contextoanalisisperiodistico.com\/index.php\/wp-json\/wp\/v2\/posts\/27539\/revisions"}],"wp:featuredmedia":[{"embeddable":true,"href":"https:\/\/contextoanalisisperiodistico.com\/index.php\/wp-json\/wp\/v2\/media\/27533"}],"wp:attachment":[{"href":"https:\/\/contextoanalisisperiodistico.com\/index.php\/wp-json\/wp\/v2\/media?parent=27539"}],"wp:term":[{"taxonomy":"category","embeddable":true,"href":"https:\/\/contextoanalisisperiodistico.com\/index.php\/wp-json\/wp\/v2\/categories?post=27539"},{"taxonomy":"post_tag","embeddable":true,"href":"https:\/\/contextoanalisisperiodistico.com\/index.php\/wp-json\/wp\/v2\/tags?post=27539"}],"curies":[{"name":"wp","href":"https:\/\/api.w.org\/{rel}","templated":true}]}}