{"id":27532,"date":"2024-06-15T10:32:33","date_gmt":"2024-06-15T16:32:33","guid":{"rendered":"https:\/\/contextoanalisisperiodistico.com\/index.php\/2024\/06\/15\/recomienda-ayuntamiento-sustituir-agua-por-arena-humeda-en-panteones-por-dia-del-padre\/"},"modified":"2024-06-15T10:32:33","modified_gmt":"2024-06-15T16:32:33","slug":"recomienda-ayuntamiento-sustituir-agua-por-arena-humeda-en-panteones-por-dia-del-padre","status":"publish","type":"post","link":"https:\/\/contextoanalisisperiodistico.com\/index.php\/2024\/06\/15\/recomienda-ayuntamiento-sustituir-agua-por-arena-humeda-en-panteones-por-dia-del-padre\/","title":{"rendered":"Recomienda Ayuntamiento sustituir agua por arena h\u00fameda en panteones por D\u00eda del Padre"},"content":{"rendered":"<div id=\"fb-root\"><\/div>\n\n<p>Como medio de prevenci\u00f3n para evitar la proliferaci\u00f3n del mosquito del dengue.<\/p>\n\n\n\n<p>Oaxaca de Ju\u00e1rez, Oax., 14 de junio de 2024.- En el marco de la celebraci\u00f3n del d\u00eda del padre este pr\u00f3ximo domingo el Ayuntamiento de Oaxaca de Ju\u00e1rez llev\u00f3 a cabo la abatizaci\u00f3n en panteones para aminorar la proliferaci\u00f3n de mosquitos portadores de enfermedades como dengue, zika y chikungunya.<\/p>\n\n\n\n<p>Personal de la Secretar\u00eda de Servicios Municipales verti\u00f3 la sustancia qu\u00edmica en los dep\u00f3sitos de agua y floreros que se encuentran al interior de los panteones municipales. De esta manera, el gobierno municipal refuerza una serie de acciones preventivas para combatir enfermedades.&nbsp;<\/p>\n\n\n\n<p>Cabe destacar que todos los panteones de la capital permanecer\u00e1n abiertos desde las 7:00 horas hasta las 18:00 el pr\u00f3ximo domingo 16 de junio, con motivo del D\u00eda del Padre, por lo que el Ayuntamiento recomienda las siguientes medidas:<\/p>\n\n\n\n<p>No llenar los floreros con agua nueva.<\/p>\n\n\n\n<p>Utilizar arena h\u00fameda para sustituir el agua, esto mantendr\u00e1 hidratadas a las flores sin producir criaderos del mosquito del dengue.<\/p>\n\n\n\n<p>Con estas acciones, la autoridad municipal en conjunto con la poblaci\u00f3n contribuyen a prevenir el incremento de contagios. Es de suma importancia tener en cuenta que los factores de multiplicaci\u00f3n de mosquitos son el agua estancada, las \u00e9pocas de lluvia, la falta de limpieza y mantenimiento en ciertos espacios.<\/p>\n\n\n\n<p>Las y los oaxaque\u00f1os juegan un papel crucial en la prevenci\u00f3n de esta enfermedad, por lo que el gobierno municipal insta a la ciudadan\u00eda a participar en las campa\u00f1as de descacharrizaci\u00f3n que contin\u00faan visitando agencias, barrios y colonias de Oaxaca de Ju\u00e1rez.<\/p>\n\n\n\n<figure class=\"wp-block-image size-large\"><img fetchpriority=\"high\" decoding=\"async\" width=\"1024\" height=\"682\" src=\"https:\/\/contextoanalisisperiodistico.com\/wp-content\/uploads\/2024\/06\/278efd9e-7760-45a3-82bd-6a399e927522-1_all_184221583022927479739794-1024x682.jpg\" alt=\"\" class=\"wp-image-27529\" srcset=\"https:\/\/contextoanalisisperiodistico.com\/wp-content\/uploads\/2024\/06\/278efd9e-7760-45a3-82bd-6a399e927522-1_all_184221583022927479739794-1024x682.jpg 1024w, https:\/\/contextoanalisisperiodistico.com\/wp-content\/uploads\/2024\/06\/278efd9e-7760-45a3-82bd-6a399e927522-1_all_184221583022927479739794-300x200.jpg 300w, https:\/\/contextoanalisisperiodistico.com\/wp-content\/uploads\/2024\/06\/278efd9e-7760-45a3-82bd-6a399e927522-1_all_184221583022927479739794-768x512.jpg 768w, https:\/\/contextoanalisisperiodistico.com\/wp-content\/uploads\/2024\/06\/278efd9e-7760-45a3-82bd-6a399e927522-1_all_184221583022927479739794-1536x1023.jpg 1536w, https:\/\/contextoanalisisperiodistico.com\/wp-content\/uploads\/2024\/06\/278efd9e-7760-45a3-82bd-6a399e927522-1_all_184221583022927479739794.jpg 1600w\" sizes=\"(max-width: 1024px) 100vw, 1024px\" \/><\/figure>\n\n\n\n<figure class=\"wp-block-image\"><img decoding=\"async\" width=\"666\" height=\"1024\" src=\"https:\/\/contextoanalisisperiodistico.com\/wp-content\/uploads\/2024\/06\/278efd9e-7760-45a3-82bd-6a399e927522-1_all_184245469594008424546828-666x1024.jpg\" alt=\"\" class=\"wp-image-27530\" srcset=\"https:\/\/contextoanalisisperiodistico.com\/wp-content\/uploads\/2024\/06\/278efd9e-7760-45a3-82bd-6a399e927522-1_all_184245469594008424546828-666x1024.jpg 666w, https:\/\/contextoanalisisperiodistico.com\/wp-content\/uploads\/2024\/06\/278efd9e-7760-45a3-82bd-6a399e927522-1_all_184245469594008424546828-195x300.jpg 195w, https:\/\/contextoanalisisperiodistico.com\/wp-content\/uploads\/2024\/06\/278efd9e-7760-45a3-82bd-6a399e927522-1_all_184245469594008424546828-768x1182.jpg 768w, https:\/\/contextoanalisisperiodistico.com\/wp-content\/uploads\/2024\/06\/278efd9e-7760-45a3-82bd-6a399e927522-1_all_184245469594008424546828-998x1536.jpg 998w, https:\/\/contextoanalisisperiodistico.com\/wp-content\/uploads\/2024\/06\/278efd9e-7760-45a3-82bd-6a399e927522-1_all_184245469594008424546828-1024x1575.jpg 1024w, https:\/\/contextoanalisisperiodistico.com\/wp-content\/uploads\/2024\/06\/278efd9e-7760-45a3-82bd-6a399e927522-1_all_184245469594008424546828.jpg 1040w\" sizes=\"(max-width: 666px) 100vw, 666px\" \/><\/figure>\n\n\n\n<figure class=\"wp-block-image\"><img decoding=\"async\" width=\"1024\" height=\"511\" src=\"https:\/\/contextoanalisisperiodistico.com\/wp-content\/uploads\/2024\/06\/278efd9e-7760-45a3-82bd-6a399e927522-1_all_184234822309894163526459-1024x511.jpg\" alt=\"\" class=\"wp-image-27531\" srcset=\"https:\/\/contextoanalisisperiodistico.com\/wp-content\/uploads\/2024\/06\/278efd9e-7760-45a3-82bd-6a399e927522-1_all_184234822309894163526459-1024x511.jpg 1024w, https:\/\/contextoanalisisperiodistico.com\/wp-content\/uploads\/2024\/06\/278efd9e-7760-45a3-82bd-6a399e927522-1_all_184234822309894163526459-300x150.jpg 300w, https:\/\/contextoanalisisperiodistico.com\/wp-content\/uploads\/2024\/06\/278efd9e-7760-45a3-82bd-6a399e927522-1_all_184234822309894163526459-768x383.jpg 768w, https:\/\/contextoanalisisperiodistico.com\/wp-content\/uploads\/2024\/06\/278efd9e-7760-45a3-82bd-6a399e927522-1_all_184234822309894163526459-1536x766.jpg 1536w, https:\/\/contextoanalisisperiodistico.com\/wp-content\/uploads\/2024\/06\/278efd9e-7760-45a3-82bd-6a399e927522-1_all_184234822309894163526459.jpg 1600w\" sizes=\"(max-width: 1024px) 100vw, 1024px\" \/><\/figure>\n","protected":false},"excerpt":{"rendered":"<p>Como medio de prevenci\u00f3n para evitar la proliferaci\u00f3n del mosquito del dengue. Oaxaca de Ju\u00e1rez,&#8230;<\/p>\n","protected":false},"author":4,"featured_media":27528,"comment_status":"","ping_status":"open","sticky":false,"template":"","format":"standard","meta":{"footnotes":""},"categories":[9],"tags":[],"jetpack_sharing_enabled":true,"featured_image_urls":{"full":["https:\/\/contextoanalisisperiodistico.com\/wp-content\/uploads\/2024\/06\/278efd9e-7760-45a3-82bd-6a399e927522-1_all_18425.jpg",1600,1038,false],"thumbnail":["https:\/\/contextoanalisisperiodistico.com\/wp-content\/uploads\/2024\/06\/278efd9e-7760-45a3-82bd-6a399e927522-1_all_18425-150x150.jpg",150,150,true],"medium":["https:\/\/contextoanalisisperiodistico.com\/wp-content\/uploads\/2024\/06\/278efd9e-7760-45a3-82bd-6a399e927522-1_all_18425-300x195.jpg",300,195,true],"medium_large":["https:\/\/contextoanalisisperiodistico.com\/wp-content\/uploads\/2024\/06\/278efd9e-7760-45a3-82bd-6a399e927522-1_all_18425-768x498.jpg",640,415,true],"large":["https:\/\/contextoanalisisperiodistico.com\/wp-content\/uploads\/2024\/06\/278efd9e-7760-45a3-82bd-6a399e927522-1_all_18425-1024x664.jpg",640,415,true],"1536x1536":["https:\/\/contextoanalisisperiodistico.com\/wp-content\/uploads\/2024\/06\/278efd9e-7760-45a3-82bd-6a399e927522-1_all_18425-1536x996.jpg",1536,996,true],"2048x2048":["https:\/\/contextoanalisisperiodistico.com\/wp-content\/uploads\/2024\/06\/278efd9e-7760-45a3-82bd-6a399e927522-1_all_18425.jpg",1600,1038,false],"covernews-slider-full":["https:\/\/contextoanalisisperiodistico.com\/wp-content\/uploads\/2024\/06\/278efd9e-7760-45a3-82bd-6a399e927522-1_all_18425-1115x715.jpg",1115,715,true],"covernews-slider-center":["https:\/\/contextoanalisisperiodistico.com\/wp-content\/uploads\/2024\/06\/278efd9e-7760-45a3-82bd-6a399e927522-1_all_18425-800x500.jpg",800,500,true],"covernews-featured":["https:\/\/contextoanalisisperiodistico.com\/wp-content\/uploads\/2024\/06\/278efd9e-7760-45a3-82bd-6a399e927522-1_all_18425-1024x664.jpg",1024,664,true],"covernews-medium":["https:\/\/contextoanalisisperiodistico.com\/wp-content\/uploads\/2024\/06\/278efd9e-7760-45a3-82bd-6a399e927522-1_all_18425-540x340.jpg",540,340,true],"covernews-medium-square":["https:\/\/contextoanalisisperiodistico.com\/wp-content\/uploads\/2024\/06\/278efd9e-7760-45a3-82bd-6a399e927522-1_all_18425-400x250.jpg",400,250,true]},"author_info":{"display_name":"Mario Gir\u00f3n","author_link":"https:\/\/contextoanalisisperiodistico.com\/index.php\/author\/director\/"},"category_info":"<a href=\"https:\/\/contextoanalisisperiodistico.com\/index.php\/category\/politica\/\" rel=\"category tag\">Pol\u00edtica<\/a>","tag_info":"Pol\u00edtica","comment_count":"0","jetpack_featured_media_url":"https:\/\/contextoanalisisperiodistico.com\/wp-content\/uploads\/2024\/06\/278efd9e-7760-45a3-82bd-6a399e927522-1_all_18425.jpg","_links":{"self":[{"href":"https:\/\/contextoanalisisperiodistico.com\/index.php\/wp-json\/wp\/v2\/posts\/27532"}],"collection":[{"href":"https:\/\/contextoanalisisperiodistico.com\/index.php\/wp-json\/wp\/v2\/posts"}],"about":[{"href":"https:\/\/contextoanalisisperiodistico.com\/index.php\/wp-json\/wp\/v2\/types\/post"}],"author":[{"embeddable":true,"href":"https:\/\/contextoanalisisperiodistico.com\/index.php\/wp-json\/wp\/v2\/users\/4"}],"replies":[{"embeddable":true,"href":"https:\/\/contextoanalisisperiodistico.com\/index.php\/wp-json\/wp\/v2\/comments?post=27532"}],"version-history":[{"count":0,"href":"https:\/\/contextoanalisisperiodistico.com\/index.php\/wp-json\/wp\/v2\/posts\/27532\/revisions"}],"wp:featuredmedia":[{"embeddable":true,"href":"https:\/\/contextoanalisisperiodistico.com\/index.php\/wp-json\/wp\/v2\/media\/27528"}],"wp:attachment":[{"href":"https:\/\/contextoanalisisperiodistico.com\/index.php\/wp-json\/wp\/v2\/media?parent=27532"}],"wp:term":[{"taxonomy":"category","embeddable":true,"href":"https:\/\/contextoanalisisperiodistico.com\/index.php\/wp-json\/wp\/v2\/categories?post=27532"},{"taxonomy":"post_tag","embeddable":true,"href":"https:\/\/contextoanalisisperiodistico.com\/index.php\/wp-json\/wp\/v2\/tags?post=27532"}],"curies":[{"name":"wp","href":"https:\/\/api.w.org\/{rel}","templated":true}]}}