{"id":27527,"date":"2024-06-14T21:50:32","date_gmt":"2024-06-15T03:50:32","guid":{"rendered":"https:\/\/contextoanalisisperiodistico.com\/index.php\/2024\/06\/14\/atiende-gobierno-de-oaxaca-rezago-de-san-pedro-y-san-pablo-tequixtepec\/"},"modified":"2024-06-14T21:50:32","modified_gmt":"2024-06-15T03:50:32","slug":"atiende-gobierno-de-oaxaca-rezago-de-san-pedro-y-san-pablo-tequixtepec","status":"publish","type":"post","link":"https:\/\/contextoanalisisperiodistico.com\/index.php\/2024\/06\/14\/atiende-gobierno-de-oaxaca-rezago-de-san-pedro-y-san-pablo-tequixtepec\/","title":{"rendered":"Atiende Gobierno de Oaxaca rezago de San Pedro y San Pablo Tequixtepec"},"content":{"rendered":"<div id=\"fb-root\"><\/div>\n\n<p>\u2022 Destina m\u00e1s de 13 millones de pesos a trav\u00e9s del esquema Trabajo que Transforma tu Municipio<\/p>\n\n\n\n<figure class=\"wp-block-image size-large\"><img fetchpriority=\"high\" decoding=\"async\" width=\"700\" height=\"466\" src=\"https:\/\/contextoanalisisperiodistico.com\/wp-content\/uploads\/2024\/06\/img-20240614-wa00286051496347969987825.jpg\" alt=\"\" class=\"wp-image-27523\" srcset=\"https:\/\/contextoanalisisperiodistico.com\/wp-content\/uploads\/2024\/06\/img-20240614-wa00286051496347969987825.jpg 700w, https:\/\/contextoanalisisperiodistico.com\/wp-content\/uploads\/2024\/06\/img-20240614-wa00286051496347969987825-300x200.jpg 300w\" sizes=\"(max-width: 700px) 100vw, 700px\" \/><\/figure>\n\n\n\n<figure class=\"wp-block-image\"><img decoding=\"async\" width=\"300\" height=\"200\" src=\"https:\/\/contextoanalisisperiodistico.com\/wp-content\/uploads\/2024\/06\/img-20240614-wa00291217644758781256500-300x200.jpg\" alt=\"\" class=\"wp-image-27526\" srcset=\"https:\/\/contextoanalisisperiodistico.com\/wp-content\/uploads\/2024\/06\/img-20240614-wa00291217644758781256500-300x200.jpg 300w, https:\/\/contextoanalisisperiodistico.com\/wp-content\/uploads\/2024\/06\/img-20240614-wa00291217644758781256500.jpg 700w\" sizes=\"(max-width: 300px) 100vw, 300px\" \/><\/figure>\n\n\n\n<figure class=\"wp-block-image\"><img decoding=\"async\" width=\"300\" height=\"200\" src=\"https:\/\/contextoanalisisperiodistico.com\/wp-content\/uploads\/2024\/06\/img-20240614-wa00271766122847255345794-300x200.jpg\" alt=\"\" class=\"wp-image-27525\" srcset=\"https:\/\/contextoanalisisperiodistico.com\/wp-content\/uploads\/2024\/06\/img-20240614-wa00271766122847255345794-300x200.jpg 300w, https:\/\/contextoanalisisperiodistico.com\/wp-content\/uploads\/2024\/06\/img-20240614-wa00271766122847255345794.jpg 700w\" sizes=\"(max-width: 300px) 100vw, 300px\" \/><\/figure>\n\n\n\n<figure class=\"wp-block-image\"><img loading=\"lazy\" decoding=\"async\" width=\"300\" height=\"207\" src=\"https:\/\/contextoanalisisperiodistico.com\/wp-content\/uploads\/2024\/06\/img-20240614-wa00267208603975661073499-300x207.jpg\" alt=\"\" class=\"wp-image-27524\" srcset=\"https:\/\/contextoanalisisperiodistico.com\/wp-content\/uploads\/2024\/06\/img-20240614-wa00267208603975661073499-300x207.jpg 300w, https:\/\/contextoanalisisperiodistico.com\/wp-content\/uploads\/2024\/06\/img-20240614-wa00267208603975661073499.jpg 700w\" sizes=\"(max-width: 300px) 100vw, 300px\" \/><\/figure>\n\n\n\n<p>San Pedro y San Pablo Tequixtepec, Oax. 14 de junio de 2024.- La pavimentaci\u00f3n de caminos, el apoyo a jefas de familia, as\u00ed como la entrega de kits m\u00e9dicos son parte de la atenci\u00f3n que el Gobierno del Estado de Oaxaca brinda en San Pedro y San Pablo Tequixtepec para resarcir el olvido en el que se encontraba esta comunidad de la regi\u00f3n de la Mixteca.<\/p>\n\n\n\n<p>Como parte del esquema Trabajo que Transforma tu Municipio, el Gobernador Salom\u00f3n Jara Cruz acudi\u00f3 a esta localidad para anunciar una inversi\u00f3n de 13 millones 800 mil pesos aplicados en obras y programas en beneficio de los m\u00e1s de mil 700 habitantes.<\/p>\n\n\n\n<p>De esta manera, el Mandatario estatal dio a conocer que Caminos Bienestar (Cabien) realizar\u00e1 la primera etapa de la pavimentaci\u00f3n del tramo que va de San Juan Yolotepec a Santa Catalina Chinango, con recurso por el orden de 10 millones de pesos.<\/p>\n\n\n\n<p>Mediante el programa Itacate de Mi Coraz\u00f3n, el Sistema Estatal para el Desarrollo Integral de la Familia (DIF) Oaxaca canaliza 168 mil 729 pesos a favor de los grupos prioritarios.<\/p>\n\n\n\n<p>La Comisi\u00f3n Estatal del Agua para el Bienestar (Ceabien) atender\u00e1 tres solicitudes para la perforaci\u00f3n de pozos profundos en la cabecera municipal y en las agencias de San Francisco Huapanapan y San Juan Yolotepec, respectivamente. Tambi\u00e9n, la Secretar\u00eda de Fomento Agroalimentario y Desarrollo Rural (Sefader) llevar\u00e1 a cabo un estudio para el desazolve de una represa de la localidad.<\/p>\n\n\n\n<p>En este marco, Servicios de Salud de Oaxaca (SSO) hizo entrega de dos kits m\u00e9dicos a igual n\u00famero de casas de salud pertenecientes a esta municipalidad.<\/p>\n\n\n\n<p>Durante 2023, la Secretar\u00eda de Bienestar, Tequio e Inclusi\u00f3n (Sebienti) destin\u00f3 168 mil pesos para la Tarjeta Margarita Maza en apoyo a las jefas de familia que se encuentran en pobreza extrema; en este 2024 el apoyo continuar\u00e1.<\/p>\n\n\n\n<p>Para atender el rezago educativo, el Instituto Estatal de Educaci\u00f3n P\u00fablica de Oaxaca (IEEPO) entregar\u00e1 material de aseo, oficina y deportivo, as\u00ed como un lote de mobiliario, dos computadoras, proyectores, pizarrones e impresoras a 13 centros educativos. Adicionalmente, regresar\u00e1 una clave a una instituci\u00f3n que fue clausurada por falta de alumnado.<\/p>\n\n\n\n<p>El Instituto Oaxaque\u00f1o Constructor de Infraestructura Educativa (Iocied) dar\u00e1 seguimiento a diversas solicitudes de centros de educaci\u00f3n. Por su parte, Vivienda Bienestar (Vibien) realizar\u00e1 la construcci\u00f3n de 30 pisos firmes para las familias que m\u00e1s lo necesiten.<\/p>\n\n\n\n<p>-0-<\/p>\n","protected":false},"excerpt":{"rendered":"<p>\u2022 Destina m\u00e1s de 13 millones de pesos a trav\u00e9s del esquema Trabajo que Transforma&#8230;<\/p>\n","protected":false},"author":4,"featured_media":27522,"comment_status":"","ping_status":"open","sticky":false,"template":"","format":"standard","meta":{"footnotes":""},"categories":[9],"tags":[],"jetpack_sharing_enabled":true,"featured_image_urls":{"full":["https:\/\/contextoanalisisperiodistico.com\/wp-content\/uploads\/2024\/06\/IMG-20240614-WA0025.jpg",632,460,false],"thumbnail":["https:\/\/contextoanalisisperiodistico.com\/wp-content\/uploads\/2024\/06\/IMG-20240614-WA0025-150x150.jpg",150,150,true],"medium":["https:\/\/contextoanalisisperiodistico.com\/wp-content\/uploads\/2024\/06\/IMG-20240614-WA0025-300x218.jpg",300,218,true],"medium_large":["https:\/\/contextoanalisisperiodistico.com\/wp-content\/uploads\/2024\/06\/IMG-20240614-WA0025.jpg",632,460,false],"large":["https:\/\/contextoanalisisperiodistico.com\/wp-content\/uploads\/2024\/06\/IMG-20240614-WA0025.jpg",632,460,false],"1536x1536":["https:\/\/contextoanalisisperiodistico.com\/wp-content\/uploads\/2024\/06\/IMG-20240614-WA0025.jpg",632,460,false],"2048x2048":["https:\/\/contextoanalisisperiodistico.com\/wp-content\/uploads\/2024\/06\/IMG-20240614-WA0025.jpg",632,460,false],"covernews-slider-full":["https:\/\/contextoanalisisperiodistico.com\/wp-content\/uploads\/2024\/06\/IMG-20240614-WA0025.jpg",632,460,false],"covernews-slider-center":["https:\/\/contextoanalisisperiodistico.com\/wp-content\/uploads\/2024\/06\/IMG-20240614-WA0025.jpg",632,460,false],"covernews-featured":["https:\/\/contextoanalisisperiodistico.com\/wp-content\/uploads\/2024\/06\/IMG-20240614-WA0025.jpg",632,460,false],"covernews-medium":["https:\/\/contextoanalisisperiodistico.com\/wp-content\/uploads\/2024\/06\/IMG-20240614-WA0025-540x340.jpg",540,340,true],"covernews-medium-square":["https:\/\/contextoanalisisperiodistico.com\/wp-content\/uploads\/2024\/06\/IMG-20240614-WA0025-400x250.jpg",400,250,true]},"author_info":{"display_name":"Mario Gir\u00f3n","author_link":"https:\/\/contextoanalisisperiodistico.com\/index.php\/author\/director\/"},"category_info":"<a href=\"https:\/\/contextoanalisisperiodistico.com\/index.php\/category\/politica\/\" rel=\"category tag\">Pol\u00edtica<\/a>","tag_info":"Pol\u00edtica","comment_count":"0","jetpack_featured_media_url":"https:\/\/contextoanalisisperiodistico.com\/wp-content\/uploads\/2024\/06\/IMG-20240614-WA0025.jpg","_links":{"self":[{"href":"https:\/\/contextoanalisisperiodistico.com\/index.php\/wp-json\/wp\/v2\/posts\/27527"}],"collection":[{"href":"https:\/\/contextoanalisisperiodistico.com\/index.php\/wp-json\/wp\/v2\/posts"}],"about":[{"href":"https:\/\/contextoanalisisperiodistico.com\/index.php\/wp-json\/wp\/v2\/types\/post"}],"author":[{"embeddable":true,"href":"https:\/\/contextoanalisisperiodistico.com\/index.php\/wp-json\/wp\/v2\/users\/4"}],"replies":[{"embeddable":true,"href":"https:\/\/contextoanalisisperiodistico.com\/index.php\/wp-json\/wp\/v2\/comments?post=27527"}],"version-history":[{"count":0,"href":"https:\/\/contextoanalisisperiodistico.com\/index.php\/wp-json\/wp\/v2\/posts\/27527\/revisions"}],"wp:featuredmedia":[{"embeddable":true,"href":"https:\/\/contextoanalisisperiodistico.com\/index.php\/wp-json\/wp\/v2\/media\/27522"}],"wp:attachment":[{"href":"https:\/\/contextoanalisisperiodistico.com\/index.php\/wp-json\/wp\/v2\/media?parent=27527"}],"wp:term":[{"taxonomy":"category","embeddable":true,"href":"https:\/\/contextoanalisisperiodistico.com\/index.php\/wp-json\/wp\/v2\/categories?post=27527"},{"taxonomy":"post_tag","embeddable":true,"href":"https:\/\/contextoanalisisperiodistico.com\/index.php\/wp-json\/wp\/v2\/tags?post=27527"}],"curies":[{"name":"wp","href":"https:\/\/api.w.org\/{rel}","templated":true}]}}