{"id":27511,"date":"2024-06-14T11:28:39","date_gmt":"2024-06-14T17:28:39","guid":{"rendered":"https:\/\/contextoanalisisperiodistico.com\/index.php\/2024\/06\/14\/tarjeta-joven-programa-encaminado-a-saldar-la-deuda-historica-con-las-juventudes\/"},"modified":"2024-06-14T11:28:39","modified_gmt":"2024-06-14T17:28:39","slug":"tarjeta-joven-programa-encaminado-a-saldar-la-deuda-historica-con-las-juventudes","status":"publish","type":"post","link":"https:\/\/contextoanalisisperiodistico.com\/index.php\/2024\/06\/14\/tarjeta-joven-programa-encaminado-a-saldar-la-deuda-historica-con-las-juventudes\/","title":{"rendered":"Tarjeta Joven, programa encaminado a saldar la deuda hist\u00f3rica con las juventudes"},"content":{"rendered":"<div id=\"fb-root\"><\/div>\n\n<p>\u2022 Durante la emisi\u00f3n del programa televisivo Jueves de Gozona se invit\u00f3 a las y los j\u00f3venes a inscribirse a esta estrategia que busca impulsar su desarrollo integral<\/p>\n\n\n\n<figure class=\"wp-block-image size-large\"><img fetchpriority=\"high\" decoding=\"async\" width=\"1024\" height=\"768\" src=\"https:\/\/contextoanalisisperiodistico.com\/wp-content\/uploads\/2024\/06\/img-20240614-wa00063748038286956027594-1024x768.jpg\" alt=\"\" class=\"wp-image-27510\" srcset=\"https:\/\/contextoanalisisperiodistico.com\/wp-content\/uploads\/2024\/06\/img-20240614-wa00063748038286956027594-1024x768.jpg 1024w, https:\/\/contextoanalisisperiodistico.com\/wp-content\/uploads\/2024\/06\/img-20240614-wa00063748038286956027594-300x225.jpg 300w, https:\/\/contextoanalisisperiodistico.com\/wp-content\/uploads\/2024\/06\/img-20240614-wa00063748038286956027594-768x576.jpg 768w, https:\/\/contextoanalisisperiodistico.com\/wp-content\/uploads\/2024\/06\/img-20240614-wa00063748038286956027594.jpg 1280w\" sizes=\"(max-width: 1024px) 100vw, 1024px\" \/><\/figure>\n\n\n\n<figure class=\"wp-block-image\"><img decoding=\"async\" width=\"1024\" height=\"768\" src=\"https:\/\/contextoanalisisperiodistico.com\/wp-content\/uploads\/2024\/06\/img-20240614-wa00021624384139886817343-1024x768.jpg\" alt=\"\" class=\"wp-image-27508\" srcset=\"https:\/\/contextoanalisisperiodistico.com\/wp-content\/uploads\/2024\/06\/img-20240614-wa00021624384139886817343-1024x768.jpg 1024w, https:\/\/contextoanalisisperiodistico.com\/wp-content\/uploads\/2024\/06\/img-20240614-wa00021624384139886817343-300x225.jpg 300w, https:\/\/contextoanalisisperiodistico.com\/wp-content\/uploads\/2024\/06\/img-20240614-wa00021624384139886817343-768x576.jpg 768w, https:\/\/contextoanalisisperiodistico.com\/wp-content\/uploads\/2024\/06\/img-20240614-wa00021624384139886817343.jpg 1280w\" sizes=\"(max-width: 1024px) 100vw, 1024px\" \/><\/figure>\n\n\n\n<figure class=\"wp-block-image\"><img decoding=\"async\" width=\"1024\" height=\"682\" src=\"https:\/\/contextoanalisisperiodistico.com\/wp-content\/uploads\/2024\/06\/img-20240614-wa00043436722145073177039-1024x682.jpg\" alt=\"\" class=\"wp-image-27507\" srcset=\"https:\/\/contextoanalisisperiodistico.com\/wp-content\/uploads\/2024\/06\/img-20240614-wa00043436722145073177039-1024x682.jpg 1024w, https:\/\/contextoanalisisperiodistico.com\/wp-content\/uploads\/2024\/06\/img-20240614-wa00043436722145073177039-300x200.jpg 300w, https:\/\/contextoanalisisperiodistico.com\/wp-content\/uploads\/2024\/06\/img-20240614-wa00043436722145073177039-768x512.jpg 768w, https:\/\/contextoanalisisperiodistico.com\/wp-content\/uploads\/2024\/06\/img-20240614-wa00043436722145073177039.jpg 1280w\" sizes=\"(max-width: 1024px) 100vw, 1024px\" \/><\/figure>\n\n\n\n<figure class=\"wp-block-image\"><img loading=\"lazy\" decoding=\"async\" width=\"1024\" height=\"768\" src=\"https:\/\/contextoanalisisperiodistico.com\/wp-content\/uploads\/2024\/06\/img-20240614-wa00018731838930988078282-1024x768.jpg\" alt=\"\" class=\"wp-image-27509\" srcset=\"https:\/\/contextoanalisisperiodistico.com\/wp-content\/uploads\/2024\/06\/img-20240614-wa00018731838930988078282-1024x768.jpg 1024w, https:\/\/contextoanalisisperiodistico.com\/wp-content\/uploads\/2024\/06\/img-20240614-wa00018731838930988078282-300x225.jpg 300w, https:\/\/contextoanalisisperiodistico.com\/wp-content\/uploads\/2024\/06\/img-20240614-wa00018731838930988078282-768x576.jpg 768w, https:\/\/contextoanalisisperiodistico.com\/wp-content\/uploads\/2024\/06\/img-20240614-wa00018731838930988078282.jpg 1280w\" sizes=\"(max-width: 1024px) 100vw, 1024px\" \/><\/figure>\n\n\n\n<p>Oaxaca de Ju\u00e1rez, Oax. 14 de junio de 2014.- El Gobierno de Oaxaca a trav\u00e9s del Instituto de la Juventud del Estado de Oaxaca (Injeo) convoca a las juventudes a inscribirse al programa Tarjeta Joven que tiene como objetivo contribuir al acceso a la cultura, deporte y sano esparcimiento de este sector.<\/p>\n\n\n\n<p>Durante la emisi\u00f3n del programa televisivo Jueves de Gozona transmitido desde Santa Cruz Xoxocotl\u00e1n, el director del Injeo Rodrigo V\u00e1squez V\u00e1squez se\u00f1al\u00f3 que esta convocatoria que busca beneficiar a 10 mil j\u00f3venes de 18 a 20 a\u00f1os en todo el estado para contribuir en su desarrollo integral, estar\u00e1 vigente hasta el 30 de junio.<\/p>\n\n\n\n<p>Destac\u00f3 que, a 4 d\u00edas del lanzamiento del programa encaminado a saldar la deuda hist\u00f3rica con las juventudes, se tienen 2 mil 800 j\u00f3venes inscritos a trav\u00e9s de la plataforma www.oaxaca.gob.mex\/INJEO.<\/p>\n\n\n\n<p>V\u00e1squez V\u00e1squez explic\u00f3 que esta estrategia impulsada por el Gobierno de la Primavera Oaxaque\u00f1a que encabeza el Gobernador Salom\u00f3n Jara Cruz consiste en otorgar a trav\u00e9s de la tarjeta un saldo de 7 mil 200 pesos anuales, los cuales podr\u00e1n utilizarse para la adquisici\u00f3n de un libro, pagar el acceso a un museo o la mensualidad de alg\u00fan taller de m\u00fasica, pintura o de gimnasio, as\u00ed como la recarga de sus tarjetas del Sistema Colectivo Metropolitano Citybus Oaxaca.<\/p>\n\n\n\n<p>El director del Injeo recalc\u00f3 que mediante la Tarjeta Joven se fomenta la reactivaci\u00f3n econ\u00f3mica, toda vez que se promueve la inclusi\u00f3n de las peque\u00f1as y medianas empresas, para que las y los j\u00f3venes consuman productos y servicios locales.<\/p>\n\n\n\n<p>De esta manera les invit\u00f3 a inscribirse a trav\u00e9s de la plataforma del Injeo en la cual deber\u00e1n descargar los formatos para la realizaci\u00f3n de un estudio socioecon\u00f3mico y una solicitud de incorporaci\u00f3n al programa, los cuales una vez llenados tendr\u00e1n que subirse nuevamente junto con otros requisitos como: Acta de nacimiento, Clave \u00danica de Registro de Poblaci\u00f3n (CURP), comprobante de domicilio no mayor a tres meses, e identificaci\u00f3n oficial con fotograf\u00eda.<\/p>\n\n\n\n<p>A\u00f1adi\u00f3 que el 11 de julio se dar\u00e1n a conocer a las juventudes beneficiarias.<\/p>\n\n\n\n<p>Durante esta emisi\u00f3n de Jueves de Gozona se cont\u00f3 con la presentaci\u00f3n del Grupo Cultural de San Sebasti\u00e1n, y en la secci\u00f3n Oaxaca Profundo, la cocinera tradicional Celina Tiburcio present\u00f3 el platillo Plete Tamal, \u00fanico de Santa Cruz Xoxocotl\u00e1n que se elabora como ofrenda durante la festividad de Todos Santos.<\/p>\n\n\n\n<p>Tambi\u00e9n particip\u00f3 Ang\u00e9lico Jim\u00e9nez, artesano de talla de madera, quien mostr\u00f3 parte del arte que plasma en animales fant\u00e1sticos con dise\u00f1os originales de Oaxaca.<\/p>\n\n\n\n<p>-0-<\/p>\n","protected":false},"excerpt":{"rendered":"<p>\u2022 Durante la emisi\u00f3n del programa televisivo Jueves de Gozona se invit\u00f3 a las y&#8230;<\/p>\n","protected":false},"author":4,"featured_media":27506,"comment_status":"","ping_status":"open","sticky":false,"template":"","format":"standard","meta":{"footnotes":""},"categories":[3],"tags":[],"jetpack_sharing_enabled":true,"featured_image_urls":{"full":["https:\/\/contextoanalisisperiodistico.com\/wp-content\/uploads\/2024\/06\/IMG-20240614-WA0003.jpg",1280,853,false],"thumbnail":["https:\/\/contextoanalisisperiodistico.com\/wp-content\/uploads\/2024\/06\/IMG-20240614-WA0003-150x150.jpg",150,150,true],"medium":["https:\/\/contextoanalisisperiodistico.com\/wp-content\/uploads\/2024\/06\/IMG-20240614-WA0003-300x200.jpg",300,200,true],"medium_large":["https:\/\/contextoanalisisperiodistico.com\/wp-content\/uploads\/2024\/06\/IMG-20240614-WA0003-768x512.jpg",640,427,true],"large":["https:\/\/contextoanalisisperiodistico.com\/wp-content\/uploads\/2024\/06\/IMG-20240614-WA0003-1024x682.jpg",640,426,true],"1536x1536":["https:\/\/contextoanalisisperiodistico.com\/wp-content\/uploads\/2024\/06\/IMG-20240614-WA0003.jpg",1280,853,false],"2048x2048":["https:\/\/contextoanalisisperiodistico.com\/wp-content\/uploads\/2024\/06\/IMG-20240614-WA0003.jpg",1280,853,false],"covernews-slider-full":["https:\/\/contextoanalisisperiodistico.com\/wp-content\/uploads\/2024\/06\/IMG-20240614-WA0003-1115x715.jpg",1115,715,true],"covernews-slider-center":["https:\/\/contextoanalisisperiodistico.com\/wp-content\/uploads\/2024\/06\/IMG-20240614-WA0003-800x500.jpg",800,500,true],"covernews-featured":["https:\/\/contextoanalisisperiodistico.com\/wp-content\/uploads\/2024\/06\/IMG-20240614-WA0003-1024x682.jpg",1024,682,true],"covernews-medium":["https:\/\/contextoanalisisperiodistico.com\/wp-content\/uploads\/2024\/06\/IMG-20240614-WA0003-540x340.jpg",540,340,true],"covernews-medium-square":["https:\/\/contextoanalisisperiodistico.com\/wp-content\/uploads\/2024\/06\/IMG-20240614-WA0003-400x250.jpg",400,250,true]},"author_info":{"display_name":"Mario Gir\u00f3n","author_link":"https:\/\/contextoanalisisperiodistico.com\/index.php\/author\/director\/"},"category_info":"<a href=\"https:\/\/contextoanalisisperiodistico.com\/index.php\/category\/ciudad\/\" rel=\"category tag\">Ciudad<\/a>","tag_info":"Ciudad","comment_count":"0","jetpack_featured_media_url":"https:\/\/contextoanalisisperiodistico.com\/wp-content\/uploads\/2024\/06\/IMG-20240614-WA0003.jpg","_links":{"self":[{"href":"https:\/\/contextoanalisisperiodistico.com\/index.php\/wp-json\/wp\/v2\/posts\/27511"}],"collection":[{"href":"https:\/\/contextoanalisisperiodistico.com\/index.php\/wp-json\/wp\/v2\/posts"}],"about":[{"href":"https:\/\/contextoanalisisperiodistico.com\/index.php\/wp-json\/wp\/v2\/types\/post"}],"author":[{"embeddable":true,"href":"https:\/\/contextoanalisisperiodistico.com\/index.php\/wp-json\/wp\/v2\/users\/4"}],"replies":[{"embeddable":true,"href":"https:\/\/contextoanalisisperiodistico.com\/index.php\/wp-json\/wp\/v2\/comments?post=27511"}],"version-history":[{"count":0,"href":"https:\/\/contextoanalisisperiodistico.com\/index.php\/wp-json\/wp\/v2\/posts\/27511\/revisions"}],"wp:featuredmedia":[{"embeddable":true,"href":"https:\/\/contextoanalisisperiodistico.com\/index.php\/wp-json\/wp\/v2\/media\/27506"}],"wp:attachment":[{"href":"https:\/\/contextoanalisisperiodistico.com\/index.php\/wp-json\/wp\/v2\/media?parent=27511"}],"wp:term":[{"taxonomy":"category","embeddable":true,"href":"https:\/\/contextoanalisisperiodistico.com\/index.php\/wp-json\/wp\/v2\/categories?post=27511"},{"taxonomy":"post_tag","embeddable":true,"href":"https:\/\/contextoanalisisperiodistico.com\/index.php\/wp-json\/wp\/v2\/tags?post=27511"}],"curies":[{"name":"wp","href":"https:\/\/api.w.org\/{rel}","templated":true}]}}