{"id":27385,"date":"2024-06-08T22:15:53","date_gmt":"2024-06-09T04:15:53","guid":{"rendered":"https:\/\/contextoanalisisperiodistico.com\/index.php\/2024\/06\/08\/centros-de-salud-de-la-sierra-de-juarez-tendran-mejoras-en-infraestructura\/"},"modified":"2024-06-08T22:15:53","modified_gmt":"2024-06-09T04:15:53","slug":"centros-de-salud-de-la-sierra-de-juarez-tendran-mejoras-en-infraestructura","status":"publish","type":"post","link":"https:\/\/contextoanalisisperiodistico.com\/index.php\/2024\/06\/08\/centros-de-salud-de-la-sierra-de-juarez-tendran-mejoras-en-infraestructura\/","title":{"rendered":"Centros de Salud de la Sierra de Ju\u00e1rez tendr\u00e1n mejoras en infraestructura"},"content":{"rendered":"<div id=\"fb-root\"><\/div>\n\n<p>\u2022 El Gobernador de Oaxaca entreg\u00f3 33 tarjetas La Cl\u00ednica es Nuestra a 23 municipios de esta regi\u00f3n<\/p>\n\n\n\n<figure class=\"wp-block-image size-large\"><img fetchpriority=\"high\" decoding=\"async\" width=\"1024\" height=\"682\" src=\"https:\/\/contextoanalisisperiodistico.com\/wp-content\/uploads\/2024\/06\/img-20240608-wa00648192873858381385390-1024x682.jpg\" alt=\"\" class=\"wp-image-27384\" srcset=\"https:\/\/contextoanalisisperiodistico.com\/wp-content\/uploads\/2024\/06\/img-20240608-wa00648192873858381385390-1024x682.jpg 1024w, https:\/\/contextoanalisisperiodistico.com\/wp-content\/uploads\/2024\/06\/img-20240608-wa00648192873858381385390-300x200.jpg 300w, https:\/\/contextoanalisisperiodistico.com\/wp-content\/uploads\/2024\/06\/img-20240608-wa00648192873858381385390-768x512.jpg 768w, https:\/\/contextoanalisisperiodistico.com\/wp-content\/uploads\/2024\/06\/img-20240608-wa00648192873858381385390-1536x1023.jpg 1536w, https:\/\/contextoanalisisperiodistico.com\/wp-content\/uploads\/2024\/06\/img-20240608-wa00648192873858381385390.jpg 1600w\" sizes=\"(max-width: 1024px) 100vw, 1024px\" \/><\/figure>\n\n\n\n<figure class=\"wp-block-image\"><img decoding=\"async\" width=\"1024\" height=\"682\" src=\"https:\/\/contextoanalisisperiodistico.com\/wp-content\/uploads\/2024\/06\/img-20240608-wa00626993954694014818588-1024x682.jpg\" alt=\"\" class=\"wp-image-27381\" srcset=\"https:\/\/contextoanalisisperiodistico.com\/wp-content\/uploads\/2024\/06\/img-20240608-wa00626993954694014818588-1024x682.jpg 1024w, https:\/\/contextoanalisisperiodistico.com\/wp-content\/uploads\/2024\/06\/img-20240608-wa00626993954694014818588-300x200.jpg 300w, https:\/\/contextoanalisisperiodistico.com\/wp-content\/uploads\/2024\/06\/img-20240608-wa00626993954694014818588-768x512.jpg 768w, https:\/\/contextoanalisisperiodistico.com\/wp-content\/uploads\/2024\/06\/img-20240608-wa00626993954694014818588-1536x1023.jpg 1536w, https:\/\/contextoanalisisperiodistico.com\/wp-content\/uploads\/2024\/06\/img-20240608-wa00626993954694014818588.jpg 1600w\" sizes=\"(max-width: 1024px) 100vw, 1024px\" \/><\/figure>\n\n\n\n<figure class=\"wp-block-image\"><img decoding=\"async\" width=\"1024\" height=\"682\" src=\"https:\/\/contextoanalisisperiodistico.com\/wp-content\/uploads\/2024\/06\/img-20240608-wa00657687160403498767233-1024x682.jpg\" alt=\"\" class=\"wp-image-27382\" srcset=\"https:\/\/contextoanalisisperiodistico.com\/wp-content\/uploads\/2024\/06\/img-20240608-wa00657687160403498767233-1024x682.jpg 1024w, https:\/\/contextoanalisisperiodistico.com\/wp-content\/uploads\/2024\/06\/img-20240608-wa00657687160403498767233-300x200.jpg 300w, https:\/\/contextoanalisisperiodistico.com\/wp-content\/uploads\/2024\/06\/img-20240608-wa00657687160403498767233-768x512.jpg 768w, https:\/\/contextoanalisisperiodistico.com\/wp-content\/uploads\/2024\/06\/img-20240608-wa00657687160403498767233-1536x1023.jpg 1536w, https:\/\/contextoanalisisperiodistico.com\/wp-content\/uploads\/2024\/06\/img-20240608-wa00657687160403498767233.jpg 1600w\" sizes=\"(max-width: 1024px) 100vw, 1024px\" \/><\/figure>\n\n\n\n<figure class=\"wp-block-image\"><img loading=\"lazy\" decoding=\"async\" width=\"1024\" height=\"682\" src=\"https:\/\/contextoanalisisperiodistico.com\/wp-content\/uploads\/2024\/06\/img-20240608-wa00635659316369063405143-1024x682.jpg\" alt=\"\" class=\"wp-image-27383\" srcset=\"https:\/\/contextoanalisisperiodistico.com\/wp-content\/uploads\/2024\/06\/img-20240608-wa00635659316369063405143-1024x682.jpg 1024w, https:\/\/contextoanalisisperiodistico.com\/wp-content\/uploads\/2024\/06\/img-20240608-wa00635659316369063405143-300x200.jpg 300w, https:\/\/contextoanalisisperiodistico.com\/wp-content\/uploads\/2024\/06\/img-20240608-wa00635659316369063405143-768x512.jpg 768w, https:\/\/contextoanalisisperiodistico.com\/wp-content\/uploads\/2024\/06\/img-20240608-wa00635659316369063405143-1536x1023.jpg 1536w, https:\/\/contextoanalisisperiodistico.com\/wp-content\/uploads\/2024\/06\/img-20240608-wa00635659316369063405143.jpg 1600w\" sizes=\"(max-width: 1024px) 100vw, 1024px\" \/><\/figure>\n\n\n\n<p>San Pedro y San Pablo Ayutla, Oax. 8 de junio de 2024.- Con el objetivo de mejorar en infraestructura y equipamiento m\u00e9dico los centros de salud de primer contacto, el Gobernador Salom\u00f3n Jara Cruz entreg\u00f3 33 tarjetas del programa federal La Cl\u00ednica es Nuestra a favor de 23 municipios de la Sierra de Ju\u00e1rez.<\/p>\n\n\n\n<p>Luego de ser recibido por la Banda Municipal de San Pedro y San Pablo Ayutla, el Gobernante oaxaque\u00f1o se\u00f1al\u00f3 que toda la comunidad deber\u00e1 organizarse para priorizar las obras o espacios con mayor necesidad, a fin de hacer m\u00e1s eficientes los servicios que se brindan en estos centros.<\/p>\n\n\n\n<p>\u201cLas mujeres son cuidadosas y ahorradoras, por eso el Presidente de M\u00e9xico Andr\u00e9s Manuel L\u00f3pez Obrador les dio la oportunidad de administrar este recurso destinado para obras que mejoren las cl\u00ednicas y los centros de salud\u201d, destac\u00f3.<\/p>\n\n\n\n<p>El monto de inversi\u00f3n depender\u00e1 del n\u00famero de consultorios. Las cl\u00ednicas o centros de salud que tengan uno recibir\u00e1n 374 mil 979 pesos; los que tengan 2 tendr\u00e1n 574 mil 979 pesos y de 3 a 5 ser\u00e1n 774 mil 979 pesos. En tanto, de 6 a m\u00e1s corresponder\u00e1n 974 mil 979 pesos, y todos los centros de servicios ampliados obtendr\u00e1n un mill\u00f3n 174 mil 974 pesos.<\/p>\n\n\n\n<p>En este marco, se entregaron de manera simb\u00f3lica tarjetas a las tesoreras de Asunci\u00f3n Cacalotepec; Mixistl\u00e1n de la Reforma; Santa Mar\u00eda Mixistl\u00e1n, Mixistl\u00e1n de la Reforma; Santa Mar\u00eda Yacochi, Santa Mar\u00eda Tlahuitoltepec; Santiago Atitl\u00e1n San Pedro y San Pablo Ayutla; as\u00ed como San Juan Metaltepec, Santiago Zacatepec.<\/p>\n\n\n\n<p>En su oportunidad, la presidenta municipal, Minerva Galv\u00e1n Mart\u00ednez agradeci\u00f3 los diversos programas sociales que los gobiernos Federal y Estatal brindan en beneficio de quienes m\u00e1s lo necesitan. \u201cNos queda claro que estas administraciones buscan atender a todas las comunidades que por mucho tiempo estuvieron en la marginaci\u00f3n \u201c, dijo.<\/p>\n\n\n\n<p>-0-<\/p>\n","protected":false},"excerpt":{"rendered":"<p>\u2022 El Gobernador de Oaxaca entreg\u00f3 33 tarjetas La Cl\u00ednica es Nuestra a 23 municipios&#8230;<\/p>\n","protected":false},"author":4,"featured_media":27380,"comment_status":"","ping_status":"open","sticky":false,"template":"","format":"standard","meta":{"footnotes":""},"categories":[9],"tags":[],"jetpack_sharing_enabled":true,"featured_image_urls":{"full":["https:\/\/contextoanalisisperiodistico.com\/wp-content\/uploads\/2024\/06\/IMG-20240608-WA0066.jpg",1600,1066,false],"thumbnail":["https:\/\/contextoanalisisperiodistico.com\/wp-content\/uploads\/2024\/06\/IMG-20240608-WA0066-150x150.jpg",150,150,true],"medium":["https:\/\/contextoanalisisperiodistico.com\/wp-content\/uploads\/2024\/06\/IMG-20240608-WA0066-300x200.jpg",300,200,true],"medium_large":["https:\/\/contextoanalisisperiodistico.com\/wp-content\/uploads\/2024\/06\/IMG-20240608-WA0066-768x512.jpg",640,427,true],"large":["https:\/\/contextoanalisisperiodistico.com\/wp-content\/uploads\/2024\/06\/IMG-20240608-WA0066-1024x682.jpg",640,426,true],"1536x1536":["https:\/\/contextoanalisisperiodistico.com\/wp-content\/uploads\/2024\/06\/IMG-20240608-WA0066-1536x1023.jpg",1536,1023,true],"2048x2048":["https:\/\/contextoanalisisperiodistico.com\/wp-content\/uploads\/2024\/06\/IMG-20240608-WA0066.jpg",1600,1066,false],"covernews-slider-full":["https:\/\/contextoanalisisperiodistico.com\/wp-content\/uploads\/2024\/06\/IMG-20240608-WA0066-1115x715.jpg",1115,715,true],"covernews-slider-center":["https:\/\/contextoanalisisperiodistico.com\/wp-content\/uploads\/2024\/06\/IMG-20240608-WA0066-800x500.jpg",800,500,true],"covernews-featured":["https:\/\/contextoanalisisperiodistico.com\/wp-content\/uploads\/2024\/06\/IMG-20240608-WA0066-1024x682.jpg",1024,682,true],"covernews-medium":["https:\/\/contextoanalisisperiodistico.com\/wp-content\/uploads\/2024\/06\/IMG-20240608-WA0066-540x340.jpg",540,340,true],"covernews-medium-square":["https:\/\/contextoanalisisperiodistico.com\/wp-content\/uploads\/2024\/06\/IMG-20240608-WA0066-400x250.jpg",400,250,true]},"author_info":{"display_name":"Mario Gir\u00f3n","author_link":"https:\/\/contextoanalisisperiodistico.com\/index.php\/author\/director\/"},"category_info":"<a href=\"https:\/\/contextoanalisisperiodistico.com\/index.php\/category\/politica\/\" rel=\"category tag\">Pol\u00edtica<\/a>","tag_info":"Pol\u00edtica","comment_count":"0","jetpack_featured_media_url":"https:\/\/contextoanalisisperiodistico.com\/wp-content\/uploads\/2024\/06\/IMG-20240608-WA0066.jpg","_links":{"self":[{"href":"https:\/\/contextoanalisisperiodistico.com\/index.php\/wp-json\/wp\/v2\/posts\/27385"}],"collection":[{"href":"https:\/\/contextoanalisisperiodistico.com\/index.php\/wp-json\/wp\/v2\/posts"}],"about":[{"href":"https:\/\/contextoanalisisperiodistico.com\/index.php\/wp-json\/wp\/v2\/types\/post"}],"author":[{"embeddable":true,"href":"https:\/\/contextoanalisisperiodistico.com\/index.php\/wp-json\/wp\/v2\/users\/4"}],"replies":[{"embeddable":true,"href":"https:\/\/contextoanalisisperiodistico.com\/index.php\/wp-json\/wp\/v2\/comments?post=27385"}],"version-history":[{"count":0,"href":"https:\/\/contextoanalisisperiodistico.com\/index.php\/wp-json\/wp\/v2\/posts\/27385\/revisions"}],"wp:featuredmedia":[{"embeddable":true,"href":"https:\/\/contextoanalisisperiodistico.com\/index.php\/wp-json\/wp\/v2\/media\/27380"}],"wp:attachment":[{"href":"https:\/\/contextoanalisisperiodistico.com\/index.php\/wp-json\/wp\/v2\/media?parent=27385"}],"wp:term":[{"taxonomy":"category","embeddable":true,"href":"https:\/\/contextoanalisisperiodistico.com\/index.php\/wp-json\/wp\/v2\/categories?post=27385"},{"taxonomy":"post_tag","embeddable":true,"href":"https:\/\/contextoanalisisperiodistico.com\/index.php\/wp-json\/wp\/v2\/tags?post=27385"}],"curies":[{"name":"wp","href":"https:\/\/api.w.org\/{rel}","templated":true}]}}