{"id":27378,"date":"2024-06-08T18:53:40","date_gmt":"2024-06-09T00:53:40","guid":{"rendered":"https:\/\/contextoanalisisperiodistico.com\/index.php\/2024\/06\/08\/continua-gobierno-de-oaxaca-entrega-de-tarjetas-la-clinica-es-nuestra-en-asuncion-nochixtlan\/"},"modified":"2024-06-08T18:55:22","modified_gmt":"2024-06-09T00:55:22","slug":"continua-gobierno-de-oaxaca-entrega-de-tarjetas-la-clinica-es-nuestra-en-asuncion-nochixtlan","status":"publish","type":"post","link":"https:\/\/contextoanalisisperiodistico.com\/index.php\/2024\/06\/08\/continua-gobierno-de-oaxaca-entrega-de-tarjetas-la-clinica-es-nuestra-en-asuncion-nochixtlan\/","title":{"rendered":"Contin\u00faa Gobierno de Oaxaca entrega de tarjetas La Cl\u00ednica es Nuestra en Asunci\u00f3n Nochixtl\u00e1n"},"content":{"rendered":"<div id=\"fb-root\"><\/div>\n\n<p>\u2022 Este programa federal tiene el objetivo de mejorar las unidades m\u00e9dicas de primer contacto, a trav\u00e9s de la entrega de recursos directos a Comit\u00e9s de Salud, conformados por personas nativas de las comunidades<br \/>Asunci\u00f3n Nochixtl\u00e1n, Oax. 8 de junio de 2024.- En seguimiento a la alianza estrat\u00e9gica de los gobiernos de M\u00e9xico y Oaxaca, el Gobernador Salom\u00f3n Jara Cruz contin\u00fao con la entrega de 139 tarjetas La Cl\u00ednica es Nuestra en beneficio de 87 municipios de la regi\u00f3n Mixteca.<\/p>\n\n\n\n<figure class=\"wp-block-image size-large\"><img fetchpriority=\"high\" decoding=\"async\" width=\"1024\" height=\"683\" src=\"https:\/\/contextoanalisisperiodistico.com\/wp-content\/uploads\/2024\/06\/img-20240608-wa00393923466923787151153-1024x683.jpg\" alt=\"\" class=\"wp-image-27374\" srcset=\"https:\/\/contextoanalisisperiodistico.com\/wp-content\/uploads\/2024\/06\/img-20240608-wa00393923466923787151153-1024x683.jpg 1024w, https:\/\/contextoanalisisperiodistico.com\/wp-content\/uploads\/2024\/06\/img-20240608-wa00393923466923787151153-300x200.jpg 300w, https:\/\/contextoanalisisperiodistico.com\/wp-content\/uploads\/2024\/06\/img-20240608-wa00393923466923787151153-768x512.jpg 768w, https:\/\/contextoanalisisperiodistico.com\/wp-content\/uploads\/2024\/06\/img-20240608-wa00393923466923787151153.jpg 1127w\" sizes=\"(max-width: 1024px) 100vw, 1024px\" \/><\/figure>\n\n\n\n<figure class=\"wp-block-image\"><img decoding=\"async\" width=\"1024\" height=\"682\" src=\"https:\/\/contextoanalisisperiodistico.com\/wp-content\/uploads\/2024\/06\/img-20240608-wa00376844413202523751536-1024x682.jpg\" alt=\"\" class=\"wp-image-27377\" srcset=\"https:\/\/contextoanalisisperiodistico.com\/wp-content\/uploads\/2024\/06\/img-20240608-wa00376844413202523751536-1024x682.jpg 1024w, https:\/\/contextoanalisisperiodistico.com\/wp-content\/uploads\/2024\/06\/img-20240608-wa00376844413202523751536-300x200.jpg 300w, https:\/\/contextoanalisisperiodistico.com\/wp-content\/uploads\/2024\/06\/img-20240608-wa00376844413202523751536-768x512.jpg 768w, https:\/\/contextoanalisisperiodistico.com\/wp-content\/uploads\/2024\/06\/img-20240608-wa00376844413202523751536.jpg 1280w\" sizes=\"(max-width: 1024px) 100vw, 1024px\" \/><\/figure>\n\n\n\n<figure class=\"wp-block-image\"><img decoding=\"async\" width=\"1024\" height=\"682\" src=\"https:\/\/contextoanalisisperiodistico.com\/wp-content\/uploads\/2024\/06\/img-20240608-wa004190849283318533040-1024x682.jpg\" alt=\"\" class=\"wp-image-27376\" srcset=\"https:\/\/contextoanalisisperiodistico.com\/wp-content\/uploads\/2024\/06\/img-20240608-wa004190849283318533040-1024x682.jpg 1024w, https:\/\/contextoanalisisperiodistico.com\/wp-content\/uploads\/2024\/06\/img-20240608-wa004190849283318533040-300x200.jpg 300w, https:\/\/contextoanalisisperiodistico.com\/wp-content\/uploads\/2024\/06\/img-20240608-wa004190849283318533040-768x512.jpg 768w, https:\/\/contextoanalisisperiodistico.com\/wp-content\/uploads\/2024\/06\/img-20240608-wa004190849283318533040.jpg 1280w\" sizes=\"(max-width: 1024px) 100vw, 1024px\" \/><\/figure>\n\n\n\n<figure class=\"wp-block-image\"><img loading=\"lazy\" decoding=\"async\" width=\"1024\" height=\"682\" src=\"https:\/\/contextoanalisisperiodistico.com\/wp-content\/uploads\/2024\/06\/img-20240608-wa00382660528793139172532-1024x682.jpg\" alt=\"\" class=\"wp-image-27375\" srcset=\"https:\/\/contextoanalisisperiodistico.com\/wp-content\/uploads\/2024\/06\/img-20240608-wa00382660528793139172532-1024x682.jpg 1024w, https:\/\/contextoanalisisperiodistico.com\/wp-content\/uploads\/2024\/06\/img-20240608-wa00382660528793139172532-300x200.jpg 300w, https:\/\/contextoanalisisperiodistico.com\/wp-content\/uploads\/2024\/06\/img-20240608-wa00382660528793139172532-768x512.jpg 768w, https:\/\/contextoanalisisperiodistico.com\/wp-content\/uploads\/2024\/06\/img-20240608-wa00382660528793139172532.jpg 1280w\" sizes=\"(max-width: 1024px) 100vw, 1024px\" \/><\/figure>\n\n\n\n<p>En Asunci\u00f3n Nochixtl\u00e1n -puerta de entrada a esta regi\u00f3n- el Mandatario estatal explic\u00f3 que este programa federal tiene la finalidad de mejorar las unidades m\u00e9dicas de todo el estado, a trav\u00e9s de la entrega de recursos directos a Comit\u00e9s de Salud.<\/p>\n\n\n\n<p>\u201cEste es un acto de justicia social para nuestros pueblos y comunidades, porque es deber del Estado garantizar la atenci\u00f3n para toda la ciudadan\u00eda; as\u00ed lo establece la Constituci\u00f3n Pol\u00edtica de los Estados Unidos Mexicanos, la educaci\u00f3n y la salud, deben ser gratuitas\u201d, se\u00f1al\u00f3 Jara Cruz.<\/p>\n\n\n\n<p>Cabe destacar que los Comit\u00e9s est\u00e1n conformados por personas nativas de las comunidades, quienes ser\u00e1n las encargadas de supervisar el uso adecuado del recurso asignado por el Presidente de la Rep\u00fablica Mexicana Andr\u00e9s Manuel L\u00f3pez Obrador, para el mejoramiento de las unidades de primer contacto.<\/p>\n\n\n\n<p>En este sentido, el titular del Poder Ejecutivo puntualiz\u00f3 que la inversi\u00f3n otorgada solo podr\u00e1 utilizarse para equipo m\u00e9dico e infraestructura de las cl\u00ednicas, ya que en este mes iniciar\u00e1 la entrega de medicamentos y la contrataci\u00f3n de especialistas de la salud para cada \u00e1rea.<\/p>\n\n\n\n<p>De manera simb\u00f3lica recibieron su tarjeta las tesoreras de Santiago Ixtaltepec, Asunci\u00f3n Nochixtl\u00e1n; Zapotitl\u00e1n Lagunas, Zapotitl\u00e1n Lagunas; Yucu\u00f1uti de Benito Ju\u00e1rez, Heroica Villa de Tezoatl\u00e1n de Segura y Luna; Santo Domingo Tianguistengo, Villa de Santiago Chazumba; Santiago Huajolotitl\u00e1n, Santiago Huajolotitl\u00e1n y Santiago Tilantongo.<\/p>\n\n\n\n<p>-0-<\/p>\n","protected":false},"excerpt":{"rendered":"<p>\u2022 Este programa federal tiene el objetivo de mejorar las unidades m\u00e9dicas de primer contacto,&#8230;<\/p>\n","protected":false},"author":4,"featured_media":27373,"comment_status":"closed","ping_status":"open","sticky":false,"template":"","format":"standard","meta":{"footnotes":""},"categories":[9],"tags":[],"jetpack_sharing_enabled":true,"featured_image_urls":{"full":["https:\/\/contextoanalisisperiodistico.com\/wp-content\/uploads\/2024\/06\/IMG-20240608-WA0040.jpg",1093,729,false],"thumbnail":["https:\/\/contextoanalisisperiodistico.com\/wp-content\/uploads\/2024\/06\/IMG-20240608-WA0040-150x150.jpg",150,150,true],"medium":["https:\/\/contextoanalisisperiodistico.com\/wp-content\/uploads\/2024\/06\/IMG-20240608-WA0040-300x200.jpg",300,200,true],"medium_large":["https:\/\/contextoanalisisperiodistico.com\/wp-content\/uploads\/2024\/06\/IMG-20240608-WA0040-768x512.jpg",640,427,true],"large":["https:\/\/contextoanalisisperiodistico.com\/wp-content\/uploads\/2024\/06\/IMG-20240608-WA0040-1024x683.jpg",640,427,true],"1536x1536":["https:\/\/contextoanalisisperiodistico.com\/wp-content\/uploads\/2024\/06\/IMG-20240608-WA0040.jpg",1093,729,false],"2048x2048":["https:\/\/contextoanalisisperiodistico.com\/wp-content\/uploads\/2024\/06\/IMG-20240608-WA0040.jpg",1093,729,false],"covernews-slider-full":["https:\/\/contextoanalisisperiodistico.com\/wp-content\/uploads\/2024\/06\/IMG-20240608-WA0040-1093x715.jpg",1093,715,true],"covernews-slider-center":["https:\/\/contextoanalisisperiodistico.com\/wp-content\/uploads\/2024\/06\/IMG-20240608-WA0040-800x500.jpg",800,500,true],"covernews-featured":["https:\/\/contextoanalisisperiodistico.com\/wp-content\/uploads\/2024\/06\/IMG-20240608-WA0040-1024x683.jpg",1024,683,true],"covernews-medium":["https:\/\/contextoanalisisperiodistico.com\/wp-content\/uploads\/2024\/06\/IMG-20240608-WA0040-540x340.jpg",540,340,true],"covernews-medium-square":["https:\/\/contextoanalisisperiodistico.com\/wp-content\/uploads\/2024\/06\/IMG-20240608-WA0040-400x250.jpg",400,250,true]},"author_info":{"display_name":"Mario Gir\u00f3n","author_link":"https:\/\/contextoanalisisperiodistico.com\/index.php\/author\/director\/"},"category_info":"<a href=\"https:\/\/contextoanalisisperiodistico.com\/index.php\/category\/politica\/\" rel=\"category tag\">Pol\u00edtica<\/a>","tag_info":"Pol\u00edtica","comment_count":"0","jetpack_featured_media_url":"https:\/\/contextoanalisisperiodistico.com\/wp-content\/uploads\/2024\/06\/IMG-20240608-WA0040.jpg","_links":{"self":[{"href":"https:\/\/contextoanalisisperiodistico.com\/index.php\/wp-json\/wp\/v2\/posts\/27378"}],"collection":[{"href":"https:\/\/contextoanalisisperiodistico.com\/index.php\/wp-json\/wp\/v2\/posts"}],"about":[{"href":"https:\/\/contextoanalisisperiodistico.com\/index.php\/wp-json\/wp\/v2\/types\/post"}],"author":[{"embeddable":true,"href":"https:\/\/contextoanalisisperiodistico.com\/index.php\/wp-json\/wp\/v2\/users\/4"}],"replies":[{"embeddable":true,"href":"https:\/\/contextoanalisisperiodistico.com\/index.php\/wp-json\/wp\/v2\/comments?post=27378"}],"version-history":[{"count":1,"href":"https:\/\/contextoanalisisperiodistico.com\/index.php\/wp-json\/wp\/v2\/posts\/27378\/revisions"}],"predecessor-version":[{"id":27379,"href":"https:\/\/contextoanalisisperiodistico.com\/index.php\/wp-json\/wp\/v2\/posts\/27378\/revisions\/27379"}],"wp:featuredmedia":[{"embeddable":true,"href":"https:\/\/contextoanalisisperiodistico.com\/index.php\/wp-json\/wp\/v2\/media\/27373"}],"wp:attachment":[{"href":"https:\/\/contextoanalisisperiodistico.com\/index.php\/wp-json\/wp\/v2\/media?parent=27378"}],"wp:term":[{"taxonomy":"category","embeddable":true,"href":"https:\/\/contextoanalisisperiodistico.com\/index.php\/wp-json\/wp\/v2\/categories?post=27378"},{"taxonomy":"post_tag","embeddable":true,"href":"https:\/\/contextoanalisisperiodistico.com\/index.php\/wp-json\/wp\/v2\/tags?post=27378"}],"curies":[{"name":"wp","href":"https:\/\/api.w.org\/{rel}","templated":true}]}}