{"id":27372,"date":"2024-06-08T15:15:46","date_gmt":"2024-06-08T21:15:46","guid":{"rendered":"https:\/\/contextoanalisisperiodistico.com\/index.php\/2024\/06\/08\/reconoce-gobierno-de-oaxaca-compromiso-del-magisterio-con-la-educacion\/"},"modified":"2024-06-08T15:15:46","modified_gmt":"2024-06-08T21:15:46","slug":"reconoce-gobierno-de-oaxaca-compromiso-del-magisterio-con-la-educacion","status":"publish","type":"post","link":"https:\/\/contextoanalisisperiodistico.com\/index.php\/2024\/06\/08\/reconoce-gobierno-de-oaxaca-compromiso-del-magisterio-con-la-educacion\/","title":{"rendered":"Reconoce Gobierno de Oaxaca compromiso del magisterio con la educaci\u00f3n"},"content":{"rendered":"<div id=\"fb-root\"><\/div>\n\n<p>\u2022 Retorno a clases en educaci\u00f3n b\u00e1sica ser\u00e1 este lunes 10 de junio<\/p>\n\n\n\n<p>\u2022 Recesa el paro de labores por decisi\u00f3n de la Asamblea Estatal de la Secci\u00f3n XXII, como su m\u00e1ximo \u00f3rgano de direcci\u00f3n<br \/>Oaxaca de Ju\u00e1rez, Oax. 08 de junio de 2024.- El Gobierno del Estado a trav\u00e9s del Instituto Estatal de Educaci\u00f3n P\u00fablica de Oaxaca (IEEPO) reconoce la disposici\u00f3n y voluntad pol\u00edtica de la Secci\u00f3n XXII del Sindicato Nacional de Trabajadores de la Educaci\u00f3n (SNTE) para recesar el paro de labores y retornar a clases en las escuelas de nivel b\u00e1sico el pr\u00f3ximo lunes 10 de junio.<\/p>\n\n\n\n<p>Atendiendo la instrucci\u00f3n del Gobernador Salom\u00f3n Jara Cruz, de garantizar el orden y la paz social a trav\u00e9s del di\u00e1logo, el instituto continuar\u00e1 con el acompa\u00f1amiento en el proceso de atenci\u00f3n y b\u00fasqueda de respuestas a fondo de sus demandas, que hasta el momento presentan avances sustanciales en temas laborales, de seguridad social, justicia, entre otros, que hab\u00edan sido ignorados por varios a\u00f1os.<\/p>\n\n\n\n<p>Durante las primeras horas de este s\u00e1bado, una vez analizados los acuerdos alcanzados con los Gobiernos Federal y Estatal, la Secci\u00f3n XXII en Asamblea Estatal, como su m\u00e1ximo \u00f3rgano de direcci\u00f3n y toma de decisiones, determin\u00f3 culminar el paro de labores y retornar a sus actividades.<\/p>\n\n\n\n<p>El director general del IEEPO, Emilio Montero P\u00e9rez afirm\u00f3 que di\u00e1logo y la confianza siempre ser\u00e1n la mejor v\u00eda para construir y llegar a soluciones consensadas, por lo que refrend\u00f3 la prioridad de la administraci\u00f3n estatal para trabajar por la transformaci\u00f3n de la educaci\u00f3n en el estado en beneficio de ni\u00f1as, ni\u00f1os, adolescentes y j\u00f3venes.<br \/>-0-<\/p>\n","protected":false},"excerpt":{"rendered":"<p>\u2022 Retorno a clases en educaci\u00f3n b\u00e1sica ser\u00e1 este lunes 10 de junio \u2022 Recesa&#8230;<\/p>\n","protected":false},"author":4,"featured_media":27371,"comment_status":"","ping_status":"open","sticky":false,"template":"","format":"standard","meta":{"footnotes":""},"categories":[9],"tags":[],"jetpack_sharing_enabled":true,"featured_image_urls":{"full":["https:\/\/contextoanalisisperiodistico.com\/wp-content\/uploads\/2024\/06\/IMG-20240608-WA0014.jpg",1600,1600,false],"thumbnail":["https:\/\/contextoanalisisperiodistico.com\/wp-content\/uploads\/2024\/06\/IMG-20240608-WA0014-150x150.jpg",150,150,true],"medium":["https:\/\/contextoanalisisperiodistico.com\/wp-content\/uploads\/2024\/06\/IMG-20240608-WA0014-300x300.jpg",300,300,true],"medium_large":["https:\/\/contextoanalisisperiodistico.com\/wp-content\/uploads\/2024\/06\/IMG-20240608-WA0014-768x768.jpg",640,640,true],"large":["https:\/\/contextoanalisisperiodistico.com\/wp-content\/uploads\/2024\/06\/IMG-20240608-WA0014-1024x1024.jpg",640,640,true],"1536x1536":["https:\/\/contextoanalisisperiodistico.com\/wp-content\/uploads\/2024\/06\/IMG-20240608-WA0014-1536x1536.jpg",1536,1536,true],"2048x2048":["https:\/\/contextoanalisisperiodistico.com\/wp-content\/uploads\/2024\/06\/IMG-20240608-WA0014.jpg",1600,1600,false],"covernews-slider-full":["https:\/\/contextoanalisisperiodistico.com\/wp-content\/uploads\/2024\/06\/IMG-20240608-WA0014-1115x715.jpg",1115,715,true],"covernews-slider-center":["https:\/\/contextoanalisisperiodistico.com\/wp-content\/uploads\/2024\/06\/IMG-20240608-WA0014-800x500.jpg",800,500,true],"covernews-featured":["https:\/\/contextoanalisisperiodistico.com\/wp-content\/uploads\/2024\/06\/IMG-20240608-WA0014-1024x1024.jpg",1024,1024,true],"covernews-medium":["https:\/\/contextoanalisisperiodistico.com\/wp-content\/uploads\/2024\/06\/IMG-20240608-WA0014-540x340.jpg",540,340,true],"covernews-medium-square":["https:\/\/contextoanalisisperiodistico.com\/wp-content\/uploads\/2024\/06\/IMG-20240608-WA0014-400x250.jpg",400,250,true]},"author_info":{"display_name":"Mario Gir\u00f3n","author_link":"https:\/\/contextoanalisisperiodistico.com\/index.php\/author\/director\/"},"category_info":"<a href=\"https:\/\/contextoanalisisperiodistico.com\/index.php\/category\/politica\/\" rel=\"category tag\">Pol\u00edtica<\/a>","tag_info":"Pol\u00edtica","comment_count":"0","jetpack_featured_media_url":"https:\/\/contextoanalisisperiodistico.com\/wp-content\/uploads\/2024\/06\/IMG-20240608-WA0014.jpg","_links":{"self":[{"href":"https:\/\/contextoanalisisperiodistico.com\/index.php\/wp-json\/wp\/v2\/posts\/27372"}],"collection":[{"href":"https:\/\/contextoanalisisperiodistico.com\/index.php\/wp-json\/wp\/v2\/posts"}],"about":[{"href":"https:\/\/contextoanalisisperiodistico.com\/index.php\/wp-json\/wp\/v2\/types\/post"}],"author":[{"embeddable":true,"href":"https:\/\/contextoanalisisperiodistico.com\/index.php\/wp-json\/wp\/v2\/users\/4"}],"replies":[{"embeddable":true,"href":"https:\/\/contextoanalisisperiodistico.com\/index.php\/wp-json\/wp\/v2\/comments?post=27372"}],"version-history":[{"count":0,"href":"https:\/\/contextoanalisisperiodistico.com\/index.php\/wp-json\/wp\/v2\/posts\/27372\/revisions"}],"wp:featuredmedia":[{"embeddable":true,"href":"https:\/\/contextoanalisisperiodistico.com\/index.php\/wp-json\/wp\/v2\/media\/27371"}],"wp:attachment":[{"href":"https:\/\/contextoanalisisperiodistico.com\/index.php\/wp-json\/wp\/v2\/media?parent=27372"}],"wp:term":[{"taxonomy":"category","embeddable":true,"href":"https:\/\/contextoanalisisperiodistico.com\/index.php\/wp-json\/wp\/v2\/categories?post=27372"},{"taxonomy":"post_tag","embeddable":true,"href":"https:\/\/contextoanalisisperiodistico.com\/index.php\/wp-json\/wp\/v2\/tags?post=27372"}],"curies":[{"name":"wp","href":"https:\/\/api.w.org\/{rel}","templated":true}]}}