{"id":27354,"date":"2024-06-08T12:41:18","date_gmt":"2024-06-08T18:41:18","guid":{"rendered":"https:\/\/contextoanalisisperiodistico.com\/index.php\/2024\/06\/08\/llega-el-oro-para-oaxaca-con-el-atleta-zarek-garcia-en-los-nacionales-conade-2024\/"},"modified":"2024-06-08T13:18:11","modified_gmt":"2024-06-08T19:18:11","slug":"llega-el-oro-para-oaxaca-con-el-atleta-zarek-garcia-en-los-nacionales-conade-2024","status":"publish","type":"post","link":"https:\/\/contextoanalisisperiodistico.com\/index.php\/2024\/06\/08\/llega-el-oro-para-oaxaca-con-el-atleta-zarek-garcia-en-los-nacionales-conade-2024\/","title":{"rendered":"Llega el oro para Oaxaca con el atleta Zarek Garc\u00eda en los Nacionales Conade 2024"},"content":{"rendered":"<div id=\"fb-root\"><\/div>\n\n<p>Oaxaca de Ju\u00e1rez, Oax. 08 de junio de 2024. El atleta oaxaque\u00f1o Zarek El\u00edas Garc\u00eda consigui\u00f3 el oro para Oaxaca en los Nacionales de la Comisi\u00f3n Nacional de Cultura F\u00edsica y Deporte (Conade) 2024, en la prueba 2 mil metros planos varonil Sub-16.<\/p>\n\n\n\n<figure class=\"wp-block-image size-large\"><img fetchpriority=\"high\" decoding=\"async\" width=\"1024\" height=\"883\" src=\"https:\/\/contextoanalisisperiodistico.com\/wp-content\/uploads\/2024\/06\/img-20240608-wa00043364236074520181453-1024x883.jpg\" alt=\"\" class=\"wp-image-27353\" srcset=\"https:\/\/contextoanalisisperiodistico.com\/wp-content\/uploads\/2024\/06\/img-20240608-wa00043364236074520181453-1024x883.jpg 1024w, https:\/\/contextoanalisisperiodistico.com\/wp-content\/uploads\/2024\/06\/img-20240608-wa00043364236074520181453-300x259.jpg 300w, https:\/\/contextoanalisisperiodistico.com\/wp-content\/uploads\/2024\/06\/img-20240608-wa00043364236074520181453-768x662.jpg 768w, https:\/\/contextoanalisisperiodistico.com\/wp-content\/uploads\/2024\/06\/img-20240608-wa00043364236074520181453.jpg 1400w\" sizes=\"(max-width: 1024px) 100vw, 1024px\" \/><\/figure>\n\n\n\n<p>La pista del Polideportivo Revoluci\u00f3n en Guadalajara, Jalisco, fue testigo de esta haza\u00f1a que el joven atleta realiz\u00f3 al cruzar la meta con un tiempo de 5:43.92 minutos.<\/p>\n\n\n\n<p>El oaxaque\u00f1o se impuso en la final contra el zacatecano Enrique Ram\u00edrez, quien se llev\u00f3 la plata con 5:43.97, solo con cinco cent\u00e9simas de diferencia.<\/p>\n\n\n\n<p>Zarek El\u00edas Garc\u00eda tiene 14 a\u00f1os y en 2023 obtuvo la medalla de bronce en la prueba de los 2 mil metros planos en la categor\u00eda sub 16 de los Nacionales Conade.<\/p>\n\n\n\n<p>-0-<\/p>\n\n\n\n<figure class=\"wp-block-video\"><video controls src=\"https:\/\/contextoanalisisperiodistico.com\/wp-content\/uploads\/2024\/06\/VID-20240608-WA0011.mp4\"><\/video><\/figure>\n","protected":false},"excerpt":{"rendered":"<p>Oaxaca de Ju\u00e1rez, Oax. 08 de junio de 2024. El atleta oaxaque\u00f1o Zarek El\u00edas Garc\u00eda&#8230;<\/p>\n","protected":false},"author":4,"featured_media":27352,"comment_status":"closed","ping_status":"open","sticky":false,"template":"","format":"standard","meta":{"footnotes":""},"categories":[9],"tags":[134,170,142],"jetpack_sharing_enabled":true,"featured_image_urls":{"full":["https:\/\/contextoanalisisperiodistico.com\/wp-content\/uploads\/2024\/06\/IMG-20240608-WA0003.jpg",1066,1600,false],"thumbnail":["https:\/\/contextoanalisisperiodistico.com\/wp-content\/uploads\/2024\/06\/IMG-20240608-WA0003-150x150.jpg",150,150,true],"medium":["https:\/\/contextoanalisisperiodistico.com\/wp-content\/uploads\/2024\/06\/IMG-20240608-WA0003-200x300.jpg",200,300,true],"medium_large":["https:\/\/contextoanalisisperiodistico.com\/wp-content\/uploads\/2024\/06\/IMG-20240608-WA0003-768x1153.jpg",640,961,true],"large":["https:\/\/contextoanalisisperiodistico.com\/wp-content\/uploads\/2024\/06\/IMG-20240608-WA0003-682x1024.jpg",640,961,true],"1536x1536":["https:\/\/contextoanalisisperiodistico.com\/wp-content\/uploads\/2024\/06\/IMG-20240608-WA0003-1023x1536.jpg",1023,1536,true],"2048x2048":["https:\/\/contextoanalisisperiodistico.com\/wp-content\/uploads\/2024\/06\/IMG-20240608-WA0003.jpg",1066,1600,false],"covernews-slider-full":["https:\/\/contextoanalisisperiodistico.com\/wp-content\/uploads\/2024\/06\/IMG-20240608-WA0003-1066x715.jpg",1066,715,true],"covernews-slider-center":["https:\/\/contextoanalisisperiodistico.com\/wp-content\/uploads\/2024\/06\/IMG-20240608-WA0003-800x500.jpg",800,500,true],"covernews-featured":["https:\/\/contextoanalisisperiodistico.com\/wp-content\/uploads\/2024\/06\/IMG-20240608-WA0003-1024x1537.jpg",1024,1537,true],"covernews-medium":["https:\/\/contextoanalisisperiodistico.com\/wp-content\/uploads\/2024\/06\/IMG-20240608-WA0003-540x340.jpg",540,340,true],"covernews-medium-square":["https:\/\/contextoanalisisperiodistico.com\/wp-content\/uploads\/2024\/06\/IMG-20240608-WA0003-400x250.jpg",400,250,true]},"author_info":{"display_name":"Mario Gir\u00f3n","author_link":"https:\/\/contextoanalisisperiodistico.com\/index.php\/author\/director\/"},"category_info":"<a href=\"https:\/\/contextoanalisisperiodistico.com\/index.php\/category\/politica\/\" rel=\"category tag\">Pol\u00edtica<\/a>","tag_info":"Pol\u00edtica","comment_count":"0","jetpack_featured_media_url":"https:\/\/contextoanalisisperiodistico.com\/wp-content\/uploads\/2024\/06\/IMG-20240608-WA0003.jpg","_links":{"self":[{"href":"https:\/\/contextoanalisisperiodistico.com\/index.php\/wp-json\/wp\/v2\/posts\/27354"}],"collection":[{"href":"https:\/\/contextoanalisisperiodistico.com\/index.php\/wp-json\/wp\/v2\/posts"}],"about":[{"href":"https:\/\/contextoanalisisperiodistico.com\/index.php\/wp-json\/wp\/v2\/types\/post"}],"author":[{"embeddable":true,"href":"https:\/\/contextoanalisisperiodistico.com\/index.php\/wp-json\/wp\/v2\/users\/4"}],"replies":[{"embeddable":true,"href":"https:\/\/contextoanalisisperiodistico.com\/index.php\/wp-json\/wp\/v2\/comments?post=27354"}],"version-history":[{"count":2,"href":"https:\/\/contextoanalisisperiodistico.com\/index.php\/wp-json\/wp\/v2\/posts\/27354\/revisions"}],"predecessor-version":[{"id":27370,"href":"https:\/\/contextoanalisisperiodistico.com\/index.php\/wp-json\/wp\/v2\/posts\/27354\/revisions\/27370"}],"wp:featuredmedia":[{"embeddable":true,"href":"https:\/\/contextoanalisisperiodistico.com\/index.php\/wp-json\/wp\/v2\/media\/27352"}],"wp:attachment":[{"href":"https:\/\/contextoanalisisperiodistico.com\/index.php\/wp-json\/wp\/v2\/media?parent=27354"}],"wp:term":[{"taxonomy":"category","embeddable":true,"href":"https:\/\/contextoanalisisperiodistico.com\/index.php\/wp-json\/wp\/v2\/categories?post=27354"},{"taxonomy":"post_tag","embeddable":true,"href":"https:\/\/contextoanalisisperiodistico.com\/index.php\/wp-json\/wp\/v2\/tags?post=27354"}],"curies":[{"name":"wp","href":"https:\/\/api.w.org\/{rel}","templated":true}]}}