{"id":27339,"date":"2024-06-07T21:07:32","date_gmt":"2024-06-08T03:07:32","guid":{"rendered":"https:\/\/contextoanalisisperiodistico.com\/index.php\/2024\/06\/07\/realiza-sso-jornada-academica-de-enfermeria\/"},"modified":"2024-06-07T21:07:32","modified_gmt":"2024-06-08T03:07:32","slug":"realiza-sso-jornada-academica-de-enfermeria","status":"publish","type":"post","link":"https:\/\/contextoanalisisperiodistico.com\/index.php\/2024\/06\/07\/realiza-sso-jornada-academica-de-enfermeria\/","title":{"rendered":"Realiza SSO jornada acad\u00e9mica de Enfermer\u00eda"},"content":{"rendered":"<div id=\"fb-root\"><\/div>\n\n<p>\u2022 El encuentro se realiz\u00f3 con el inter\u00e9s primordial de fortalecer los conocimientos y herramientas de profesionales de esta \u00e1rea<\/p>\n\n\n\n<figure class=\"wp-block-image size-large\"><img fetchpriority=\"high\" decoding=\"async\" width=\"1024\" height=\"576\" src=\"https:\/\/contextoanalisisperiodistico.com\/wp-content\/uploads\/2024\/06\/img-20240607-wa01049185429830357327542-1024x576.jpg\" alt=\"\" class=\"wp-image-27337\" srcset=\"https:\/\/contextoanalisisperiodistico.com\/wp-content\/uploads\/2024\/06\/img-20240607-wa01049185429830357327542-1024x576.jpg 1024w, https:\/\/contextoanalisisperiodistico.com\/wp-content\/uploads\/2024\/06\/img-20240607-wa01049185429830357327542-300x169.jpg 300w, https:\/\/contextoanalisisperiodistico.com\/wp-content\/uploads\/2024\/06\/img-20240607-wa01049185429830357327542-768x432.jpg 768w, https:\/\/contextoanalisisperiodistico.com\/wp-content\/uploads\/2024\/06\/img-20240607-wa01049185429830357327542-1536x864.jpg 1536w, https:\/\/contextoanalisisperiodistico.com\/wp-content\/uploads\/2024\/06\/img-20240607-wa01049185429830357327542.jpg 1600w\" sizes=\"(max-width: 1024px) 100vw, 1024px\" \/><\/figure>\n\n\n\n<figure class=\"wp-block-image\"><img decoding=\"async\" width=\"300\" height=\"169\" src=\"https:\/\/contextoanalisisperiodistico.com\/wp-content\/uploads\/2024\/06\/img-20240607-wa01026891772793357830822-300x169.jpg\" alt=\"\" class=\"wp-image-27338\" srcset=\"https:\/\/contextoanalisisperiodistico.com\/wp-content\/uploads\/2024\/06\/img-20240607-wa01026891772793357830822-300x169.jpg 300w, https:\/\/contextoanalisisperiodistico.com\/wp-content\/uploads\/2024\/06\/img-20240607-wa01026891772793357830822-768x432.jpg 768w, https:\/\/contextoanalisisperiodistico.com\/wp-content\/uploads\/2024\/06\/img-20240607-wa01026891772793357830822.jpg 800w\" sizes=\"(max-width: 300px) 100vw, 300px\" \/><\/figure>\n\n\n\n<p>Oaxaca de Ju\u00e1rez, Oax. 7 de junio de 2024.- Con la participaci\u00f3n de m\u00e1s de 500 profesionales de enfermer\u00eda de la entidad, Servicios de Salud de Oaxaca (SSO) llev\u00f3 a cabo la jornada acad\u00e9mica \u201cNuestras enfermeras, nuestro futuro. El poder econ\u00f3mico de las y los cuidados\u201d, a fin de fortalecer los conocimientos y herramientas del personal de esta \u00e1rea.<\/p>\n\n\n\n<p>En representaci\u00f3n de la secretaria de Salud, Alma Lilia Velasco Hern\u00e1ndez, el subdirector General de los SSO, Jes\u00fas Alejandro Ram\u00edrez Figueroa felicit\u00f3 al personal en el ramo por su esfuerzo, constancia y dedicaci\u00f3n en beneficio de la poblaci\u00f3n m\u00e1s vulnerable, ello, en el marco de la celebraci\u00f3n del D\u00eda Internacional de la Enfermer\u00eda -que se conmemor\u00f3 el pasado 12 de mayo-.<\/p>\n\n\n\n<p>Al inaugurar la actividad, se\u00f1al\u00f3 que el gremio de enfermer\u00eda es el pilar de las unidades m\u00e9dicas, que realiza actividades de promoci\u00f3n a la salud, prevenci\u00f3n de enfermedades y cobertura sanitaria; desde el \u00e1rea asistencial, de educaci\u00f3n, gerencial, investigaci\u00f3n, pol\u00edticas p\u00fablicas en salud y de liderazgo.<\/p>\n\n\n\n<p>En este sentido les exhort\u00f3 a unir esfuerzos para lograr abatir los grandes desaf\u00edos de los programas de salud p\u00fablica y necesidades de las personas con enfermedades cr\u00f3nicas degenerativas, al tiempo de fortalecer la atenci\u00f3n especializada mediante la promoci\u00f3n, prevenci\u00f3n y tratamiento, en beneficio de la poblaci\u00f3n oaxaque\u00f1a.<\/p>\n\n\n\n<p>A trav\u00e9s de dos relevantes foros se abordaron los temas: El empoderamiento de la enfermer\u00eda para el futuro, y El poder econ\u00f3mico de los cuidados.<\/p>\n\n\n\n<p>Cabe destacar, que durante la ceremonia estuvieron presentes el director de Atenci\u00f3n M\u00e9dica, Norberto Barroso Rojas y la jefa de la Unidad de Enfermer\u00eda, Corina Mariela Alba Alba, entre otros.<br \/>-0-<\/p>\n","protected":false},"excerpt":{"rendered":"<p>\u2022 El encuentro se realiz\u00f3 con el inter\u00e9s primordial de fortalecer los conocimientos y herramientas&#8230;<\/p>\n","protected":false},"author":4,"featured_media":27336,"comment_status":"","ping_status":"open","sticky":false,"template":"","format":"standard","meta":{"footnotes":""},"categories":[92],"tags":[],"jetpack_sharing_enabled":true,"featured_image_urls":{"full":["https:\/\/contextoanalisisperiodistico.com\/wp-content\/uploads\/2024\/06\/IMG-20240607-WA0103.jpg",800,352,false],"thumbnail":["https:\/\/contextoanalisisperiodistico.com\/wp-content\/uploads\/2024\/06\/IMG-20240607-WA0103-150x150.jpg",150,150,true],"medium":["https:\/\/contextoanalisisperiodistico.com\/wp-content\/uploads\/2024\/06\/IMG-20240607-WA0103-300x132.jpg",300,132,true],"medium_large":["https:\/\/contextoanalisisperiodistico.com\/wp-content\/uploads\/2024\/06\/IMG-20240607-WA0103-768x338.jpg",640,282,true],"large":["https:\/\/contextoanalisisperiodistico.com\/wp-content\/uploads\/2024\/06\/IMG-20240607-WA0103.jpg",640,282,false],"1536x1536":["https:\/\/contextoanalisisperiodistico.com\/wp-content\/uploads\/2024\/06\/IMG-20240607-WA0103.jpg",800,352,false],"2048x2048":["https:\/\/contextoanalisisperiodistico.com\/wp-content\/uploads\/2024\/06\/IMG-20240607-WA0103.jpg",800,352,false],"covernews-slider-full":["https:\/\/contextoanalisisperiodistico.com\/wp-content\/uploads\/2024\/06\/IMG-20240607-WA0103.jpg",800,352,false],"covernews-slider-center":["https:\/\/contextoanalisisperiodistico.com\/wp-content\/uploads\/2024\/06\/IMG-20240607-WA0103.jpg",800,352,false],"covernews-featured":["https:\/\/contextoanalisisperiodistico.com\/wp-content\/uploads\/2024\/06\/IMG-20240607-WA0103.jpg",800,352,false],"covernews-medium":["https:\/\/contextoanalisisperiodistico.com\/wp-content\/uploads\/2024\/06\/IMG-20240607-WA0103-540x340.jpg",540,340,true],"covernews-medium-square":["https:\/\/contextoanalisisperiodistico.com\/wp-content\/uploads\/2024\/06\/IMG-20240607-WA0103-400x250.jpg",400,250,true]},"author_info":{"display_name":"Mario Gir\u00f3n","author_link":"https:\/\/contextoanalisisperiodistico.com\/index.php\/author\/director\/"},"category_info":"<a href=\"https:\/\/contextoanalisisperiodistico.com\/index.php\/category\/salud\/\" rel=\"category tag\">Salud<\/a>","tag_info":"Salud","comment_count":"0","jetpack_featured_media_url":"https:\/\/contextoanalisisperiodistico.com\/wp-content\/uploads\/2024\/06\/IMG-20240607-WA0103.jpg","_links":{"self":[{"href":"https:\/\/contextoanalisisperiodistico.com\/index.php\/wp-json\/wp\/v2\/posts\/27339"}],"collection":[{"href":"https:\/\/contextoanalisisperiodistico.com\/index.php\/wp-json\/wp\/v2\/posts"}],"about":[{"href":"https:\/\/contextoanalisisperiodistico.com\/index.php\/wp-json\/wp\/v2\/types\/post"}],"author":[{"embeddable":true,"href":"https:\/\/contextoanalisisperiodistico.com\/index.php\/wp-json\/wp\/v2\/users\/4"}],"replies":[{"embeddable":true,"href":"https:\/\/contextoanalisisperiodistico.com\/index.php\/wp-json\/wp\/v2\/comments?post=27339"}],"version-history":[{"count":0,"href":"https:\/\/contextoanalisisperiodistico.com\/index.php\/wp-json\/wp\/v2\/posts\/27339\/revisions"}],"wp:featuredmedia":[{"embeddable":true,"href":"https:\/\/contextoanalisisperiodistico.com\/index.php\/wp-json\/wp\/v2\/media\/27336"}],"wp:attachment":[{"href":"https:\/\/contextoanalisisperiodistico.com\/index.php\/wp-json\/wp\/v2\/media?parent=27339"}],"wp:term":[{"taxonomy":"category","embeddable":true,"href":"https:\/\/contextoanalisisperiodistico.com\/index.php\/wp-json\/wp\/v2\/categories?post=27339"},{"taxonomy":"post_tag","embeddable":true,"href":"https:\/\/contextoanalisisperiodistico.com\/index.php\/wp-json\/wp\/v2\/tags?post=27339"}],"curies":[{"name":"wp","href":"https:\/\/api.w.org\/{rel}","templated":true}]}}