{"id":27316,"date":"2024-06-07T14:53:03","date_gmt":"2024-06-07T20:53:03","guid":{"rendered":"https:\/\/contextoanalisisperiodistico.com\/index.php\/2024\/06\/07\/oaxaca-presente-en-el-xxiii-concurso-nacional-de-creatividad-e-innovacion-tecnologica-de-los-cecytes-2024\/"},"modified":"2024-06-07T14:53:03","modified_gmt":"2024-06-07T20:53:03","slug":"oaxaca-presente-en-el-xxiii-concurso-nacional-de-creatividad-e-innovacion-tecnologica-de-los-cecytes-2024","status":"publish","type":"post","link":"https:\/\/contextoanalisisperiodistico.com\/index.php\/2024\/06\/07\/oaxaca-presente-en-el-xxiii-concurso-nacional-de-creatividad-e-innovacion-tecnologica-de-los-cecytes-2024\/","title":{"rendered":"Oaxaca presente en el XXIII Concurso Nacional de Creatividad e Innovaci\u00f3n Tecnol\u00f3gica de los CECyTEs 2024"},"content":{"rendered":"<div id=\"fb-root\"><\/div>\n\n<p>\u2022 Presentan FibraPapel, un proyecto innovador que contribuye al cuidado del medio ambiente y a la econom\u00eda circular de la regi\u00f3n del Istmo de Tehuantepec<\/p>\n\n\n\n<figure class=\"wp-block-image size-large\"><img fetchpriority=\"high\" decoding=\"async\" width=\"640\" height=\"358\" src=\"https:\/\/contextoanalisisperiodistico.com\/wp-content\/uploads\/2024\/06\/img-20240607-wa00703707075608635257550.jpg\" alt=\"\" class=\"wp-image-27315\" srcset=\"https:\/\/contextoanalisisperiodistico.com\/wp-content\/uploads\/2024\/06\/img-20240607-wa00703707075608635257550.jpg 640w, https:\/\/contextoanalisisperiodistico.com\/wp-content\/uploads\/2024\/06\/img-20240607-wa00703707075608635257550-300x168.jpg 300w\" sizes=\"(max-width: 640px) 100vw, 640px\" \/><\/figure>\n\n\n\n<figure class=\"wp-block-image\"><img decoding=\"async\" width=\"300\" height=\"168\" src=\"https:\/\/contextoanalisisperiodistico.com\/wp-content\/uploads\/2024\/06\/img-20240607-wa00691558087893217817502-300x168.jpg\" alt=\"\" class=\"wp-image-27313\" srcset=\"https:\/\/contextoanalisisperiodistico.com\/wp-content\/uploads\/2024\/06\/img-20240607-wa00691558087893217817502-300x168.jpg 300w, https:\/\/contextoanalisisperiodistico.com\/wp-content\/uploads\/2024\/06\/img-20240607-wa00691558087893217817502.jpg 640w\" sizes=\"(max-width: 300px) 100vw, 300px\" \/><\/figure>\n\n\n\n<figure class=\"wp-block-image\"><img decoding=\"async\" width=\"300\" height=\"168\" src=\"https:\/\/contextoanalisisperiodistico.com\/wp-content\/uploads\/2024\/06\/img-20240607-wa00685016115398251386727-300x168.jpg\" alt=\"\" class=\"wp-image-27314\" srcset=\"https:\/\/contextoanalisisperiodistico.com\/wp-content\/uploads\/2024\/06\/img-20240607-wa00685016115398251386727-300x168.jpg 300w, https:\/\/contextoanalisisperiodistico.com\/wp-content\/uploads\/2024\/06\/img-20240607-wa00685016115398251386727.jpg 640w\" sizes=\"(max-width: 300px) 100vw, 300px\" \/><\/figure>\n\n\n\n<p>Oaxaca de Ju\u00e1rez, Oax. 7 de junio de 2024.- Estudiantado del Colegio de Estudios Cient\u00edficos y Tecnol\u00f3gicos del Estado de Oaxaca (CECyTEO) plantel 06 Barrio de la Soledad, particip\u00f3 en la categor\u00eda Prototipo de Cultura Ecol\u00f3gica y Conservaci\u00f3n del Medio Ambiente del XXIII Concurso Nacional de Creatividad e Innovaci\u00f3n Tecnol\u00f3gica de los CECyTEs 2024, realizado en Zacatecas.<\/p>\n\n\n\n<p>Se trata de Ivanna Matus Cabrera y Yordi Bautista Flores, estudiantes del cuarto semestre, quienes cautivaron al p\u00fablico con la propuesta FibraPapel, que tiene como objetivo transformar desperdicios naturales de mango, nopal y s\u00e1bila destilada -abundantes en la regi\u00f3n del Istmo de Tehuantepec- en papel biodegradable, cart\u00f3n corrugado y cuero vegano.<\/p>\n\n\n\n<p>Estos productos podr\u00edan ser utilizados en diversas aplicaciones, desde papeler\u00eda y empaques ecol\u00f3gicos hasta productos de arte, lo que impactar\u00eda en el desarrollo sostenible y la econom\u00eda circular de esta demarcaci\u00f3n.<\/p>\n\n\n\n<p>Con este Concurso se re\u00fanen a las y los mejores representantes de los CECyTEs a nivel nacional, con el prop\u00f3sito de fortalecer e impulsar los proyectos que resulten viables y que impacten de manera positiva el entorno, promoviendo as\u00ed una cultura ecol\u00f3gica y de conservaci\u00f3n del medio ambiente.<\/p>\n\n\n\n<p>Durante el desarrollo de este encuentro, la directora del CECyTEO, Blanca Mart\u00ednez Guzm\u00e1n reconoci\u00f3 el esfuerzo y el entusiasmo con el que el alumnado oaxaque\u00f1o represent\u00f3 al estado, por lo que reiter\u00f3 el compromiso de seguir apoyando a la comunidad para que contin\u00faen cosechando \u00e9xitos en su paso por la instituci\u00f3n.<\/p>\n\n\n\n<p>-0-<\/p>\n","protected":false},"excerpt":{"rendered":"<p>\u2022 Presentan FibraPapel, un proyecto innovador que contribuye al cuidado del medio ambiente y a&#8230;<\/p>\n","protected":false},"author":4,"featured_media":27312,"comment_status":"","ping_status":"open","sticky":false,"template":"","format":"standard","meta":{"footnotes":""},"categories":[91],"tags":[],"jetpack_sharing_enabled":true,"featured_image_urls":{"full":["https:\/\/contextoanalisisperiodistico.com\/wp-content\/uploads\/2024\/06\/IMG-20240607-WA0067.jpg",640,358,false],"thumbnail":["https:\/\/contextoanalisisperiodistico.com\/wp-content\/uploads\/2024\/06\/IMG-20240607-WA0067-150x150.jpg",150,150,true],"medium":["https:\/\/contextoanalisisperiodistico.com\/wp-content\/uploads\/2024\/06\/IMG-20240607-WA0067-300x168.jpg",300,168,true],"medium_large":["https:\/\/contextoanalisisperiodistico.com\/wp-content\/uploads\/2024\/06\/IMG-20240607-WA0067.jpg",640,358,false],"large":["https:\/\/contextoanalisisperiodistico.com\/wp-content\/uploads\/2024\/06\/IMG-20240607-WA0067.jpg",640,358,false],"1536x1536":["https:\/\/contextoanalisisperiodistico.com\/wp-content\/uploads\/2024\/06\/IMG-20240607-WA0067.jpg",640,358,false],"2048x2048":["https:\/\/contextoanalisisperiodistico.com\/wp-content\/uploads\/2024\/06\/IMG-20240607-WA0067.jpg",640,358,false],"covernews-slider-full":["https:\/\/contextoanalisisperiodistico.com\/wp-content\/uploads\/2024\/06\/IMG-20240607-WA0067.jpg",640,358,false],"covernews-slider-center":["https:\/\/contextoanalisisperiodistico.com\/wp-content\/uploads\/2024\/06\/IMG-20240607-WA0067.jpg",640,358,false],"covernews-featured":["https:\/\/contextoanalisisperiodistico.com\/wp-content\/uploads\/2024\/06\/IMG-20240607-WA0067.jpg",640,358,false],"covernews-medium":["https:\/\/contextoanalisisperiodistico.com\/wp-content\/uploads\/2024\/06\/IMG-20240607-WA0067-540x340.jpg",540,340,true],"covernews-medium-square":["https:\/\/contextoanalisisperiodistico.com\/wp-content\/uploads\/2024\/06\/IMG-20240607-WA0067-400x250.jpg",400,250,true]},"author_info":{"display_name":"Mario Gir\u00f3n","author_link":"https:\/\/contextoanalisisperiodistico.com\/index.php\/author\/director\/"},"category_info":"<a href=\"https:\/\/contextoanalisisperiodistico.com\/index.php\/category\/educacion\/\" rel=\"category tag\">Educaci\u00f3n<\/a>","tag_info":"Educaci\u00f3n","comment_count":"0","jetpack_featured_media_url":"https:\/\/contextoanalisisperiodistico.com\/wp-content\/uploads\/2024\/06\/IMG-20240607-WA0067.jpg","_links":{"self":[{"href":"https:\/\/contextoanalisisperiodistico.com\/index.php\/wp-json\/wp\/v2\/posts\/27316"}],"collection":[{"href":"https:\/\/contextoanalisisperiodistico.com\/index.php\/wp-json\/wp\/v2\/posts"}],"about":[{"href":"https:\/\/contextoanalisisperiodistico.com\/index.php\/wp-json\/wp\/v2\/types\/post"}],"author":[{"embeddable":true,"href":"https:\/\/contextoanalisisperiodistico.com\/index.php\/wp-json\/wp\/v2\/users\/4"}],"replies":[{"embeddable":true,"href":"https:\/\/contextoanalisisperiodistico.com\/index.php\/wp-json\/wp\/v2\/comments?post=27316"}],"version-history":[{"count":0,"href":"https:\/\/contextoanalisisperiodistico.com\/index.php\/wp-json\/wp\/v2\/posts\/27316\/revisions"}],"wp:featuredmedia":[{"embeddable":true,"href":"https:\/\/contextoanalisisperiodistico.com\/index.php\/wp-json\/wp\/v2\/media\/27312"}],"wp:attachment":[{"href":"https:\/\/contextoanalisisperiodistico.com\/index.php\/wp-json\/wp\/v2\/media?parent=27316"}],"wp:term":[{"taxonomy":"category","embeddable":true,"href":"https:\/\/contextoanalisisperiodistico.com\/index.php\/wp-json\/wp\/v2\/categories?post=27316"},{"taxonomy":"post_tag","embeddable":true,"href":"https:\/\/contextoanalisisperiodistico.com\/index.php\/wp-json\/wp\/v2\/tags?post=27316"}],"curies":[{"name":"wp","href":"https:\/\/api.w.org\/{rel}","templated":true}]}}