{"id":27285,"date":"2024-06-07T10:05:32","date_gmt":"2024-06-07T16:05:32","guid":{"rendered":"https:\/\/contextoanalisisperiodistico.com\/index.php\/2024\/06\/07\/comite-organizador-de-la-guelaguetza-2024-anuncio-a-las-delegaciones-que-participaran-en-los-lunes-del-cerro\/"},"modified":"2024-06-07T10:05:32","modified_gmt":"2024-06-07T16:05:32","slug":"comite-organizador-de-la-guelaguetza-2024-anuncio-a-las-delegaciones-que-participaran-en-los-lunes-del-cerro","status":"publish","type":"post","link":"https:\/\/contextoanalisisperiodistico.com\/index.php\/2024\/06\/07\/comite-organizador-de-la-guelaguetza-2024-anuncio-a-las-delegaciones-que-participaran-en-los-lunes-del-cerro\/","title":{"rendered":"Comit\u00e9 Organizador de la Guelaguetza 2024 anunci\u00f3 a las delegaciones que participar\u00e1n en los Lunes del Cerro"},"content":{"rendered":"<div id=\"fb-root\"><\/div>\n\n<p>\u25cf Ser\u00e1n 51 delegaciones que representan las 16 culturas, el Pueblo Afromexicano y mestizo, las que se presenten en el Auditorio Guelaguetza<br \/>\u25cf Por primera vez participan las delegaciones de: Acatl\u00e1n de P\u00e9rez Figueroa y Santiago Zacatepec Mixe<\/p>\n\n\n\n<figure class=\"wp-block-image size-large\"><img fetchpriority=\"high\" decoding=\"async\" width=\"1024\" height=\"576\" src=\"https:\/\/contextoanalisisperiodistico.com\/wp-content\/uploads\/2024\/06\/img-20240607-wa00265228844576077333855-1024x576.jpg\" alt=\"\" class=\"wp-image-27284\" srcset=\"https:\/\/contextoanalisisperiodistico.com\/wp-content\/uploads\/2024\/06\/img-20240607-wa00265228844576077333855-1024x576.jpg 1024w, https:\/\/contextoanalisisperiodistico.com\/wp-content\/uploads\/2024\/06\/img-20240607-wa00265228844576077333855-300x169.jpg 300w, https:\/\/contextoanalisisperiodistico.com\/wp-content\/uploads\/2024\/06\/img-20240607-wa00265228844576077333855-768x432.jpg 768w, https:\/\/contextoanalisisperiodistico.com\/wp-content\/uploads\/2024\/06\/img-20240607-wa00265228844576077333855.jpg 1280w\" sizes=\"(max-width: 1024px) 100vw, 1024px\" \/><\/figure>\n\n\n\n<figure class=\"wp-block-image\"><img decoding=\"async\" width=\"1024\" height=\"683\" src=\"https:\/\/contextoanalisisperiodistico.com\/wp-content\/uploads\/2024\/06\/img-20240607-wa00274188950392520131472-1024x683.jpg\" alt=\"\" class=\"wp-image-27282\" srcset=\"https:\/\/contextoanalisisperiodistico.com\/wp-content\/uploads\/2024\/06\/img-20240607-wa00274188950392520131472-1024x683.jpg 1024w, https:\/\/contextoanalisisperiodistico.com\/wp-content\/uploads\/2024\/06\/img-20240607-wa00274188950392520131472-300x200.jpg 300w, https:\/\/contextoanalisisperiodistico.com\/wp-content\/uploads\/2024\/06\/img-20240607-wa00274188950392520131472-768x512.jpg 768w, https:\/\/contextoanalisisperiodistico.com\/wp-content\/uploads\/2024\/06\/img-20240607-wa00274188950392520131472.jpg 1280w\" sizes=\"(max-width: 1024px) 100vw, 1024px\" \/><\/figure>\n\n\n\n<figure class=\"wp-block-image\"><img decoding=\"async\" width=\"1024\" height=\"683\" src=\"https:\/\/contextoanalisisperiodistico.com\/wp-content\/uploads\/2024\/06\/img-20240607-wa00281937245766541331800-1024x683.jpg\" alt=\"\" class=\"wp-image-27283\" srcset=\"https:\/\/contextoanalisisperiodistico.com\/wp-content\/uploads\/2024\/06\/img-20240607-wa00281937245766541331800-1024x683.jpg 1024w, https:\/\/contextoanalisisperiodistico.com\/wp-content\/uploads\/2024\/06\/img-20240607-wa00281937245766541331800-300x200.jpg 300w, https:\/\/contextoanalisisperiodistico.com\/wp-content\/uploads\/2024\/06\/img-20240607-wa00281937245766541331800-768x512.jpg 768w, https:\/\/contextoanalisisperiodistico.com\/wp-content\/uploads\/2024\/06\/img-20240607-wa00281937245766541331800.jpg 1280w\" sizes=\"(max-width: 1024px) 100vw, 1024px\" \/><\/figure>\n\n\n\n<figure class=\"wp-block-image\"><img loading=\"lazy\" decoding=\"async\" width=\"576\" height=\"1024\" src=\"https:\/\/contextoanalisisperiodistico.com\/wp-content\/uploads\/2024\/06\/img-20240607-wa00295495509598895610065-576x1024.jpg\" alt=\"\" class=\"wp-image-27281\" srcset=\"https:\/\/contextoanalisisperiodistico.com\/wp-content\/uploads\/2024\/06\/img-20240607-wa00295495509598895610065-576x1024.jpg 576w, https:\/\/contextoanalisisperiodistico.com\/wp-content\/uploads\/2024\/06\/img-20240607-wa00295495509598895610065-169x300.jpg 169w, https:\/\/contextoanalisisperiodistico.com\/wp-content\/uploads\/2024\/06\/img-20240607-wa00295495509598895610065.jpg 720w\" sizes=\"(max-width: 576px) 100vw, 576px\" \/><\/figure>\n\n\n\n<p>Santa Mar\u00eda Huatulco, Oaxaca, 06 de junio de 2024.- Durante la transmisi\u00f3n del programa televisivo Jueves de Gozona que encabez\u00f3 el Gobernador del Estado de Oaxaca Salom\u00f3n Jara Cruz, el Comit\u00e9 Organizador de la Guelaguetza anunci\u00f3 a las delegaciones que participar\u00e1n en el Lunes del Cerro y su Octava en el marco de Julio, mes de la Guelaguetza 2024.<\/p>\n\n\n\n<p>Las delegaciones que participar\u00e1n en la rotonda de la azucena son: Chinas Oaxaque\u00f1as de Genoveva Medina, Villa de Tututepec, San Vicente Coatl\u00e1n, Ejutla de Crespo, San Blas Atempa, San Pedro Pochutla, Loma Bonita, Villa Hidalgo Yal\u00e1lag, San Bartolo Coyotepec, Barrio de la Soledad, Santo Domingo Tehuantepec, San Juan Bautista Tuxtepec, San Juan Bautista Coixtlahuaca, Putla Villa de Guerrero.<\/p>\n\n\n\n<p>San Pablo Macuiltianguis, San Francisco Ixhuat\u00e1n, Asunci\u00f3n Ixtaltepec, Heroica Ciudad de Huajuapan de Le\u00f3n, Santiago Pinotepa Nacional, San Antonino Castillo Velasco, San Felipe Jalapa de D\u00edaz, San Francisco del Mar, San Melchor Betaza, San Carlos Yautepec, El Espinal, Santa Mar\u00eda Zacatepec, Santiago Juxtlahuaca, Santa Mar\u00eda Teopoxco, Santo Reyes Nopala, Cuil\u00e1pam de Guerrero, Chinas Oaxaque\u00f1as de Casilda Flores, San Jos\u00e9 Tenango, San Lucas Ojitl\u00e1n, San Agust\u00edn Loxicha.<\/p>\n\n\n\n<p>Heroica Ciudad de Tlaxiaco, Acatl\u00e1n de P\u00e9rez Figueroa, Santiago Zacatepec Mixe, Santo Tom\u00e1s Ocotepec, Santiago Jamiltepec, Teotitl\u00e1n del Valle, Tamazul\u00e1pam del Esp\u00edritu Santo, Santa Catarina Juquila, San Pedro Tapanatepec, San Miguel El Grande, Santiago Llano Grande, Santiago Jocotepec, Juchit\u00e1n de Zaragoza, Villa Sola de Vega, Copala, Villa de Zaachila, Santa Mar\u00eda Huatulco.<\/p>\n\n\n\n<p>Cabe mencionar que por primera vez participan las delegaciones de: Acatl\u00e1n de P\u00e9rez Figueroa y Santiago Zacatepec Mixe.<\/p>\n\n\n\n<p>El titular de la Secretar\u00eda de las Culturas y Artes (Seculta) V\u00edctor Cata, record\u00f3 que los primeros d\u00edas de marzo de este 2024, la dependencia a su cargo recibi\u00f3 las propuestas de los cuadros art\u00edsticos de 100 delegaciones que representan pertenecientes a las 16 culturas y el pueblo afromexicano y mestizo de Oaxaca.<\/p>\n\n\n\n<p>Resalt\u00f3 tambi\u00e9n que, para este a\u00f1o el n\u00famero de delegaciones inscritas es hist\u00f3rico, pues en 2023 se registraron 79 delegaciones, mientras que en 2022 un total de 54.<\/p>\n\n\n\n<p>Adem\u00e1s, durante tres semanas: el 19, 20 y 21 de abril; el 27 y 28 de abril; as\u00ed como el 3, 4 y 5 de mayo, las y los 72 consejeros interculturales recorrieron de manera simult\u00e1nea las comunidades de las ocho regiones, para realizar las evaluaciones a las delegaciones participantes.<\/p>\n\n\n\n<p>Despu\u00e9s de las evaluaciones, las y los 24 Consejos Interculturales enviaron sus puntajes al Comit\u00e9 Organizador de la Guelaguetza, integrado por la Secretar\u00eda de Turismo (Sectur) de Oaxaca, Secretar\u00eda de Interculturalidad, Pueblos y Comunidades Ind\u00edgenas y Afromexicanas (SIPCIA) y la Seculta.<\/p>\n\n\n\n<p>A partir de esa etapa y tomando en cuenta los puntajes, se sesion\u00f3 para determinar a las 51 delegaciones que se presentar\u00e1n en el Auditorio Guelaguetza los lunes 22 y 29 de julio.<\/p>\n\n\n\n<p>-0-<\/p>\n","protected":false},"excerpt":{"rendered":"<p>\u25cf Ser\u00e1n 51 delegaciones que representan las 16 culturas, el Pueblo Afromexicano y mestizo, las&#8230;<\/p>\n","protected":false},"author":4,"featured_media":27280,"comment_status":"","ping_status":"open","sticky":false,"template":"","format":"standard","meta":{"footnotes":""},"categories":[4],"tags":[],"jetpack_sharing_enabled":true,"featured_image_urls":{"full":["https:\/\/contextoanalisisperiodistico.com\/wp-content\/uploads\/2024\/06\/IMG-20240607-WA0025.jpg",960,1280,false],"thumbnail":["https:\/\/contextoanalisisperiodistico.com\/wp-content\/uploads\/2024\/06\/IMG-20240607-WA0025-150x150.jpg",150,150,true],"medium":["https:\/\/contextoanalisisperiodistico.com\/wp-content\/uploads\/2024\/06\/IMG-20240607-WA0025-225x300.jpg",225,300,true],"medium_large":["https:\/\/contextoanalisisperiodistico.com\/wp-content\/uploads\/2024\/06\/IMG-20240607-WA0025-768x1024.jpg",640,853,true],"large":["https:\/\/contextoanalisisperiodistico.com\/wp-content\/uploads\/2024\/06\/IMG-20240607-WA0025-768x1024.jpg",640,853,true],"1536x1536":["https:\/\/contextoanalisisperiodistico.com\/wp-content\/uploads\/2024\/06\/IMG-20240607-WA0025.jpg",960,1280,false],"2048x2048":["https:\/\/contextoanalisisperiodistico.com\/wp-content\/uploads\/2024\/06\/IMG-20240607-WA0025.jpg",960,1280,false],"covernews-slider-full":["https:\/\/contextoanalisisperiodistico.com\/wp-content\/uploads\/2024\/06\/IMG-20240607-WA0025-960x715.jpg",960,715,true],"covernews-slider-center":["https:\/\/contextoanalisisperiodistico.com\/wp-content\/uploads\/2024\/06\/IMG-20240607-WA0025-800x500.jpg",800,500,true],"covernews-featured":["https:\/\/contextoanalisisperiodistico.com\/wp-content\/uploads\/2024\/06\/IMG-20240607-WA0025.jpg",960,1280,false],"covernews-medium":["https:\/\/contextoanalisisperiodistico.com\/wp-content\/uploads\/2024\/06\/IMG-20240607-WA0025-540x340.jpg",540,340,true],"covernews-medium-square":["https:\/\/contextoanalisisperiodistico.com\/wp-content\/uploads\/2024\/06\/IMG-20240607-WA0025-400x250.jpg",400,250,true]},"author_info":{"display_name":"Mario Gir\u00f3n","author_link":"https:\/\/contextoanalisisperiodistico.com\/index.php\/author\/director\/"},"category_info":"<a href=\"https:\/\/contextoanalisisperiodistico.com\/index.php\/category\/cultura\/\" rel=\"category tag\">Cultura<\/a>","tag_info":"Cultura","comment_count":"0","jetpack_featured_media_url":"https:\/\/contextoanalisisperiodistico.com\/wp-content\/uploads\/2024\/06\/IMG-20240607-WA0025.jpg","_links":{"self":[{"href":"https:\/\/contextoanalisisperiodistico.com\/index.php\/wp-json\/wp\/v2\/posts\/27285"}],"collection":[{"href":"https:\/\/contextoanalisisperiodistico.com\/index.php\/wp-json\/wp\/v2\/posts"}],"about":[{"href":"https:\/\/contextoanalisisperiodistico.com\/index.php\/wp-json\/wp\/v2\/types\/post"}],"author":[{"embeddable":true,"href":"https:\/\/contextoanalisisperiodistico.com\/index.php\/wp-json\/wp\/v2\/users\/4"}],"replies":[{"embeddable":true,"href":"https:\/\/contextoanalisisperiodistico.com\/index.php\/wp-json\/wp\/v2\/comments?post=27285"}],"version-history":[{"count":0,"href":"https:\/\/contextoanalisisperiodistico.com\/index.php\/wp-json\/wp\/v2\/posts\/27285\/revisions"}],"wp:featuredmedia":[{"embeddable":true,"href":"https:\/\/contextoanalisisperiodistico.com\/index.php\/wp-json\/wp\/v2\/media\/27280"}],"wp:attachment":[{"href":"https:\/\/contextoanalisisperiodistico.com\/index.php\/wp-json\/wp\/v2\/media?parent=27285"}],"wp:term":[{"taxonomy":"category","embeddable":true,"href":"https:\/\/contextoanalisisperiodistico.com\/index.php\/wp-json\/wp\/v2\/categories?post=27285"},{"taxonomy":"post_tag","embeddable":true,"href":"https:\/\/contextoanalisisperiodistico.com\/index.php\/wp-json\/wp\/v2\/tags?post=27285"}],"curies":[{"name":"wp","href":"https:\/\/api.w.org\/{rel}","templated":true}]}}