{"id":27191,"date":"2024-06-03T19:15:11","date_gmt":"2024-06-04T01:15:11","guid":{"rendered":"https:\/\/contextoanalisisperiodistico.com\/index.php\/2024\/06\/03\/inedito-prevalecio-civilidad-en-la-eleccion-en-oaxaca-sego\/"},"modified":"2024-06-03T19:15:11","modified_gmt":"2024-06-04T01:15:11","slug":"inedito-prevalecio-civilidad-en-la-eleccion-en-oaxaca-sego","status":"publish","type":"post","link":"https:\/\/contextoanalisisperiodistico.com\/index.php\/2024\/06\/03\/inedito-prevalecio-civilidad-en-la-eleccion-en-oaxaca-sego\/","title":{"rendered":"In\u00e9dito, prevaleci\u00f3 civilidad en la elecci\u00f3n en Oaxaca: Sego"},"content":{"rendered":"<div id=\"fb-root\"><\/div>\n\n<p>\u2022 Gracias a la vocaci\u00f3n democr\u00e1tica que encabeza el Gobernador Salom\u00f3n Jara Cruz, no hubo intromisi\u00f3n<\/p>\n\n\n\n<p>Oaxaca de Ju\u00e1rez, Oax. 3 de junio de 2024.- El desarrollo de las elecciones en la entidad es in\u00e9dito, puesto que en Oaxaca no existe antecedente de una jornada electoral con un saldo completamente limpio, afirm\u00f3 el secretario de Gobierno (Sego) Jes\u00fas Romero L\u00f3pez.<\/p>\n\n\n\n<p>El encargado de la pol\u00edtica interna reconoci\u00f3 el trabajo realizado por todas las instancias, tanto de seguridad como de gobernabilidad, que participaron antes, durante y despu\u00e9s de los comicios.<\/p>\n\n\n\n<p>\u201cGracias a la vocaci\u00f3n democr\u00e1tica que encabeza el Gobernador Salom\u00f3n Jara Cruz, no hubo intromisi\u00f3n. Recordemos que anteriormente eran los mismos gobiernos quienes alentaban estas crisis de violencia\u201d, expres\u00f3 durante su participaci\u00f3n en la conferencia semanal encabezada por el Mandatario estatal.<\/p>\n\n\n\n<p>Se\u00f1al\u00f3 que hasta este lunes no hay ning\u00fan municipio que se visualice con elecciones extraordinarias, ni tampoco el registro de paquetes quemados o vandalizados; todo ello, gracias a la coordinaci\u00f3n de instituciones estatales y federales que implantaron un importante despliegue que gener\u00f3 un cerco en 35 municipios considerados con mayor riesgo por contar con antecedentes en procesos electorales anteriores.<\/p>\n\n\n\n<p>Se realiz\u00f3 un monitoreo en 152 municipios, 25 distritos locales y 10 federales, encabezados por personal de la dependencia. Se inst\u00f3 al di\u00e1logo en las comunidades, para generar todas las condiciones de gobernabilidad.<\/p>\n\n\n\n<p>Romero L\u00f3pez indic\u00f3 que \u201cen todo momento se dio seguimiento a cualquier tipo de incidencia y hubo un proceso de contenci\u00f3n en temas de conflictividad agraria, e interlocuci\u00f3n permanente con la Secci\u00f3n 22 del magisterio para destensar el proceso de di\u00e1logo con la Secretar\u00eda de Gobernaci\u00f3n (Segob)\u201d.<\/p>\n\n\n\n<p>En este sentido, en coordinaci\u00f3n con el Instituto Nacional Electoral (INE) y el Instituto Estatal Electoral y de Participaci\u00f3n Ciudadana de Oaxaca (IEEPCO) se garantiz\u00f3 el derecho a votar y ser persona votada, pues no hubo ning\u00fan impedimento masivo y las casillas se instalaron.<\/p>\n\n\n\n<p>Tal es el caso de la agencia municipal de Puente Madera perteneciente a San Blas Atempa y en San Mateo del Mar, ambos municipios considerados de alta conflictividad, y en donde despu\u00e9s de 7 a\u00f1os la poblaci\u00f3n volvi\u00f3 a ejercer su derecho a elegir a sus representantes populares.<\/p>\n\n\n\n<p>Finalmente, el funcionario agradeci\u00f3 el acompa\u00f1amiento y trabajo coordinado que se alcanz\u00f3 con todas las instituciones de seguridad, estatales, electorales y de gobernabilidad, lo que permiti\u00f3 un saldo blanco en estas hist\u00f3ricas elecciones.<br \/>-0-<\/p>\n\n\n\n<figure class=\"wp-block-image size-large\"><img fetchpriority=\"high\" decoding=\"async\" width=\"1024\" height=\"576\" src=\"https:\/\/contextoanalisisperiodistico.com\/wp-content\/uploads\/2024\/06\/img-20240603-wa00786419610738525321350-1024x576.jpg\" alt=\"\" class=\"wp-image-27190\" srcset=\"https:\/\/contextoanalisisperiodistico.com\/wp-content\/uploads\/2024\/06\/img-20240603-wa00786419610738525321350-1024x576.jpg 1024w, https:\/\/contextoanalisisperiodistico.com\/wp-content\/uploads\/2024\/06\/img-20240603-wa00786419610738525321350-300x169.jpg 300w, https:\/\/contextoanalisisperiodistico.com\/wp-content\/uploads\/2024\/06\/img-20240603-wa00786419610738525321350-768x432.jpg 768w, https:\/\/contextoanalisisperiodistico.com\/wp-content\/uploads\/2024\/06\/img-20240603-wa00786419610738525321350.jpg 1200w\" sizes=\"(max-width: 1024px) 100vw, 1024px\" \/><\/figure>\n\n\n\n<figure class=\"wp-block-image\"><img decoding=\"async\" width=\"1024\" height=\"682\" src=\"https:\/\/contextoanalisisperiodistico.com\/wp-content\/uploads\/2024\/06\/img-20240603-wa00797240336794258674264-1024x682.jpg\" alt=\"\" class=\"wp-image-27189\" srcset=\"https:\/\/contextoanalisisperiodistico.com\/wp-content\/uploads\/2024\/06\/img-20240603-wa00797240336794258674264-1024x682.jpg 1024w, https:\/\/contextoanalisisperiodistico.com\/wp-content\/uploads\/2024\/06\/img-20240603-wa00797240336794258674264-300x200.jpg 300w, https:\/\/contextoanalisisperiodistico.com\/wp-content\/uploads\/2024\/06\/img-20240603-wa00797240336794258674264-768x511.jpg 768w, https:\/\/contextoanalisisperiodistico.com\/wp-content\/uploads\/2024\/06\/img-20240603-wa00797240336794258674264.jpg 1200w\" sizes=\"(max-width: 1024px) 100vw, 1024px\" \/><\/figure>\n","protected":false},"excerpt":{"rendered":"<p>\u2022 Gracias a la vocaci\u00f3n democr\u00e1tica que encabeza el Gobernador Salom\u00f3n Jara Cruz, no hubo&#8230;<\/p>\n","protected":false},"author":4,"featured_media":27188,"comment_status":"","ping_status":"open","sticky":false,"template":"","format":"standard","meta":{"footnotes":""},"categories":[9],"tags":[],"jetpack_sharing_enabled":true,"featured_image_urls":{"full":["https:\/\/contextoanalisisperiodistico.com\/wp-content\/uploads\/2024\/06\/IMG-20240603-WA0080.jpg",675,1200,false],"thumbnail":["https:\/\/contextoanalisisperiodistico.com\/wp-content\/uploads\/2024\/06\/IMG-20240603-WA0080-150x150.jpg",150,150,true],"medium":["https:\/\/contextoanalisisperiodistico.com\/wp-content\/uploads\/2024\/06\/IMG-20240603-WA0080-169x300.jpg",169,300,true],"medium_large":["https:\/\/contextoanalisisperiodistico.com\/wp-content\/uploads\/2024\/06\/IMG-20240603-WA0080.jpg",640,1138,false],"large":["https:\/\/contextoanalisisperiodistico.com\/wp-content\/uploads\/2024\/06\/IMG-20240603-WA0080-576x1024.jpg",576,1024,true],"1536x1536":["https:\/\/contextoanalisisperiodistico.com\/wp-content\/uploads\/2024\/06\/IMG-20240603-WA0080.jpg",675,1200,false],"2048x2048":["https:\/\/contextoanalisisperiodistico.com\/wp-content\/uploads\/2024\/06\/IMG-20240603-WA0080.jpg",675,1200,false],"covernews-slider-full":["https:\/\/contextoanalisisperiodistico.com\/wp-content\/uploads\/2024\/06\/IMG-20240603-WA0080-675x715.jpg",675,715,true],"covernews-slider-center":["https:\/\/contextoanalisisperiodistico.com\/wp-content\/uploads\/2024\/06\/IMG-20240603-WA0080-675x500.jpg",675,500,true],"covernews-featured":["https:\/\/contextoanalisisperiodistico.com\/wp-content\/uploads\/2024\/06\/IMG-20240603-WA0080.jpg",675,1200,false],"covernews-medium":["https:\/\/contextoanalisisperiodistico.com\/wp-content\/uploads\/2024\/06\/IMG-20240603-WA0080-540x340.jpg",540,340,true],"covernews-medium-square":["https:\/\/contextoanalisisperiodistico.com\/wp-content\/uploads\/2024\/06\/IMG-20240603-WA0080-400x250.jpg",400,250,true]},"author_info":{"display_name":"Mario Gir\u00f3n","author_link":"https:\/\/contextoanalisisperiodistico.com\/index.php\/author\/director\/"},"category_info":"<a href=\"https:\/\/contextoanalisisperiodistico.com\/index.php\/category\/politica\/\" rel=\"category tag\">Pol\u00edtica<\/a>","tag_info":"Pol\u00edtica","comment_count":"0","jetpack_featured_media_url":"https:\/\/contextoanalisisperiodistico.com\/wp-content\/uploads\/2024\/06\/IMG-20240603-WA0080.jpg","_links":{"self":[{"href":"https:\/\/contextoanalisisperiodistico.com\/index.php\/wp-json\/wp\/v2\/posts\/27191"}],"collection":[{"href":"https:\/\/contextoanalisisperiodistico.com\/index.php\/wp-json\/wp\/v2\/posts"}],"about":[{"href":"https:\/\/contextoanalisisperiodistico.com\/index.php\/wp-json\/wp\/v2\/types\/post"}],"author":[{"embeddable":true,"href":"https:\/\/contextoanalisisperiodistico.com\/index.php\/wp-json\/wp\/v2\/users\/4"}],"replies":[{"embeddable":true,"href":"https:\/\/contextoanalisisperiodistico.com\/index.php\/wp-json\/wp\/v2\/comments?post=27191"}],"version-history":[{"count":0,"href":"https:\/\/contextoanalisisperiodistico.com\/index.php\/wp-json\/wp\/v2\/posts\/27191\/revisions"}],"wp:featuredmedia":[{"embeddable":true,"href":"https:\/\/contextoanalisisperiodistico.com\/index.php\/wp-json\/wp\/v2\/media\/27188"}],"wp:attachment":[{"href":"https:\/\/contextoanalisisperiodistico.com\/index.php\/wp-json\/wp\/v2\/media?parent=27191"}],"wp:term":[{"taxonomy":"category","embeddable":true,"href":"https:\/\/contextoanalisisperiodistico.com\/index.php\/wp-json\/wp\/v2\/categories?post=27191"},{"taxonomy":"post_tag","embeddable":true,"href":"https:\/\/contextoanalisisperiodistico.com\/index.php\/wp-json\/wp\/v2\/tags?post=27191"}],"curies":[{"name":"wp","href":"https:\/\/api.w.org\/{rel}","templated":true}]}}