{"id":27187,"date":"2024-06-03T18:38:18","date_gmt":"2024-06-04T00:38:18","guid":{"rendered":"https:\/\/contextoanalisisperiodistico.com\/index.php\/2024\/06\/03\/fomentan-cultura-del-cuidado-de-la-salud-en-la-poblacion-oaxaquena\/"},"modified":"2024-06-03T18:38:18","modified_gmt":"2024-06-04T00:38:18","slug":"fomentan-cultura-del-cuidado-de-la-salud-en-la-poblacion-oaxaquena","status":"publish","type":"post","link":"https:\/\/contextoanalisisperiodistico.com\/index.php\/2024\/06\/03\/fomentan-cultura-del-cuidado-de-la-salud-en-la-poblacion-oaxaquena\/","title":{"rendered":"Fomentan cultura del cuidado de la salud en la poblaci\u00f3n oaxaque\u00f1a"},"content":{"rendered":"<div id=\"fb-root\"><\/div>\n\n<p>\u25cf La Secretar\u00eda de Administraci\u00f3n y el Coesida efectuaron la Segunda Jornada de Detecci\u00f3n del VIH, S\u00edfilis y Hepatitis C; se aplicaron 561 pruebas gratuitas<\/p>\n\n\n\n<figure class=\"wp-block-image size-large\"><img fetchpriority=\"high\" decoding=\"async\" width=\"800\" height=\"449\" src=\"https:\/\/contextoanalisisperiodistico.com\/wp-content\/uploads\/2024\/06\/img-20240603-wa00766611326527482835544.jpg\" alt=\"\" class=\"wp-image-27186\" srcset=\"https:\/\/contextoanalisisperiodistico.com\/wp-content\/uploads\/2024\/06\/img-20240603-wa00766611326527482835544.jpg 800w, https:\/\/contextoanalisisperiodistico.com\/wp-content\/uploads\/2024\/06\/img-20240603-wa00766611326527482835544-300x168.jpg 300w, https:\/\/contextoanalisisperiodistico.com\/wp-content\/uploads\/2024\/06\/img-20240603-wa00766611326527482835544-768x431.jpg 768w\" sizes=\"(max-width: 800px) 100vw, 800px\" \/><\/figure>\n\n\n\n<figure class=\"wp-block-image\"><img decoding=\"async\" width=\"300\" height=\"168\" src=\"https:\/\/contextoanalisisperiodistico.com\/wp-content\/uploads\/2024\/06\/img-20240603-wa00758277569723292843345-300x168.jpg\" alt=\"\" class=\"wp-image-27185\" srcset=\"https:\/\/contextoanalisisperiodistico.com\/wp-content\/uploads\/2024\/06\/img-20240603-wa00758277569723292843345-300x168.jpg 300w, https:\/\/contextoanalisisperiodistico.com\/wp-content\/uploads\/2024\/06\/img-20240603-wa00758277569723292843345-768x431.jpg 768w, https:\/\/contextoanalisisperiodistico.com\/wp-content\/uploads\/2024\/06\/img-20240603-wa00758277569723292843345.jpg 800w\" sizes=\"(max-width: 300px) 100vw, 300px\" \/><\/figure>\n\n\n\n<p>Tlalixtac de Cabrera, Oax. 3 de junio de 2024.- Con el objetivo de implementar acciones de sensibilizaci\u00f3n y fomentar la cultura del cuidado de la salud en la ciudadan\u00eda oaxaque\u00f1a, la Secretar\u00eda de Administraci\u00f3n en colaboraci\u00f3n con el Consejo Estatal para la Prevenci\u00f3n y Control del Sida (Coesida), realiz\u00f3 la Segunda Jornada de Detecci\u00f3n del Virus de Inmunodeficiencia Humana (VIH), S\u00edfilis y Hepatitis C.<\/p>\n\n\n\n<p>Durante 2 d\u00edas, personal de Coesida aplic\u00f3 561 pruebas r\u00e1pidas confidenciales -87 de cada enfermedad- de manera gratuita a la poblaci\u00f3n. Para ello se instal\u00f3 un m\u00f3dulo de atenci\u00f3n m\u00e9dica en el complejo de Ciudad Administrativa Benem\u00e9rito de las Am\u00e9ricas.<\/p>\n\n\n\n<p>Cabe destacar que estos servicios de salud tambi\u00e9n se otorgaron al funcionariado estatal de diferentes dependencias dentro de sus horarios laborales, para garantizar el acceso a sus derechos sociales fundamentales.<\/p>\n\n\n\n<p>Con estas acciones la Secretar\u00eda de Administraci\u00f3n reafirma su compromiso con la poblaci\u00f3n de acuerdo con las pol\u00edticas para la construcci\u00f3n de un nuevo sistema de salud que forman parte del Eje encaminado a la Reparaci\u00f3n Hist\u00f3rica de los Pueblos a trav\u00e9s de las Pol\u00edticas de Bienestar Transformador que impulsa el Gobierno del Estado de Oaxaca.<\/p>\n\n\n\n<p>-0-<\/p>\n\n\n\n<p><\/p>\n\n\n\n<p><\/p>\n","protected":false},"excerpt":{"rendered":"<p>\u25cf La Secretar\u00eda de Administraci\u00f3n y el Coesida efectuaron la Segunda Jornada de Detecci\u00f3n del&#8230;<\/p>\n","protected":false},"author":4,"featured_media":27184,"comment_status":"","ping_status":"open","sticky":false,"template":"","format":"standard","meta":{"footnotes":""},"categories":[92],"tags":[],"jetpack_sharing_enabled":true,"featured_image_urls":{"full":["https:\/\/contextoanalisisperiodistico.com\/wp-content\/uploads\/2024\/06\/IMG-20240603-WA0077.jpg",800,450,false],"thumbnail":["https:\/\/contextoanalisisperiodistico.com\/wp-content\/uploads\/2024\/06\/IMG-20240603-WA0077-150x150.jpg",150,150,true],"medium":["https:\/\/contextoanalisisperiodistico.com\/wp-content\/uploads\/2024\/06\/IMG-20240603-WA0077-300x169.jpg",300,169,true],"medium_large":["https:\/\/contextoanalisisperiodistico.com\/wp-content\/uploads\/2024\/06\/IMG-20240603-WA0077-768x432.jpg",640,360,true],"large":["https:\/\/contextoanalisisperiodistico.com\/wp-content\/uploads\/2024\/06\/IMG-20240603-WA0077.jpg",640,360,false],"1536x1536":["https:\/\/contextoanalisisperiodistico.com\/wp-content\/uploads\/2024\/06\/IMG-20240603-WA0077.jpg",800,450,false],"2048x2048":["https:\/\/contextoanalisisperiodistico.com\/wp-content\/uploads\/2024\/06\/IMG-20240603-WA0077.jpg",800,450,false],"covernews-slider-full":["https:\/\/contextoanalisisperiodistico.com\/wp-content\/uploads\/2024\/06\/IMG-20240603-WA0077.jpg",800,450,false],"covernews-slider-center":["https:\/\/contextoanalisisperiodistico.com\/wp-content\/uploads\/2024\/06\/IMG-20240603-WA0077.jpg",800,450,false],"covernews-featured":["https:\/\/contextoanalisisperiodistico.com\/wp-content\/uploads\/2024\/06\/IMG-20240603-WA0077.jpg",800,450,false],"covernews-medium":["https:\/\/contextoanalisisperiodistico.com\/wp-content\/uploads\/2024\/06\/IMG-20240603-WA0077-540x340.jpg",540,340,true],"covernews-medium-square":["https:\/\/contextoanalisisperiodistico.com\/wp-content\/uploads\/2024\/06\/IMG-20240603-WA0077-400x250.jpg",400,250,true]},"author_info":{"display_name":"Mario Gir\u00f3n","author_link":"https:\/\/contextoanalisisperiodistico.com\/index.php\/author\/director\/"},"category_info":"<a href=\"https:\/\/contextoanalisisperiodistico.com\/index.php\/category\/salud\/\" rel=\"category tag\">Salud<\/a>","tag_info":"Salud","comment_count":"0","jetpack_featured_media_url":"https:\/\/contextoanalisisperiodistico.com\/wp-content\/uploads\/2024\/06\/IMG-20240603-WA0077.jpg","_links":{"self":[{"href":"https:\/\/contextoanalisisperiodistico.com\/index.php\/wp-json\/wp\/v2\/posts\/27187"}],"collection":[{"href":"https:\/\/contextoanalisisperiodistico.com\/index.php\/wp-json\/wp\/v2\/posts"}],"about":[{"href":"https:\/\/contextoanalisisperiodistico.com\/index.php\/wp-json\/wp\/v2\/types\/post"}],"author":[{"embeddable":true,"href":"https:\/\/contextoanalisisperiodistico.com\/index.php\/wp-json\/wp\/v2\/users\/4"}],"replies":[{"embeddable":true,"href":"https:\/\/contextoanalisisperiodistico.com\/index.php\/wp-json\/wp\/v2\/comments?post=27187"}],"version-history":[{"count":0,"href":"https:\/\/contextoanalisisperiodistico.com\/index.php\/wp-json\/wp\/v2\/posts\/27187\/revisions"}],"wp:featuredmedia":[{"embeddable":true,"href":"https:\/\/contextoanalisisperiodistico.com\/index.php\/wp-json\/wp\/v2\/media\/27184"}],"wp:attachment":[{"href":"https:\/\/contextoanalisisperiodistico.com\/index.php\/wp-json\/wp\/v2\/media?parent=27187"}],"wp:term":[{"taxonomy":"category","embeddable":true,"href":"https:\/\/contextoanalisisperiodistico.com\/index.php\/wp-json\/wp\/v2\/categories?post=27187"},{"taxonomy":"post_tag","embeddable":true,"href":"https:\/\/contextoanalisisperiodistico.com\/index.php\/wp-json\/wp\/v2\/tags?post=27187"}],"curies":[{"name":"wp","href":"https:\/\/api.w.org\/{rel}","templated":true}]}}