{"id":27170,"date":"2024-06-03T17:55:30","date_gmt":"2024-06-03T23:55:30","guid":{"rendered":"https:\/\/contextoanalisisperiodistico.com\/index.php\/2024\/06\/03\/activa-dif-estatal-el-plan-hidratarte-es-el-punto-en-la-capital-oaxaquena\/"},"modified":"2024-06-03T17:55:30","modified_gmt":"2024-06-03T23:55:30","slug":"activa-dif-estatal-el-plan-hidratarte-es-el-punto-en-la-capital-oaxaquena","status":"publish","type":"post","link":"https:\/\/contextoanalisisperiodistico.com\/index.php\/2024\/06\/03\/activa-dif-estatal-el-plan-hidratarte-es-el-punto-en-la-capital-oaxaquena\/","title":{"rendered":"Activa DIF Estatal el plan \u201cHidratarte es el Punto\u201d, en la capital oaxaque\u00f1a"},"content":{"rendered":"<div id=\"fb-root\"><\/div>\n\n<p>\u2022 Busca prevenir insolaci\u00f3n y golpe de calor en la poblaci\u00f3n de grupos prioritarios, mediante la entrega de paquetes de hidrataci\u00f3n personal<\/p>\n\n\n\n<figure class=\"wp-block-image size-large\"><img fetchpriority=\"high\" decoding=\"async\" width=\"790\" height=\"526\" src=\"https:\/\/contextoanalisisperiodistico.com\/wp-content\/uploads\/2024\/06\/img-20240603-wa0065889569666290450337.jpg\" alt=\"\" class=\"wp-image-27166\" srcset=\"https:\/\/contextoanalisisperiodistico.com\/wp-content\/uploads\/2024\/06\/img-20240603-wa0065889569666290450337.jpg 790w, https:\/\/contextoanalisisperiodistico.com\/wp-content\/uploads\/2024\/06\/img-20240603-wa0065889569666290450337-300x200.jpg 300w, https:\/\/contextoanalisisperiodistico.com\/wp-content\/uploads\/2024\/06\/img-20240603-wa0065889569666290450337-768x511.jpg 768w\" sizes=\"(max-width: 790px) 100vw, 790px\" \/><\/figure>\n\n\n\n<figure class=\"wp-block-image\"><img decoding=\"async\" width=\"300\" height=\"200\" src=\"https:\/\/contextoanalisisperiodistico.com\/wp-content\/uploads\/2024\/06\/img-20240603-wa00675403655353238413846-300x200.jpg\" alt=\"\" class=\"wp-image-27165\" srcset=\"https:\/\/contextoanalisisperiodistico.com\/wp-content\/uploads\/2024\/06\/img-20240603-wa00675403655353238413846-300x200.jpg 300w, https:\/\/contextoanalisisperiodistico.com\/wp-content\/uploads\/2024\/06\/img-20240603-wa00675403655353238413846-768x511.jpg 768w, https:\/\/contextoanalisisperiodistico.com\/wp-content\/uploads\/2024\/06\/img-20240603-wa00675403655353238413846.jpg 790w\" sizes=\"(max-width: 300px) 100vw, 300px\" \/><\/figure>\n\n\n\n<figure class=\"wp-block-image\"><img decoding=\"async\" width=\"300\" height=\"219\" src=\"https:\/\/contextoanalisisperiodistico.com\/wp-content\/uploads\/2024\/06\/img-20240603-wa00663925508257028597961-300x219.jpg\" alt=\"\" class=\"wp-image-27167\" srcset=\"https:\/\/contextoanalisisperiodistico.com\/wp-content\/uploads\/2024\/06\/img-20240603-wa00663925508257028597961-300x219.jpg 300w, https:\/\/contextoanalisisperiodistico.com\/wp-content\/uploads\/2024\/06\/img-20240603-wa00663925508257028597961-768x561.jpg 768w, https:\/\/contextoanalisisperiodistico.com\/wp-content\/uploads\/2024\/06\/img-20240603-wa00663925508257028597961.jpg 790w\" sizes=\"(max-width: 300px) 100vw, 300px\" \/><\/figure>\n\n\n\n<figure class=\"wp-block-image\"><img loading=\"lazy\" decoding=\"async\" width=\"300\" height=\"200\" src=\"https:\/\/contextoanalisisperiodistico.com\/wp-content\/uploads\/2024\/06\/img-20240603-wa00647790297854142452994-300x200.jpg\" alt=\"\" class=\"wp-image-27168\" srcset=\"https:\/\/contextoanalisisperiodistico.com\/wp-content\/uploads\/2024\/06\/img-20240603-wa00647790297854142452994-300x200.jpg 300w, https:\/\/contextoanalisisperiodistico.com\/wp-content\/uploads\/2024\/06\/img-20240603-wa00647790297854142452994-768x511.jpg 768w, https:\/\/contextoanalisisperiodistico.com\/wp-content\/uploads\/2024\/06\/img-20240603-wa00647790297854142452994.jpg 790w\" sizes=\"(max-width: 300px) 100vw, 300px\" \/><\/figure>\n\n\n\n<figure class=\"wp-block-image\"><img loading=\"lazy\" decoding=\"async\" width=\"300\" height=\"200\" src=\"https:\/\/contextoanalisisperiodistico.com\/wp-content\/uploads\/2024\/06\/img-20240603-wa00627751336956934192732-300x200.jpg\" alt=\"\" class=\"wp-image-27169\" srcset=\"https:\/\/contextoanalisisperiodistico.com\/wp-content\/uploads\/2024\/06\/img-20240603-wa00627751336956934192732-300x200.jpg 300w, https:\/\/contextoanalisisperiodistico.com\/wp-content\/uploads\/2024\/06\/img-20240603-wa00627751336956934192732-768x511.jpg 768w, https:\/\/contextoanalisisperiodistico.com\/wp-content\/uploads\/2024\/06\/img-20240603-wa00627751336956934192732.jpg 790w\" sizes=\"(max-width: 300px) 100vw, 300px\" \/><\/figure>\n\n\n\n<p>Oaxaca de Ju\u00e1rez, Oax. 3 de junio de 2024.- Ante las altas temperaturas que se registran en la capital oaxaque\u00f1a, el Sistema para el Desarrollo Integral de la Familia (DIF) Oaxaca activ\u00f3 el plan \u201cHidratarte es el Punto\u201d, que incluye la entrega de paquetes de hidrataci\u00f3n a ni\u00f1as, ni\u00f1os, personas adultas mayores, con enfermedades cr\u00f3nico degenerativas, en situaci\u00f3n de calle y migrantes.<\/p>\n\n\n\n<p>Este plan encaminado a prevenir la insolaci\u00f3n y golpes de calor en la poblaci\u00f3n de grupos prioritarios, incluye un recorrido por 14 cruces estrat\u00e9gicos de la capital oaxaque\u00f1a.<\/p>\n\n\n\n<p>De esta manera, en un horario de 9:30 a 14:00 horas, personal del organismo estatal recorri\u00f3 la siguiente ruta:<\/p>\n\n\n\n<p>1.-Jard\u00edn Morelos, en la avenida Francisco I. Madero, colonia Centro.<br \/>2.-Central de Abasto, sobre avenida Ju\u00e1rez Maza.<br \/>3.-Parque Jard\u00edn Madero, en la avenida Francisco I. Madero, barrio del Ex Marquesado.<br \/>4.-Crucero de la calle Manuel Sabino Crespo y calzada H\u00e9roes de Chapultepec.<br \/>5.-Hospital Civil General Doctor Aurelio Valdivieso, en Calzada Porfirio D\u00edaz.<br \/>6.-Fuente de las Ocho Regiones, en Calzada Porfirio D\u00edaz.<br \/>7.-Crucero del bulevar Eduardo Vasconcelos y avenida L\u00e1zaro C\u00e1rdenas (Rotonda la Lib\u00e9lula).<br \/>8.-Crucero de 5 Se\u00f1ores y avenida Universidad.<br \/>9.-Crucero de avenida Universidad y avenida Campi\u00f1a (Plaza del Valle).<br \/>10.-Crucero S\u00edmbolos Patrios y calle Luis Echeverr\u00eda \u00c1lvarez (Crucero de colonia La Experimental).<br \/>11.-Crucero S\u00edmbolos Patrios y avenida Morelos, en jurisdicci\u00f3n municipal de San Antonio de la Cal (Retorno de Walmart).<br \/>12.-Crucero S\u00edmbolos Patrios y Perif\u00e9rico.<br \/>13.- Hospital de la Ni\u00f1ez Oaxaque\u00f1a, en San Bartolo Coyotepec.<br \/>14.-Hospital Regional de Alta Especialidad, en San Bartolo Coyotepec.<\/p>\n\n\n\n<p>Adem\u00e1s, se realiz\u00f3 una intervenci\u00f3n especial donde se atendi\u00f3 principalmente a personas adultas mayores y familiares de pacientes en los hospitales: General Doctor Aurelio Valdivieso y el de la Ni\u00f1ez Oaxaque\u00f1a Doctor Guillermo Z\u00e1rate Mijangos, ubicado en el municipio de San Bartolo Coyotepec.<\/p>\n\n\n\n<p>El DIF Oaxaca refrenda su compromiso de cuidar a la poblaci\u00f3n de grupos prioritarios ante el registro de la tercera ola de calor.<br \/>-0-<\/p>\n","protected":false},"excerpt":{"rendered":"<p>\u2022 Busca prevenir insolaci\u00f3n y golpe de calor en la poblaci\u00f3n de grupos prioritarios, mediante&#8230;<\/p>\n","protected":false},"author":4,"featured_media":27164,"comment_status":"","ping_status":"open","sticky":false,"template":"","format":"standard","meta":{"footnotes":""},"categories":[3],"tags":[],"jetpack_sharing_enabled":true,"featured_image_urls":{"full":["https:\/\/contextoanalisisperiodistico.com\/wp-content\/uploads\/2024\/06\/IMG-20240603-WA0063.jpg",790,526,false],"thumbnail":["https:\/\/contextoanalisisperiodistico.com\/wp-content\/uploads\/2024\/06\/IMG-20240603-WA0063-150x150.jpg",150,150,true],"medium":["https:\/\/contextoanalisisperiodistico.com\/wp-content\/uploads\/2024\/06\/IMG-20240603-WA0063-300x200.jpg",300,200,true],"medium_large":["https:\/\/contextoanalisisperiodistico.com\/wp-content\/uploads\/2024\/06\/IMG-20240603-WA0063-768x511.jpg",640,426,true],"large":["https:\/\/contextoanalisisperiodistico.com\/wp-content\/uploads\/2024\/06\/IMG-20240603-WA0063.jpg",640,426,false],"1536x1536":["https:\/\/contextoanalisisperiodistico.com\/wp-content\/uploads\/2024\/06\/IMG-20240603-WA0063.jpg",790,526,false],"2048x2048":["https:\/\/contextoanalisisperiodistico.com\/wp-content\/uploads\/2024\/06\/IMG-20240603-WA0063.jpg",790,526,false],"covernews-slider-full":["https:\/\/contextoanalisisperiodistico.com\/wp-content\/uploads\/2024\/06\/IMG-20240603-WA0063.jpg",790,526,false],"covernews-slider-center":["https:\/\/contextoanalisisperiodistico.com\/wp-content\/uploads\/2024\/06\/IMG-20240603-WA0063-790x500.jpg",790,500,true],"covernews-featured":["https:\/\/contextoanalisisperiodistico.com\/wp-content\/uploads\/2024\/06\/IMG-20240603-WA0063.jpg",790,526,false],"covernews-medium":["https:\/\/contextoanalisisperiodistico.com\/wp-content\/uploads\/2024\/06\/IMG-20240603-WA0063-540x340.jpg",540,340,true],"covernews-medium-square":["https:\/\/contextoanalisisperiodistico.com\/wp-content\/uploads\/2024\/06\/IMG-20240603-WA0063-400x250.jpg",400,250,true]},"author_info":{"display_name":"Mario Gir\u00f3n","author_link":"https:\/\/contextoanalisisperiodistico.com\/index.php\/author\/director\/"},"category_info":"<a href=\"https:\/\/contextoanalisisperiodistico.com\/index.php\/category\/ciudad\/\" rel=\"category tag\">Ciudad<\/a>","tag_info":"Ciudad","comment_count":"0","jetpack_featured_media_url":"https:\/\/contextoanalisisperiodistico.com\/wp-content\/uploads\/2024\/06\/IMG-20240603-WA0063.jpg","_links":{"self":[{"href":"https:\/\/contextoanalisisperiodistico.com\/index.php\/wp-json\/wp\/v2\/posts\/27170"}],"collection":[{"href":"https:\/\/contextoanalisisperiodistico.com\/index.php\/wp-json\/wp\/v2\/posts"}],"about":[{"href":"https:\/\/contextoanalisisperiodistico.com\/index.php\/wp-json\/wp\/v2\/types\/post"}],"author":[{"embeddable":true,"href":"https:\/\/contextoanalisisperiodistico.com\/index.php\/wp-json\/wp\/v2\/users\/4"}],"replies":[{"embeddable":true,"href":"https:\/\/contextoanalisisperiodistico.com\/index.php\/wp-json\/wp\/v2\/comments?post=27170"}],"version-history":[{"count":0,"href":"https:\/\/contextoanalisisperiodistico.com\/index.php\/wp-json\/wp\/v2\/posts\/27170\/revisions"}],"wp:featuredmedia":[{"embeddable":true,"href":"https:\/\/contextoanalisisperiodistico.com\/index.php\/wp-json\/wp\/v2\/media\/27164"}],"wp:attachment":[{"href":"https:\/\/contextoanalisisperiodistico.com\/index.php\/wp-json\/wp\/v2\/media?parent=27170"}],"wp:term":[{"taxonomy":"category","embeddable":true,"href":"https:\/\/contextoanalisisperiodistico.com\/index.php\/wp-json\/wp\/v2\/categories?post=27170"},{"taxonomy":"post_tag","embeddable":true,"href":"https:\/\/contextoanalisisperiodistico.com\/index.php\/wp-json\/wp\/v2\/tags?post=27170"}],"curies":[{"name":"wp","href":"https:\/\/api.w.org\/{rel}","templated":true}]}}