{"id":27158,"date":"2024-06-03T13:18:56","date_gmt":"2024-06-03T19:18:56","guid":{"rendered":"https:\/\/contextoanalisisperiodistico.com\/index.php\/2024\/06\/03\/fomenta-ieepo-habito-de-lectura-en-ninas-ninos-y-adolescentes\/"},"modified":"2024-06-03T13:18:56","modified_gmt":"2024-06-03T19:18:56","slug":"fomenta-ieepo-habito-de-lectura-en-ninas-ninos-y-adolescentes","status":"publish","type":"post","link":"https:\/\/contextoanalisisperiodistico.com\/index.php\/2024\/06\/03\/fomenta-ieepo-habito-de-lectura-en-ninas-ninos-y-adolescentes\/","title":{"rendered":"Fomenta IEEPO h\u00e1bito de lectura en ni\u00f1as, ni\u00f1os y adolescentes"},"content":{"rendered":"<div id=\"fb-root\"><\/div>\n\n<p>\u2022 Se realizaron diversas actividades para fortalecer el desarrollo de habilidades y la capacidad de expresi\u00f3n oral y escrita de este sector de la poblaci\u00f3n<\/p>\n\n\n\n<figure class=\"wp-block-image size-large\"><img fetchpriority=\"high\" decoding=\"async\" width=\"1024\" height=\"768\" src=\"https:\/\/contextoanalisisperiodistico.com\/wp-content\/uploads\/2024\/06\/img-20240603-wa00353796349952184923458-1024x768.jpg\" alt=\"\" class=\"wp-image-27155\" srcset=\"https:\/\/contextoanalisisperiodistico.com\/wp-content\/uploads\/2024\/06\/img-20240603-wa00353796349952184923458-1024x768.jpg 1024w, https:\/\/contextoanalisisperiodistico.com\/wp-content\/uploads\/2024\/06\/img-20240603-wa00353796349952184923458-300x225.jpg 300w, https:\/\/contextoanalisisperiodistico.com\/wp-content\/uploads\/2024\/06\/img-20240603-wa00353796349952184923458-768x576.jpg 768w, https:\/\/contextoanalisisperiodistico.com\/wp-content\/uploads\/2024\/06\/img-20240603-wa00353796349952184923458.jpg 1280w\" sizes=\"(max-width: 1024px) 100vw, 1024px\" \/><\/figure>\n\n\n\n<figure class=\"wp-block-image size-large\"><img decoding=\"async\" width=\"1024\" height=\"646\" src=\"https:\/\/contextoanalisisperiodistico.com\/wp-content\/uploads\/2024\/06\/img-20240603-wa00343958980229650031222-1024x646.jpg\" alt=\"\" class=\"wp-image-27156\" srcset=\"https:\/\/contextoanalisisperiodistico.com\/wp-content\/uploads\/2024\/06\/img-20240603-wa00343958980229650031222-1024x646.jpg 1024w, https:\/\/contextoanalisisperiodistico.com\/wp-content\/uploads\/2024\/06\/img-20240603-wa00343958980229650031222-300x189.jpg 300w, https:\/\/contextoanalisisperiodistico.com\/wp-content\/uploads\/2024\/06\/img-20240603-wa00343958980229650031222-768x484.jpg 768w, https:\/\/contextoanalisisperiodistico.com\/wp-content\/uploads\/2024\/06\/img-20240603-wa00343958980229650031222-540x340.jpg 540w, https:\/\/contextoanalisisperiodistico.com\/wp-content\/uploads\/2024\/06\/img-20240603-wa00343958980229650031222.jpg 1280w\" sizes=\"(max-width: 1024px) 100vw, 1024px\" \/><\/figure>\n\n\n\n<figure class=\"wp-block-image\"><img decoding=\"async\" width=\"1024\" height=\"768\" src=\"https:\/\/contextoanalisisperiodistico.com\/wp-content\/uploads\/2024\/06\/img-20240603-wa0037291512105650167459-1024x768.jpg\" alt=\"\" class=\"wp-image-27157\" srcset=\"https:\/\/contextoanalisisperiodistico.com\/wp-content\/uploads\/2024\/06\/img-20240603-wa0037291512105650167459-1024x768.jpg 1024w, https:\/\/contextoanalisisperiodistico.com\/wp-content\/uploads\/2024\/06\/img-20240603-wa0037291512105650167459-300x225.jpg 300w, https:\/\/contextoanalisisperiodistico.com\/wp-content\/uploads\/2024\/06\/img-20240603-wa0037291512105650167459-768x576.jpg 768w, https:\/\/contextoanalisisperiodistico.com\/wp-content\/uploads\/2024\/06\/img-20240603-wa0037291512105650167459.jpg 1280w\" sizes=\"(max-width: 1024px) 100vw, 1024px\" \/><\/figure>\n\n\n\n<p>Oaxaca de Ju\u00e1rez Oax. 3 de junio de 2024.- Para fomentar el h\u00e1bito de lectura en ni\u00f1as, ni\u00f1os y adolescentes, as\u00ed como fortalecer el desarrollo de habilidades y la capacidad de expresi\u00f3n oral y escrita, el Instituto Estatal de Educaci\u00f3n P\u00fablica de Oaxaca (IEEPO) realiz\u00f3 diversas acciones que motiven el gusto por los libros.<\/p>\n\n\n\n<p>A trav\u00e9s del programa Fomento a la Lectura, que impulsa la administraci\u00f3n que encabeza el Gobernador Salom\u00f3n Jara Cruz, se efectu\u00f3 un taller interactivo con enlaces de las \u00e1reas de la dependencia estatal.<\/p>\n\n\n\n<p>En un ambiente alegre y de convivencia, se llev\u00f3 el proyecto El Carret\u00f3n de la Lectura a diversos planteles educativos para fomentar la pr\u00e1ctica literaria con obras de escritores oaxaque\u00f1os, como Andr\u00e9s Henestrosa.<\/p>\n\n\n\n<p>Tambi\u00e9n, se realizaron las jornadas de Promoci\u00f3n de los Derechos Humanos de Ni\u00f1as, Ni\u00f1os y Adolescentes, con las cuales se destac\u00f3 la importancia de los valores y el respeto en la vida diaria.<\/p>\n\n\n\n<p>Finalmente, para ampliar conocimientos y adquirir herramientas innovadoras, personal del Instituto particip\u00f3 en una capacitaci\u00f3n impartida por la Secretar\u00eda de las Culturas y las Artes en las instalaciones de la Universidad Aut\u00f3noma Benito Ju\u00e1rez de Oaxaca (UABJO).<\/p>\n\n\n\n<p>La dependencia invita a la ciudadan\u00eda a acceder al siguiente enlace: https:\/\/lectura.ieepo.gob.mx\/, en el que encontrar\u00e1n una biblioteca digital con libros clasificados por rango de edad por parte de la Direcci\u00f3n de Tecnolog\u00edas Educativas.<\/p>\n\n\n\n<p>-0-<\/p>\n","protected":false},"excerpt":{"rendered":"<p>\u2022 Se realizaron diversas actividades para fortalecer el desarrollo de habilidades y la capacidad de&#8230;<\/p>\n","protected":false},"author":4,"featured_media":27154,"comment_status":"","ping_status":"open","sticky":false,"template":"","format":"standard","meta":{"footnotes":""},"categories":[9],"tags":[],"jetpack_sharing_enabled":true,"featured_image_urls":{"full":["https:\/\/contextoanalisisperiodistico.com\/wp-content\/uploads\/2024\/06\/IMG-20240603-WA0036.jpg",1280,960,false],"thumbnail":["https:\/\/contextoanalisisperiodistico.com\/wp-content\/uploads\/2024\/06\/IMG-20240603-WA0036-150x150.jpg",150,150,true],"medium":["https:\/\/contextoanalisisperiodistico.com\/wp-content\/uploads\/2024\/06\/IMG-20240603-WA0036-300x225.jpg",300,225,true],"medium_large":["https:\/\/contextoanalisisperiodistico.com\/wp-content\/uploads\/2024\/06\/IMG-20240603-WA0036-768x576.jpg",640,480,true],"large":["https:\/\/contextoanalisisperiodistico.com\/wp-content\/uploads\/2024\/06\/IMG-20240603-WA0036-1024x768.jpg",640,480,true],"1536x1536":["https:\/\/contextoanalisisperiodistico.com\/wp-content\/uploads\/2024\/06\/IMG-20240603-WA0036.jpg",1280,960,false],"2048x2048":["https:\/\/contextoanalisisperiodistico.com\/wp-content\/uploads\/2024\/06\/IMG-20240603-WA0036.jpg",1280,960,false],"covernews-slider-full":["https:\/\/contextoanalisisperiodistico.com\/wp-content\/uploads\/2024\/06\/IMG-20240603-WA0036-1115x715.jpg",1115,715,true],"covernews-slider-center":["https:\/\/contextoanalisisperiodistico.com\/wp-content\/uploads\/2024\/06\/IMG-20240603-WA0036-800x500.jpg",800,500,true],"covernews-featured":["https:\/\/contextoanalisisperiodistico.com\/wp-content\/uploads\/2024\/06\/IMG-20240603-WA0036-1024x768.jpg",1024,768,true],"covernews-medium":["https:\/\/contextoanalisisperiodistico.com\/wp-content\/uploads\/2024\/06\/IMG-20240603-WA0036-540x340.jpg",540,340,true],"covernews-medium-square":["https:\/\/contextoanalisisperiodistico.com\/wp-content\/uploads\/2024\/06\/IMG-20240603-WA0036-400x250.jpg",400,250,true]},"author_info":{"display_name":"Mario Gir\u00f3n","author_link":"https:\/\/contextoanalisisperiodistico.com\/index.php\/author\/director\/"},"category_info":"<a href=\"https:\/\/contextoanalisisperiodistico.com\/index.php\/category\/politica\/\" rel=\"category tag\">Pol\u00edtica<\/a>","tag_info":"Pol\u00edtica","comment_count":"0","jetpack_featured_media_url":"https:\/\/contextoanalisisperiodistico.com\/wp-content\/uploads\/2024\/06\/IMG-20240603-WA0036.jpg","_links":{"self":[{"href":"https:\/\/contextoanalisisperiodistico.com\/index.php\/wp-json\/wp\/v2\/posts\/27158"}],"collection":[{"href":"https:\/\/contextoanalisisperiodistico.com\/index.php\/wp-json\/wp\/v2\/posts"}],"about":[{"href":"https:\/\/contextoanalisisperiodistico.com\/index.php\/wp-json\/wp\/v2\/types\/post"}],"author":[{"embeddable":true,"href":"https:\/\/contextoanalisisperiodistico.com\/index.php\/wp-json\/wp\/v2\/users\/4"}],"replies":[{"embeddable":true,"href":"https:\/\/contextoanalisisperiodistico.com\/index.php\/wp-json\/wp\/v2\/comments?post=27158"}],"version-history":[{"count":0,"href":"https:\/\/contextoanalisisperiodistico.com\/index.php\/wp-json\/wp\/v2\/posts\/27158\/revisions"}],"wp:featuredmedia":[{"embeddable":true,"href":"https:\/\/contextoanalisisperiodistico.com\/index.php\/wp-json\/wp\/v2\/media\/27154"}],"wp:attachment":[{"href":"https:\/\/contextoanalisisperiodistico.com\/index.php\/wp-json\/wp\/v2\/media?parent=27158"}],"wp:term":[{"taxonomy":"category","embeddable":true,"href":"https:\/\/contextoanalisisperiodistico.com\/index.php\/wp-json\/wp\/v2\/categories?post=27158"},{"taxonomy":"post_tag","embeddable":true,"href":"https:\/\/contextoanalisisperiodistico.com\/index.php\/wp-json\/wp\/v2\/tags?post=27158"}],"curies":[{"name":"wp","href":"https:\/\/api.w.org\/{rel}","templated":true}]}}