{"id":27153,"date":"2024-06-03T12:24:59","date_gmt":"2024-06-03T18:24:59","guid":{"rendered":"https:\/\/contextoanalisisperiodistico.com\/index.php\/2024\/06\/03\/gobierno-de-oaxaca-ratifica-conviccion-y-compromiso-para-colaborar-y-respaldar-a-la-proxima-presidenta-de-la-republica-salomon-jara\/"},"modified":"2024-06-03T12:24:59","modified_gmt":"2024-06-03T18:24:59","slug":"gobierno-de-oaxaca-ratifica-conviccion-y-compromiso-para-colaborar-y-respaldar-a-la-proxima-presidenta-de-la-republica-salomon-jara","status":"publish","type":"post","link":"https:\/\/contextoanalisisperiodistico.com\/index.php\/2024\/06\/03\/gobierno-de-oaxaca-ratifica-conviccion-y-compromiso-para-colaborar-y-respaldar-a-la-proxima-presidenta-de-la-republica-salomon-jara\/","title":{"rendered":"Gobierno de Oaxaca ratifica convicci\u00f3n y compromiso para colaborar y respaldar a la pr\u00f3xima Presidenta de la Rep\u00fablica: Salom\u00f3n Jara"},"content":{"rendered":"<div id=\"fb-root\"><\/div>\n\n<p>\u2022 Las y los mexicanos decidieron que la prosperidad debe ser compartida para que haya paz, bienestar y progreso<\/p>\n\n\n\n<p>\u2022 Gracias a la coordinaci\u00f3n interinstitucional se registr\u00f3 saldo blanco en la jornada electoral del 2 de junio<\/p>\n\n\n\n<p>Oaxaca de Ju\u00e1rez, Oax. 3 de junio de 2024.- El Gobernador de Oaxaca Salom\u00f3n Jara Cruz se pronunci\u00f3 en la conferencia de prensa semanal respecto a la contundente ventaja que le dar\u00eda el triunfo a la candidata a la presidencia de M\u00e9xico Claudia Sheinbaum Pardo en la jornada electoral de este 2 de junio.<\/p>\n\n\n\n<p>\u201cQuiero felicitar a la doctora Claudia Sheinbaum Pardo, quien hasta el momento ha obtenido la mayor\u00eda de los votos depositados por las y los mexicanos en las urnas. De acuerdo con la tendencia electoral, existe una clara, contundente e irreversible ventaja en la elecci\u00f3n presidencial a favor de la candidata\u201d, expres\u00f3.<\/p>\n\n\n\n<p>El Mandatario oaxaque\u00f1o destac\u00f3 que, en un marco de total libertad, tranquilidad y normalidad democr\u00e1tica, el pueblo de M\u00e9xico ha vuelto a hacer historia y ha decidido que ser\u00e1 una mujer de izquierda la que encabece el Gobierno federal y conduzca el destino de las y los mexicanos.<\/p>\n\n\n\n<p>\u201cAunque a\u00fan falta la calificaci\u00f3n de la elecci\u00f3n, quiero expresar que el Gobierno de Oaxaca ratifica, desde ahora, su convicci\u00f3n y compromiso para respaldar a la pr\u00f3xima Presidenta de la Rep\u00fablica\u201d, afirm\u00f3.<\/p>\n\n\n\n<p>Dijo que las y los mexicanos decidieron que la prosperidad debe ser compartida para que haya paz, bienestar y progreso.<\/p>\n\n\n\n<p>\u201cMisi\u00f3n cumplida en Oaxaca, nuestro estado fue el segundo de la Rep\u00fablica que obtuvo m\u00e1s votos para Claudia Sheinbaum\u201d.<\/p>\n\n\n\n<p>En este contexto, el Gobernador Salom\u00f3n Jara hizo un reconocimiento al Presidente Andr\u00e9s Manuel L\u00f3pez Obrador, cuyo liderazgo y determinaci\u00f3n han mostrado que el destino del pa\u00eds no es la pobreza ni la marginaci\u00f3n, afirm\u00f3.<\/p>\n\n\n\n<p>Prevaleci\u00f3 la gobernabilidad y civilidad en proceso electoral<\/p>\n\n\n\n<p>Al concluir la jornada electoral con incidencias m\u00ednimas, el Gobernador Salom\u00f3n Jara asegur\u00f3 que hubo gobernabilidad toda vez que se generaron todas las condiciones atendiendo al magisterio, a los conflictos sociales, siempre escuchando los planteamientos de todos los sectores y haciendo el llamado a la civilidad.<br \/>Reconoci\u00f3 la disposici\u00f3n de las maestras y maestros de Oaxaca quienes finalmente no realizaron ning\u00fan boicot a las elecciones.<\/p>\n\n\n\n<p>Detall\u00f3 que este domingo se instal\u00f3 un cuarto de crisis, donde desde muy temprano se trabaj\u00f3 en una mesa de paz y seguridad para dar seguimiento a todos los reportes y posibles incidencias.<\/p>\n\n\n\n<p>\u201cSaludo la gran coordinaci\u00f3n existente entre las autoridades federales y estatales encargadas de dar seguimiento al proceso electoral y brindar las condiciones m\u00ednimas de seguridad. Hoy puedo decir que la estrategia dise\u00f1ada para blindar el proceso electoral y tener una jornada democr\u00e1tica ejemplar fue todo un \u00e9xito\u201d, afirm\u00f3.<\/p>\n\n\n\n<p>Centros de salud IMSS Bienestar ser\u00e1n beneficiadas en Oaxaca<\/p>\n\n\n\n<p>En los pr\u00f3ximos 50 d\u00edas se har\u00e1 entrega de poco m\u00e1s de 550 millones de pesos a centros de salud del estado, as\u00ed lo confirm\u00f3 el Gobernador Salom\u00f3n Jara Cruz, ello como una instrucci\u00f3n y acci\u00f3n previa a la conclusi\u00f3n del mandato del Presidente Andr\u00e9s Manuel L\u00f3pez Obrador.<\/p>\n\n\n\n<p>Dijo que se har\u00e1 entrega de tarjetas de la Cl\u00ednica es nuestra a los comit\u00e9s de salud, dependiendo del n\u00famero de n\u00facleos, se trata de 747 unidades a quienes se les dotar\u00e1 de recursos, los centros de salud que tengan de 1 a 2 consultorios se les otorgar\u00e1n 400 mil pesos, de 3 a 5 consultorios 600 mil pesos, de 6 a 9 ser\u00e1n 800 mil pesos, mientras que los Centros de salud de servicios ampliados ser\u00e1n beneficiados con un mill\u00f3n 200 mil pesos.<\/p>\n\n\n\n<p>Antes de concluir el mandato del Presidente L\u00f3pez Obrador tambi\u00e9n se har\u00e1 la entrega de la carretera Mitla Tehuantepec, proyecto estrat\u00e9gico y detonador para Oaxaca.<\/p>\n\n\n\n<p>-0-<\/p>\n\n\n\n<figure class=\"wp-block-image size-large\"><img fetchpriority=\"high\" decoding=\"async\" width=\"1024\" height=\"682\" src=\"https:\/\/contextoanalisisperiodistico.com\/wp-content\/uploads\/2024\/06\/img-20240603-wa00302131626855724643546-1024x682.jpg\" alt=\"\" class=\"wp-image-27150\" srcset=\"https:\/\/contextoanalisisperiodistico.com\/wp-content\/uploads\/2024\/06\/img-20240603-wa00302131626855724643546-1024x682.jpg 1024w, https:\/\/contextoanalisisperiodistico.com\/wp-content\/uploads\/2024\/06\/img-20240603-wa00302131626855724643546-300x200.jpg 300w, https:\/\/contextoanalisisperiodistico.com\/wp-content\/uploads\/2024\/06\/img-20240603-wa00302131626855724643546-768x512.jpg 768w, https:\/\/contextoanalisisperiodistico.com\/wp-content\/uploads\/2024\/06\/img-20240603-wa00302131626855724643546.jpg 1280w\" sizes=\"(max-width: 1024px) 100vw, 1024px\" \/><\/figure>\n\n\n\n<figure class=\"wp-block-image\"><img decoding=\"async\" width=\"1024\" height=\"682\" src=\"https:\/\/contextoanalisisperiodistico.com\/wp-content\/uploads\/2024\/06\/img-20240603-wa00298064450191582703185-1024x682.jpg\" alt=\"\" class=\"wp-image-27151\" srcset=\"https:\/\/contextoanalisisperiodistico.com\/wp-content\/uploads\/2024\/06\/img-20240603-wa00298064450191582703185-1024x682.jpg 1024w, https:\/\/contextoanalisisperiodistico.com\/wp-content\/uploads\/2024\/06\/img-20240603-wa00298064450191582703185-300x200.jpg 300w, https:\/\/contextoanalisisperiodistico.com\/wp-content\/uploads\/2024\/06\/img-20240603-wa00298064450191582703185-768x512.jpg 768w, https:\/\/contextoanalisisperiodistico.com\/wp-content\/uploads\/2024\/06\/img-20240603-wa00298064450191582703185.jpg 1280w\" sizes=\"(max-width: 1024px) 100vw, 1024px\" \/><\/figure>\n\n\n\n<figure class=\"wp-block-image\"><img decoding=\"async\" width=\"1024\" height=\"682\" src=\"https:\/\/contextoanalisisperiodistico.com\/wp-content\/uploads\/2024\/06\/img-20240603-wa00282288319405244451968-1024x682.jpg\" alt=\"\" class=\"wp-image-27152\" srcset=\"https:\/\/contextoanalisisperiodistico.com\/wp-content\/uploads\/2024\/06\/img-20240603-wa00282288319405244451968-1024x682.jpg 1024w, https:\/\/contextoanalisisperiodistico.com\/wp-content\/uploads\/2024\/06\/img-20240603-wa00282288319405244451968-300x200.jpg 300w, https:\/\/contextoanalisisperiodistico.com\/wp-content\/uploads\/2024\/06\/img-20240603-wa00282288319405244451968-768x512.jpg 768w, https:\/\/contextoanalisisperiodistico.com\/wp-content\/uploads\/2024\/06\/img-20240603-wa00282288319405244451968.jpg 1280w\" sizes=\"(max-width: 1024px) 100vw, 1024px\" \/><\/figure>\n","protected":false},"excerpt":{"rendered":"<p>\u2022 Las y los mexicanos decidieron que la prosperidad debe ser compartida para que haya&#8230;<\/p>\n","protected":false},"author":4,"featured_media":27149,"comment_status":"","ping_status":"open","sticky":false,"template":"","format":"standard","meta":{"footnotes":""},"categories":[9],"tags":[],"jetpack_sharing_enabled":true,"featured_image_urls":{"full":["https:\/\/contextoanalisisperiodistico.com\/wp-content\/uploads\/2024\/06\/IMG-20240603-WA0031.jpg",1280,853,false],"thumbnail":["https:\/\/contextoanalisisperiodistico.com\/wp-content\/uploads\/2024\/06\/IMG-20240603-WA0031-150x150.jpg",150,150,true],"medium":["https:\/\/contextoanalisisperiodistico.com\/wp-content\/uploads\/2024\/06\/IMG-20240603-WA0031-300x200.jpg",300,200,true],"medium_large":["https:\/\/contextoanalisisperiodistico.com\/wp-content\/uploads\/2024\/06\/IMG-20240603-WA0031-768x512.jpg",640,427,true],"large":["https:\/\/contextoanalisisperiodistico.com\/wp-content\/uploads\/2024\/06\/IMG-20240603-WA0031-1024x682.jpg",640,426,true],"1536x1536":["https:\/\/contextoanalisisperiodistico.com\/wp-content\/uploads\/2024\/06\/IMG-20240603-WA0031.jpg",1280,853,false],"2048x2048":["https:\/\/contextoanalisisperiodistico.com\/wp-content\/uploads\/2024\/06\/IMG-20240603-WA0031.jpg",1280,853,false],"covernews-slider-full":["https:\/\/contextoanalisisperiodistico.com\/wp-content\/uploads\/2024\/06\/IMG-20240603-WA0031-1115x715.jpg",1115,715,true],"covernews-slider-center":["https:\/\/contextoanalisisperiodistico.com\/wp-content\/uploads\/2024\/06\/IMG-20240603-WA0031-800x500.jpg",800,500,true],"covernews-featured":["https:\/\/contextoanalisisperiodistico.com\/wp-content\/uploads\/2024\/06\/IMG-20240603-WA0031-1024x682.jpg",1024,682,true],"covernews-medium":["https:\/\/contextoanalisisperiodistico.com\/wp-content\/uploads\/2024\/06\/IMG-20240603-WA0031-540x340.jpg",540,340,true],"covernews-medium-square":["https:\/\/contextoanalisisperiodistico.com\/wp-content\/uploads\/2024\/06\/IMG-20240603-WA0031-400x250.jpg",400,250,true]},"author_info":{"display_name":"Mario Gir\u00f3n","author_link":"https:\/\/contextoanalisisperiodistico.com\/index.php\/author\/director\/"},"category_info":"<a href=\"https:\/\/contextoanalisisperiodistico.com\/index.php\/category\/politica\/\" rel=\"category tag\">Pol\u00edtica<\/a>","tag_info":"Pol\u00edtica","comment_count":"0","jetpack_featured_media_url":"https:\/\/contextoanalisisperiodistico.com\/wp-content\/uploads\/2024\/06\/IMG-20240603-WA0031.jpg","_links":{"self":[{"href":"https:\/\/contextoanalisisperiodistico.com\/index.php\/wp-json\/wp\/v2\/posts\/27153"}],"collection":[{"href":"https:\/\/contextoanalisisperiodistico.com\/index.php\/wp-json\/wp\/v2\/posts"}],"about":[{"href":"https:\/\/contextoanalisisperiodistico.com\/index.php\/wp-json\/wp\/v2\/types\/post"}],"author":[{"embeddable":true,"href":"https:\/\/contextoanalisisperiodistico.com\/index.php\/wp-json\/wp\/v2\/users\/4"}],"replies":[{"embeddable":true,"href":"https:\/\/contextoanalisisperiodistico.com\/index.php\/wp-json\/wp\/v2\/comments?post=27153"}],"version-history":[{"count":0,"href":"https:\/\/contextoanalisisperiodistico.com\/index.php\/wp-json\/wp\/v2\/posts\/27153\/revisions"}],"wp:featuredmedia":[{"embeddable":true,"href":"https:\/\/contextoanalisisperiodistico.com\/index.php\/wp-json\/wp\/v2\/media\/27149"}],"wp:attachment":[{"href":"https:\/\/contextoanalisisperiodistico.com\/index.php\/wp-json\/wp\/v2\/media?parent=27153"}],"wp:term":[{"taxonomy":"category","embeddable":true,"href":"https:\/\/contextoanalisisperiodistico.com\/index.php\/wp-json\/wp\/v2\/categories?post=27153"},{"taxonomy":"post_tag","embeddable":true,"href":"https:\/\/contextoanalisisperiodistico.com\/index.php\/wp-json\/wp\/v2\/tags?post=27153"}],"curies":[{"name":"wp","href":"https:\/\/api.w.org\/{rel}","templated":true}]}}