{"id":27003,"date":"2024-05-24T14:11:18","date_gmt":"2024-05-24T20:11:18","guid":{"rendered":"https:\/\/contextoanalisisperiodistico.com\/index.php\/2024\/05\/24\/consigue-oaxaca-dos-medallas-de-oro-en-los-nacionales-conade-2024\/"},"modified":"2024-05-24T14:11:18","modified_gmt":"2024-05-24T20:11:18","slug":"consigue-oaxaca-dos-medallas-de-oro-en-los-nacionales-conade-2024","status":"publish","type":"post","link":"https:\/\/contextoanalisisperiodistico.com\/index.php\/2024\/05\/24\/consigue-oaxaca-dos-medallas-de-oro-en-los-nacionales-conade-2024\/","title":{"rendered":"Consigue Oaxaca dos medallas de Oro en los Nacionales Conade 2024"},"content":{"rendered":"<div id=\"fb-root\"><\/div>\n\n<p>\u2022 La boxeadora Fernanda Isabel Corona Cruz en boxeo y la ajedrecista Guadalupe Monta\u00f1o consiguieron el metal dorado<\/p>\n\n\n\n<figure class=\"wp-block-image size-large\"><img fetchpriority=\"high\" decoding=\"async\" width=\"907\" height=\"1024\" src=\"https:\/\/contextoanalisisperiodistico.com\/wp-content\/uploads\/2024\/05\/img-20240524-wa00274916423065132197114-907x1024.jpg\" alt=\"\" class=\"wp-image-27002\" srcset=\"https:\/\/contextoanalisisperiodistico.com\/wp-content\/uploads\/2024\/05\/img-20240524-wa00274916423065132197114-907x1024.jpg 907w, https:\/\/contextoanalisisperiodistico.com\/wp-content\/uploads\/2024\/05\/img-20240524-wa00274916423065132197114-266x300.jpg 266w, https:\/\/contextoanalisisperiodistico.com\/wp-content\/uploads\/2024\/05\/img-20240524-wa00274916423065132197114-768x867.jpg 768w, https:\/\/contextoanalisisperiodistico.com\/wp-content\/uploads\/2024\/05\/img-20240524-wa00274916423065132197114-1024x1156.jpg 1024w, https:\/\/contextoanalisisperiodistico.com\/wp-content\/uploads\/2024\/05\/img-20240524-wa00274916423065132197114.jpg 1080w\" sizes=\"(max-width: 907px) 100vw, 907px\" \/><\/figure>\n\n\n\n<p>Oaxaca de Ju\u00e1rez, Oax. 24 de mayo de 2024.- El nombre de Oaxaca reson\u00f3 en lo m\u00e1s alto del p\u00f3dium de los Nacionales Conade 2024, al obtener dos preseas doradas en las disciplinas de boxeo y ajedrez.<\/p>\n\n\n\n<p>La primera medalla de oro lleg\u00f3 de la mano de la boxeadora oaxaque\u00f1a Fernanda Isabel Corona Cruz, luego de vencer en la divisi\u00f3n peso ligero (60 kg) de la rama femenil a Paula Rodr\u00edguez de Morelos.<\/p>\n\n\n\n<p>Con esta presea que obtuvo en la justa celebrada en Guadalajara, Jalisco, Fernanda Corona obtiene su pase a la Selecci\u00f3n Nacional de Boxeo para representar a M\u00e9xico en eventos internacionales y buscar su clasificaci\u00f3n a unos Juegos Centroamericanos y del Caribe, Juegos Panamericanos.<\/p>\n\n\n\n<p>\u00a1Cae la segunda medalla de oro!<\/p>\n\n\n\n<p>La ajedrecista oaxaque\u00f1a Guadalupe Monta\u00f1o, consigui\u00f3 la segunda presea dorada en Ciudad del Carmen, Campeche, al conseguir en la categor\u00eda sub 17 del estilo cl\u00e1sico (90 minutos + 30 segundos) un score de 5.5 en su puntaje total.<\/p>\n\n\n\n<p>Guadalupe Monta\u00f1o represent\u00f3 a M\u00e9xico en el Campeonato Panamericano Sub20 que se jug\u00f3 en noviembre en R\u00edo de Janeiro, Brasil, luego de ganar por dos a\u00f1os consecutivos el Campeonato Nacional Juvenil Sub20 organizado por la Federaci\u00f3n Nacional de Ajedrez de M\u00e9xico en septiembre del a\u00f1o pasado.<\/p>\n\n\n\n<p>Asimismo, forma parte de la preselecci\u00f3n nacional rumbo a la Olimpiada Mundial de Ajedrez que se realizar\u00e1 en septiembre de este a\u00f1o en Budapest, Hungr\u00eda.<\/p>\n\n\n\n<p>-0-<\/p>\n","protected":false},"excerpt":{"rendered":"<p>\u2022 La boxeadora Fernanda Isabel Corona Cruz en boxeo y la ajedrecista Guadalupe Monta\u00f1o consiguieron&#8230;<\/p>\n","protected":false},"author":4,"featured_media":27001,"comment_status":"","ping_status":"open","sticky":false,"template":"","format":"standard","meta":{"footnotes":""},"categories":[5],"tags":[],"jetpack_sharing_enabled":true,"featured_image_urls":{"full":["https:\/\/contextoanalisisperiodistico.com\/wp-content\/uploads\/2024\/05\/IMG-20240524-WA0028.jpg",1600,1200,false],"thumbnail":["https:\/\/contextoanalisisperiodistico.com\/wp-content\/uploads\/2024\/05\/IMG-20240524-WA0028-150x150.jpg",150,150,true],"medium":["https:\/\/contextoanalisisperiodistico.com\/wp-content\/uploads\/2024\/05\/IMG-20240524-WA0028-300x225.jpg",300,225,true],"medium_large":["https:\/\/contextoanalisisperiodistico.com\/wp-content\/uploads\/2024\/05\/IMG-20240524-WA0028-768x576.jpg",640,480,true],"large":["https:\/\/contextoanalisisperiodistico.com\/wp-content\/uploads\/2024\/05\/IMG-20240524-WA0028-1024x768.jpg",640,480,true],"1536x1536":["https:\/\/contextoanalisisperiodistico.com\/wp-content\/uploads\/2024\/05\/IMG-20240524-WA0028-1536x1152.jpg",1536,1152,true],"2048x2048":["https:\/\/contextoanalisisperiodistico.com\/wp-content\/uploads\/2024\/05\/IMG-20240524-WA0028.jpg",1600,1200,false],"covernews-slider-full":["https:\/\/contextoanalisisperiodistico.com\/wp-content\/uploads\/2024\/05\/IMG-20240524-WA0028-1115x715.jpg",1115,715,true],"covernews-slider-center":["https:\/\/contextoanalisisperiodistico.com\/wp-content\/uploads\/2024\/05\/IMG-20240524-WA0028-800x500.jpg",800,500,true],"covernews-featured":["https:\/\/contextoanalisisperiodistico.com\/wp-content\/uploads\/2024\/05\/IMG-20240524-WA0028-1024x768.jpg",1024,768,true],"covernews-medium":["https:\/\/contextoanalisisperiodistico.com\/wp-content\/uploads\/2024\/05\/IMG-20240524-WA0028-540x340.jpg",540,340,true],"covernews-medium-square":["https:\/\/contextoanalisisperiodistico.com\/wp-content\/uploads\/2024\/05\/IMG-20240524-WA0028-400x250.jpg",400,250,true]},"author_info":{"display_name":"Mario Gir\u00f3n","author_link":"https:\/\/contextoanalisisperiodistico.com\/index.php\/author\/director\/"},"category_info":"<a href=\"https:\/\/contextoanalisisperiodistico.com\/index.php\/category\/deportes\/\" rel=\"category tag\">Deportes<\/a>","tag_info":"Deportes","comment_count":"0","jetpack_featured_media_url":"https:\/\/contextoanalisisperiodistico.com\/wp-content\/uploads\/2024\/05\/IMG-20240524-WA0028.jpg","_links":{"self":[{"href":"https:\/\/contextoanalisisperiodistico.com\/index.php\/wp-json\/wp\/v2\/posts\/27003"}],"collection":[{"href":"https:\/\/contextoanalisisperiodistico.com\/index.php\/wp-json\/wp\/v2\/posts"}],"about":[{"href":"https:\/\/contextoanalisisperiodistico.com\/index.php\/wp-json\/wp\/v2\/types\/post"}],"author":[{"embeddable":true,"href":"https:\/\/contextoanalisisperiodistico.com\/index.php\/wp-json\/wp\/v2\/users\/4"}],"replies":[{"embeddable":true,"href":"https:\/\/contextoanalisisperiodistico.com\/index.php\/wp-json\/wp\/v2\/comments?post=27003"}],"version-history":[{"count":0,"href":"https:\/\/contextoanalisisperiodistico.com\/index.php\/wp-json\/wp\/v2\/posts\/27003\/revisions"}],"wp:featuredmedia":[{"embeddable":true,"href":"https:\/\/contextoanalisisperiodistico.com\/index.php\/wp-json\/wp\/v2\/media\/27001"}],"wp:attachment":[{"href":"https:\/\/contextoanalisisperiodistico.com\/index.php\/wp-json\/wp\/v2\/media?parent=27003"}],"wp:term":[{"taxonomy":"category","embeddable":true,"href":"https:\/\/contextoanalisisperiodistico.com\/index.php\/wp-json\/wp\/v2\/categories?post=27003"},{"taxonomy":"post_tag","embeddable":true,"href":"https:\/\/contextoanalisisperiodistico.com\/index.php\/wp-json\/wp\/v2\/tags?post=27003"}],"curies":[{"name":"wp","href":"https:\/\/api.w.org\/{rel}","templated":true}]}}