{"id":26988,"date":"2024-05-24T06:20:31","date_gmt":"2024-05-24T12:20:31","guid":{"rendered":"https:\/\/contextoanalisisperiodistico.com\/index.php\/2024\/05\/24\/llevaran-oferta-cultural-gratuita-al-jardin-etnobotanico-de-oaxaca\/"},"modified":"2024-05-24T06:20:31","modified_gmt":"2024-05-24T12:20:31","slug":"llevaran-oferta-cultural-gratuita-al-jardin-etnobotanico-de-oaxaca","status":"publish","type":"post","link":"https:\/\/contextoanalisisperiodistico.com\/index.php\/2024\/05\/24\/llevaran-oferta-cultural-gratuita-al-jardin-etnobotanico-de-oaxaca\/","title":{"rendered":"Llevar\u00e1n oferta cultural gratuita al Jard\u00edn Etnobot\u00e1nico de Oaxaca"},"content":{"rendered":"<div id=\"fb-root\"><\/div>\n\n<p>\u25cf A partir del 28 de mayo iniciar\u00e1n las Tardes de Jard\u00edn, con un concierto que ofrecer\u00e1 la Orquesta Sinf\u00f3nica de Oaxaca<\/p>\n\n\n\n<figure class=\"wp-block-image size-large\"><img fetchpriority=\"high\" decoding=\"async\" width=\"1024\" height=\"653\" src=\"https:\/\/contextoanalisisperiodistico.com\/wp-content\/uploads\/2024\/05\/img-20240524-wa00021654216550300157206-1024x653.jpg\" alt=\"\" class=\"wp-image-26986\" srcset=\"https:\/\/contextoanalisisperiodistico.com\/wp-content\/uploads\/2024\/05\/img-20240524-wa00021654216550300157206-1024x653.jpg 1024w, https:\/\/contextoanalisisperiodistico.com\/wp-content\/uploads\/2024\/05\/img-20240524-wa00021654216550300157206-300x191.jpg 300w, https:\/\/contextoanalisisperiodistico.com\/wp-content\/uploads\/2024\/05\/img-20240524-wa00021654216550300157206-768x490.jpg 768w, https:\/\/contextoanalisisperiodistico.com\/wp-content\/uploads\/2024\/05\/img-20240524-wa00021654216550300157206.jpg 1170w\" sizes=\"(max-width: 1024px) 100vw, 1024px\" \/><\/figure>\n\n\n\n<figure class=\"wp-block-image\"><img decoding=\"async\" width=\"1024\" height=\"768\" src=\"https:\/\/contextoanalisisperiodistico.com\/wp-content\/uploads\/2024\/05\/img-20240524-wa00016147217506251234031-1024x768.jpg\" alt=\"\" class=\"wp-image-26985\" srcset=\"https:\/\/contextoanalisisperiodistico.com\/wp-content\/uploads\/2024\/05\/img-20240524-wa00016147217506251234031-1024x768.jpg 1024w, https:\/\/contextoanalisisperiodistico.com\/wp-content\/uploads\/2024\/05\/img-20240524-wa00016147217506251234031-300x225.jpg 300w, https:\/\/contextoanalisisperiodistico.com\/wp-content\/uploads\/2024\/05\/img-20240524-wa00016147217506251234031-768x576.jpg 768w, https:\/\/contextoanalisisperiodistico.com\/wp-content\/uploads\/2024\/05\/img-20240524-wa00016147217506251234031-1536x1152.jpg 1536w, https:\/\/contextoanalisisperiodistico.com\/wp-content\/uploads\/2024\/05\/img-20240524-wa00016147217506251234031.jpg 1600w\" sizes=\"(max-width: 1024px) 100vw, 1024px\" \/><\/figure>\n\n\n\n<figure class=\"wp-block-image\"><img decoding=\"async\" width=\"768\" height=\"1024\" src=\"https:\/\/contextoanalisisperiodistico.com\/wp-content\/uploads\/2024\/05\/img-20240524-wa00047734752251151972563-768x1024.jpg\" alt=\"\" class=\"wp-image-26987\" srcset=\"https:\/\/contextoanalisisperiodistico.com\/wp-content\/uploads\/2024\/05\/img-20240524-wa00047734752251151972563-768x1024.jpg 768w, https:\/\/contextoanalisisperiodistico.com\/wp-content\/uploads\/2024\/05\/img-20240524-wa00047734752251151972563-225x300.jpg 225w, https:\/\/contextoanalisisperiodistico.com\/wp-content\/uploads\/2024\/05\/img-20240524-wa00047734752251151972563-1152x1536.jpg 1152w, https:\/\/contextoanalisisperiodistico.com\/wp-content\/uploads\/2024\/05\/img-20240524-wa00047734752251151972563-1024x1365.jpg 1024w, https:\/\/contextoanalisisperiodistico.com\/wp-content\/uploads\/2024\/05\/img-20240524-wa00047734752251151972563.jpg 1200w\" sizes=\"(max-width: 768px) 100vw, 768px\" \/><\/figure>\n\n\n\n<p>Oaxaca de Ju\u00e1rez, Oax. 23 de mayo de 2024.- La oferta cultural Tardes de Jard\u00edn se acercar\u00e1 a las y los oaxaque\u00f1os de manera gratuita en el Jard\u00edn Etnobot\u00e1nico, con la intenci\u00f3n de que el espacio est\u00e9 abierto al p\u00fablico en general, con distintas manifestaciones culturales como danza, m\u00fasica y teatro, entre otras.<\/p>\n\n\n\n<p>El proyecto iniciar\u00e1 al interior del jard\u00edn ubicado en calle Reforma sin n\u00famero, colonia Centro, a partir del 28 de mayo a las 18:00 horas en la Plazuela del Aljibe, con la presentaci\u00f3n estelar de la Orquesta Sinf\u00f3nica de Oaxaca (OSO).<\/p>\n\n\n\n<p>Cabe destacar que, desde hace nueve a\u00f1os el lugar no se ha abierto para que el p\u00fablico lo disfrute, por lo que esta, es una oportunidad para que quienes visiten la zona, conozcan el espacio.<br \/>La plazuela que volver\u00e1 a ser un foro cultural, fue erigida en 1998, sobre la cisterna pluvial del jard\u00edn, como una innovaci\u00f3n arquitect\u00f3nica que hoy es un anfiteatro al aire libre.<br \/>Hasta antes de 2015, serv\u00eda como un foro en el que se ofrec\u00edan actividades culturales gratuitas para el disfrute de las personas que lo visitaban.<br \/>La construcci\u00f3n convive con el Jard\u00edn Etnobot\u00e1nico, creado para la educaci\u00f3n ambiental y la conservaci\u00f3n de la flora y fauna end\u00e9mica; a trav\u00e9s del cuidado de 2 mil especies de plantas y \u00e1rboles nativos.<\/p>\n\n\n\n<p>Las actividades que ampliar\u00e1n las expresiones culturales y art\u00edsticas al alcance de todas y todos, se realizar\u00e1n gracias a la coordinaci\u00f3n del Jard\u00edn Etnobot\u00e1nico de Oaxaca, la Hemeroteca P\u00fablica N\u00e9stor S\u00e1nchez Hern\u00e1ndez, la Oficina de Convenciones, Congresos y Eventos de Oaxaca (OCCE) y la Secretar\u00eda de las Culturas y Artes de Oaxaca.<\/p>\n\n\n\n<p>-0-<\/p>\n","protected":false},"excerpt":{"rendered":"<p>\u25cf A partir del 28 de mayo iniciar\u00e1n las Tardes de Jard\u00edn, con un concierto&#8230;<\/p>\n","protected":false},"author":4,"featured_media":26984,"comment_status":"","ping_status":"open","sticky":false,"template":"","format":"standard","meta":{"footnotes":""},"categories":[4],"tags":[],"jetpack_sharing_enabled":true,"featured_image_urls":{"full":["https:\/\/contextoanalisisperiodistico.com\/wp-content\/uploads\/2024\/05\/IMG-20240524-WA0003.jpg",1600,1068,false],"thumbnail":["https:\/\/contextoanalisisperiodistico.com\/wp-content\/uploads\/2024\/05\/IMG-20240524-WA0003-150x150.jpg",150,150,true],"medium":["https:\/\/contextoanalisisperiodistico.com\/wp-content\/uploads\/2024\/05\/IMG-20240524-WA0003-300x200.jpg",300,200,true],"medium_large":["https:\/\/contextoanalisisperiodistico.com\/wp-content\/uploads\/2024\/05\/IMG-20240524-WA0003-768x513.jpg",640,428,true],"large":["https:\/\/contextoanalisisperiodistico.com\/wp-content\/uploads\/2024\/05\/IMG-20240524-WA0003-1024x684.jpg",640,428,true],"1536x1536":["https:\/\/contextoanalisisperiodistico.com\/wp-content\/uploads\/2024\/05\/IMG-20240524-WA0003-1536x1025.jpg",1536,1025,true],"2048x2048":["https:\/\/contextoanalisisperiodistico.com\/wp-content\/uploads\/2024\/05\/IMG-20240524-WA0003.jpg",1600,1068,false],"covernews-slider-full":["https:\/\/contextoanalisisperiodistico.com\/wp-content\/uploads\/2024\/05\/IMG-20240524-WA0003-1115x715.jpg",1115,715,true],"covernews-slider-center":["https:\/\/contextoanalisisperiodistico.com\/wp-content\/uploads\/2024\/05\/IMG-20240524-WA0003-800x500.jpg",800,500,true],"covernews-featured":["https:\/\/contextoanalisisperiodistico.com\/wp-content\/uploads\/2024\/05\/IMG-20240524-WA0003-1024x684.jpg",1024,684,true],"covernews-medium":["https:\/\/contextoanalisisperiodistico.com\/wp-content\/uploads\/2024\/05\/IMG-20240524-WA0003-540x340.jpg",540,340,true],"covernews-medium-square":["https:\/\/contextoanalisisperiodistico.com\/wp-content\/uploads\/2024\/05\/IMG-20240524-WA0003-400x250.jpg",400,250,true]},"author_info":{"display_name":"Mario Gir\u00f3n","author_link":"https:\/\/contextoanalisisperiodistico.com\/index.php\/author\/director\/"},"category_info":"<a href=\"https:\/\/contextoanalisisperiodistico.com\/index.php\/category\/cultura\/\" rel=\"category tag\">Cultura<\/a>","tag_info":"Cultura","comment_count":"0","jetpack_featured_media_url":"https:\/\/contextoanalisisperiodistico.com\/wp-content\/uploads\/2024\/05\/IMG-20240524-WA0003.jpg","_links":{"self":[{"href":"https:\/\/contextoanalisisperiodistico.com\/index.php\/wp-json\/wp\/v2\/posts\/26988"}],"collection":[{"href":"https:\/\/contextoanalisisperiodistico.com\/index.php\/wp-json\/wp\/v2\/posts"}],"about":[{"href":"https:\/\/contextoanalisisperiodistico.com\/index.php\/wp-json\/wp\/v2\/types\/post"}],"author":[{"embeddable":true,"href":"https:\/\/contextoanalisisperiodistico.com\/index.php\/wp-json\/wp\/v2\/users\/4"}],"replies":[{"embeddable":true,"href":"https:\/\/contextoanalisisperiodistico.com\/index.php\/wp-json\/wp\/v2\/comments?post=26988"}],"version-history":[{"count":0,"href":"https:\/\/contextoanalisisperiodistico.com\/index.php\/wp-json\/wp\/v2\/posts\/26988\/revisions"}],"wp:featuredmedia":[{"embeddable":true,"href":"https:\/\/contextoanalisisperiodistico.com\/index.php\/wp-json\/wp\/v2\/media\/26984"}],"wp:attachment":[{"href":"https:\/\/contextoanalisisperiodistico.com\/index.php\/wp-json\/wp\/v2\/media?parent=26988"}],"wp:term":[{"taxonomy":"category","embeddable":true,"href":"https:\/\/contextoanalisisperiodistico.com\/index.php\/wp-json\/wp\/v2\/categories?post=26988"},{"taxonomy":"post_tag","embeddable":true,"href":"https:\/\/contextoanalisisperiodistico.com\/index.php\/wp-json\/wp\/v2\/tags?post=26988"}],"curies":[{"name":"wp","href":"https:\/\/api.w.org\/{rel}","templated":true}]}}