{"id":26983,"date":"2024-05-23T21:44:05","date_gmt":"2024-05-24T03:44:05","guid":{"rendered":"https:\/\/contextoanalisisperiodistico.com\/index.php\/2024\/05\/23\/maco-queda-en-poder-de-la-secretaria-de-las-culturas-y-artes\/"},"modified":"2024-05-23T21:44:05","modified_gmt":"2024-05-24T03:44:05","slug":"maco-queda-en-poder-de-la-secretaria-de-las-culturas-y-artes","status":"publish","type":"post","link":"https:\/\/contextoanalisisperiodistico.com\/index.php\/2024\/05\/23\/maco-queda-en-poder-de-la-secretaria-de-las-culturas-y-artes\/","title":{"rendered":"MACO queda en poder de la Secretar\u00eda de las Culturas y Artes"},"content":{"rendered":"<div id=\"fb-root\"><\/div>\n\n<p>Se realiz\u00f3 la entrega del Museo de Arte Contempor\u00e1neo de Oaxaca (MACO), a la Secretar\u00eda de las Culturas y Artes del Estado para su apertura y administraci\u00f3n<\/p>\n\n\n\n<figure class=\"wp-block-image size-large\"><img fetchpriority=\"high\" decoding=\"async\" width=\"1024\" height=\"768\" src=\"https:\/\/contextoanalisisperiodistico.com\/wp-content\/uploads\/2024\/05\/img-20240523-wa00526718820959414493810-1024x768.jpg\" alt=\"\" class=\"wp-image-26980\" srcset=\"https:\/\/contextoanalisisperiodistico.com\/wp-content\/uploads\/2024\/05\/img-20240523-wa00526718820959414493810-1024x768.jpg 1024w, https:\/\/contextoanalisisperiodistico.com\/wp-content\/uploads\/2024\/05\/img-20240523-wa00526718820959414493810-300x225.jpg 300w, https:\/\/contextoanalisisperiodistico.com\/wp-content\/uploads\/2024\/05\/img-20240523-wa00526718820959414493810-768x576.jpg 768w, https:\/\/contextoanalisisperiodistico.com\/wp-content\/uploads\/2024\/05\/img-20240523-wa00526718820959414493810.jpg 1280w\" sizes=\"(max-width: 1024px) 100vw, 1024px\" \/><\/figure>\n\n\n\n<figure class=\"wp-block-image\"><img decoding=\"async\" width=\"1024\" height=\"768\" src=\"https:\/\/contextoanalisisperiodistico.com\/wp-content\/uploads\/2024\/05\/img-20240523-wa00496739935589706365500-1024x768.jpg\" alt=\"\" class=\"wp-image-26981\" srcset=\"https:\/\/contextoanalisisperiodistico.com\/wp-content\/uploads\/2024\/05\/img-20240523-wa00496739935589706365500-1024x768.jpg 1024w, https:\/\/contextoanalisisperiodistico.com\/wp-content\/uploads\/2024\/05\/img-20240523-wa00496739935589706365500-300x225.jpg 300w, https:\/\/contextoanalisisperiodistico.com\/wp-content\/uploads\/2024\/05\/img-20240523-wa00496739935589706365500-768x576.jpg 768w, https:\/\/contextoanalisisperiodistico.com\/wp-content\/uploads\/2024\/05\/img-20240523-wa00496739935589706365500.jpg 1280w\" sizes=\"(max-width: 1024px) 100vw, 1024px\" \/><\/figure>\n\n\n\n<figure class=\"wp-block-image\"><img decoding=\"async\" width=\"1024\" height=\"768\" src=\"https:\/\/contextoanalisisperiodistico.com\/wp-content\/uploads\/2024\/05\/img-20240523-wa00485962589095746408196-1024x768.jpg\" alt=\"\" class=\"wp-image-26979\" srcset=\"https:\/\/contextoanalisisperiodistico.com\/wp-content\/uploads\/2024\/05\/img-20240523-wa00485962589095746408196-1024x768.jpg 1024w, https:\/\/contextoanalisisperiodistico.com\/wp-content\/uploads\/2024\/05\/img-20240523-wa00485962589095746408196-300x225.jpg 300w, https:\/\/contextoanalisisperiodistico.com\/wp-content\/uploads\/2024\/05\/img-20240523-wa00485962589095746408196-768x576.jpg 768w, https:\/\/contextoanalisisperiodistico.com\/wp-content\/uploads\/2024\/05\/img-20240523-wa00485962589095746408196.jpg 1280w\" sizes=\"(max-width: 1024px) 100vw, 1024px\" \/><\/figure>\n\n\n\n<figure class=\"wp-block-image\"><img loading=\"lazy\" decoding=\"async\" width=\"1024\" height=\"768\" src=\"https:\/\/contextoanalisisperiodistico.com\/wp-content\/uploads\/2024\/05\/img-20240523-wa00538109703684027316984-1024x768.jpg\" alt=\"\" class=\"wp-image-26982\" srcset=\"https:\/\/contextoanalisisperiodistico.com\/wp-content\/uploads\/2024\/05\/img-20240523-wa00538109703684027316984-1024x768.jpg 1024w, https:\/\/contextoanalisisperiodistico.com\/wp-content\/uploads\/2024\/05\/img-20240523-wa00538109703684027316984-300x225.jpg 300w, https:\/\/contextoanalisisperiodistico.com\/wp-content\/uploads\/2024\/05\/img-20240523-wa00538109703684027316984-768x576.jpg 768w, https:\/\/contextoanalisisperiodistico.com\/wp-content\/uploads\/2024\/05\/img-20240523-wa00538109703684027316984.jpg 1280w\" sizes=\"(max-width: 1024px) 100vw, 1024px\" \/><\/figure>\n\n\n\n<figure class=\"wp-block-image\"><img loading=\"lazy\" decoding=\"async\" width=\"1024\" height=\"768\" src=\"https:\/\/contextoanalisisperiodistico.com\/wp-content\/uploads\/2024\/05\/img-20240523-wa00543202510221616993299-1024x768.jpg\" alt=\"\" class=\"wp-image-26978\" srcset=\"https:\/\/contextoanalisisperiodistico.com\/wp-content\/uploads\/2024\/05\/img-20240523-wa00543202510221616993299-1024x768.jpg 1024w, https:\/\/contextoanalisisperiodistico.com\/wp-content\/uploads\/2024\/05\/img-20240523-wa00543202510221616993299-300x225.jpg 300w, https:\/\/contextoanalisisperiodistico.com\/wp-content\/uploads\/2024\/05\/img-20240523-wa00543202510221616993299-768x576.jpg 768w, https:\/\/contextoanalisisperiodistico.com\/wp-content\/uploads\/2024\/05\/img-20240523-wa00543202510221616993299.jpg 1280w\" sizes=\"(max-width: 1024px) 100vw, 1024px\" \/><\/figure>\n\n\n\n<p>Oaxaca de Ju\u00e1rez, Oax. 23 de mayo de 2024.- La Consejer\u00eda Jur\u00eddica y Asistencia Legal del Gobierno del Estado y la Secretar\u00eda de las Culturas y Artes de Oaxaca encabezaron este jueves 23 de mayo, la entrega recepci\u00f3n del Museo de Arte Contempor\u00e1neo de Oaxaca (MACO).<\/p>\n\n\n\n<p>El proceso se realiz\u00f3 tras las firmas de las actas de transferencia por parte de ambos cuerpos jur\u00eddicos, en presencia de representatividad de la Secretar\u00eda de Honestidad, Transparencia y Funci\u00f3n P\u00fablica y de personal de la Direcci\u00f3n de Patrimonio de la Secretar\u00eda de Administraci\u00f3n.<\/p>\n\n\n\n<p>Una vez concluido este procedimiento como lo marca la normatividad, la Secretar\u00eda como encargada de la administraci\u00f3n de museos y difusi\u00f3n de las bellas artes, ser\u00e1 la encargada de coordinar el MACO.<\/p>\n\n\n\n<p>Ambas partes realizaron un recorrido por las instalaciones del inmueble ubicado en la calle de Macedonio Alcal\u00e1 n\u00famero 202, del Centro Hist\u00f3rico de la Ciudad de Oaxaca.<\/p>\n\n\n\n<p>Antecedente<\/p>\n\n\n\n<p>En junio del 2023, el Gobierno del Estado asumi\u00f3 legalmente la rector\u00eda del MACO, que anteriormente administraba la Asociaci\u00f3n Civil Amigos del Museo, y el cual se hab\u00eda mantenido cerrado por meses debido a un conflicto laboral entre la Asociaci\u00f3n Civil y personas que laboraron en el museo.<\/p>\n\n\n\n<p>Tras notificar legalmente que el comodato qued\u00f3 rescindido, se iniciaron los tr\u00e1mites administrativos para preparar la entrega-recepci\u00f3n del patrimonio que alberga el inmueble, y se comenz\u00f3 la revisi\u00f3n de las obras art\u00edsticas del acervo que corresponden al Gobierno del Estado y a la poblaci\u00f3n oaxaque\u00f1a.<\/p>\n\n\n\n<p>Posteriormente, a finales de agosto del 2023, la Asociaci\u00f3n Civil comenz\u00f3 la devoluci\u00f3n de alrededor de 500 obras, entre esculturas y pinturas, resguardadas durante casi 30 a\u00f1os.<\/p>\n\n\n\n<p>Cabe mencionar que el MACO abri\u00f3 sus puertas el 28 de febrero de 1992, con el objetivo de resguardar y difundir la obra de los m\u00e1s destacados artistas oaxaque\u00f1os.<\/p>\n\n\n\n<p>-0-<\/p>\n","protected":false},"excerpt":{"rendered":"<p>Se realiz\u00f3 la entrega del Museo de Arte Contempor\u00e1neo de Oaxaca (MACO), a la Secretar\u00eda&#8230;<\/p>\n","protected":false},"author":4,"featured_media":26977,"comment_status":"","ping_status":"open","sticky":false,"template":"","format":"standard","meta":{"footnotes":""},"categories":[4],"tags":[],"jetpack_sharing_enabled":true,"featured_image_urls":{"full":["https:\/\/contextoanalisisperiodistico.com\/wp-content\/uploads\/2024\/05\/IMG-20240523-WA0051.jpg",1280,960,false],"thumbnail":["https:\/\/contextoanalisisperiodistico.com\/wp-content\/uploads\/2024\/05\/IMG-20240523-WA0051-150x150.jpg",150,150,true],"medium":["https:\/\/contextoanalisisperiodistico.com\/wp-content\/uploads\/2024\/05\/IMG-20240523-WA0051-300x225.jpg",300,225,true],"medium_large":["https:\/\/contextoanalisisperiodistico.com\/wp-content\/uploads\/2024\/05\/IMG-20240523-WA0051-768x576.jpg",640,480,true],"large":["https:\/\/contextoanalisisperiodistico.com\/wp-content\/uploads\/2024\/05\/IMG-20240523-WA0051-1024x768.jpg",640,480,true],"1536x1536":["https:\/\/contextoanalisisperiodistico.com\/wp-content\/uploads\/2024\/05\/IMG-20240523-WA0051.jpg",1280,960,false],"2048x2048":["https:\/\/contextoanalisisperiodistico.com\/wp-content\/uploads\/2024\/05\/IMG-20240523-WA0051.jpg",1280,960,false],"covernews-slider-full":["https:\/\/contextoanalisisperiodistico.com\/wp-content\/uploads\/2024\/05\/IMG-20240523-WA0051-1115x715.jpg",1115,715,true],"covernews-slider-center":["https:\/\/contextoanalisisperiodistico.com\/wp-content\/uploads\/2024\/05\/IMG-20240523-WA0051-800x500.jpg",800,500,true],"covernews-featured":["https:\/\/contextoanalisisperiodistico.com\/wp-content\/uploads\/2024\/05\/IMG-20240523-WA0051-1024x768.jpg",1024,768,true],"covernews-medium":["https:\/\/contextoanalisisperiodistico.com\/wp-content\/uploads\/2024\/05\/IMG-20240523-WA0051-540x340.jpg",540,340,true],"covernews-medium-square":["https:\/\/contextoanalisisperiodistico.com\/wp-content\/uploads\/2024\/05\/IMG-20240523-WA0051-400x250.jpg",400,250,true]},"author_info":{"display_name":"Mario Gir\u00f3n","author_link":"https:\/\/contextoanalisisperiodistico.com\/index.php\/author\/director\/"},"category_info":"<a href=\"https:\/\/contextoanalisisperiodistico.com\/index.php\/category\/cultura\/\" rel=\"category tag\">Cultura<\/a>","tag_info":"Cultura","comment_count":"0","jetpack_featured_media_url":"https:\/\/contextoanalisisperiodistico.com\/wp-content\/uploads\/2024\/05\/IMG-20240523-WA0051.jpg","_links":{"self":[{"href":"https:\/\/contextoanalisisperiodistico.com\/index.php\/wp-json\/wp\/v2\/posts\/26983"}],"collection":[{"href":"https:\/\/contextoanalisisperiodistico.com\/index.php\/wp-json\/wp\/v2\/posts"}],"about":[{"href":"https:\/\/contextoanalisisperiodistico.com\/index.php\/wp-json\/wp\/v2\/types\/post"}],"author":[{"embeddable":true,"href":"https:\/\/contextoanalisisperiodistico.com\/index.php\/wp-json\/wp\/v2\/users\/4"}],"replies":[{"embeddable":true,"href":"https:\/\/contextoanalisisperiodistico.com\/index.php\/wp-json\/wp\/v2\/comments?post=26983"}],"version-history":[{"count":0,"href":"https:\/\/contextoanalisisperiodistico.com\/index.php\/wp-json\/wp\/v2\/posts\/26983\/revisions"}],"wp:featuredmedia":[{"embeddable":true,"href":"https:\/\/contextoanalisisperiodistico.com\/index.php\/wp-json\/wp\/v2\/media\/26977"}],"wp:attachment":[{"href":"https:\/\/contextoanalisisperiodistico.com\/index.php\/wp-json\/wp\/v2\/media?parent=26983"}],"wp:term":[{"taxonomy":"category","embeddable":true,"href":"https:\/\/contextoanalisisperiodistico.com\/index.php\/wp-json\/wp\/v2\/categories?post=26983"},{"taxonomy":"post_tag","embeddable":true,"href":"https:\/\/contextoanalisisperiodistico.com\/index.php\/wp-json\/wp\/v2\/tags?post=26983"}],"curies":[{"name":"wp","href":"https:\/\/api.w.org\/{rel}","templated":true}]}}