{"id":26976,"date":"2024-05-23T20:59:17","date_gmt":"2024-05-24T02:59:17","guid":{"rendered":"https:\/\/contextoanalisisperiodistico.com\/index.php\/2024\/05\/23\/promueve-gobierno-de-oaxaca-politica-hidrica-sustentable\/"},"modified":"2024-05-23T20:59:17","modified_gmt":"2024-05-24T02:59:17","slug":"promueve-gobierno-de-oaxaca-politica-hidrica-sustentable","status":"publish","type":"post","link":"https:\/\/contextoanalisisperiodistico.com\/index.php\/2024\/05\/23\/promueve-gobierno-de-oaxaca-politica-hidrica-sustentable\/","title":{"rendered":"Promueve Gobierno de Oaxaca pol\u00edtica h\u00eddrica sustentable"},"content":{"rendered":"<div id=\"fb-root\"><\/div>\n\n<p>\u2022 Se busca generar acciones que involucren la participaci\u00f3n de los municipios<\/p>\n\n\n\n<p>Oaxaca de Ju\u00e1rez, Oax. 23 de mayo de 2024. Para hacer frente al cambio clim\u00e1tico, el Gobierno de Oaxaca presentar\u00e1 una propuesta de reforma a la Constituci\u00f3n Pol\u00edtica del Estado Libre y Soberano de Oaxaca, con el objetivo de regular la implementaci\u00f3n de la captaci\u00f3n de agua pluvial en la entidad.<\/p>\n\n\n\n<p>La propuesta establece una pol\u00edtica p\u00fablica de sostenibilidad para el uso y aprovechamiento del agua pluvial, consistente en el empleo de un sistema amplio de captaci\u00f3n de agua de lluvia, as\u00ed como de programas de concientizaci\u00f3n sobre el ahorro y uso sustentable del l\u00edquido.<\/p>\n\n\n\n<p>Asimismo, propone acciones encaminadas a fomentar una cultura para reducir la contaminaci\u00f3n del entorno, mediante la disminuci\u00f3n del uso de productos qu\u00edmicos y otros materiales nocivos para el medio ambiente.<\/p>\n\n\n\n<p>De igual manera, que se promueva el desarrollo de estudios sobre las cuencas hidrogr\u00e1ficas, el dise\u00f1o de materiales y nuevas tecnolog\u00edas para la gesti\u00f3n integral del agua, la formulaci\u00f3n de estrategias para la reducci\u00f3n de su demanda, su mejor aprovechamiento y la planeaci\u00f3n urbana con un enfoque de sustentabilidad.<\/p>\n\n\n\n<p>A trav\u00e9s de esta reforma, se ponderar\u00e1 el uso de materiales y dise\u00f1os en vialidades que permitan la infiltraci\u00f3n para la reducci\u00f3n de inundaciones y la recarga de mantos fre\u00e1ticos y\/o acu\u00edferos.<\/p>\n\n\n\n<p>El dise\u00f1o de la red de infraestructura hidr\u00e1ulica para procurar la separaci\u00f3n del agua tratada y el agua potable, y el tratamiento de las aguas servidas deber\u00e1 integrar y\/o considerar en sus enfoques las soluciones basadas en la naturaleza.<\/p>\n\n\n\n<p>Tambi\u00e9n, se fomenta un enfoque de gesti\u00f3n h\u00eddrica basado en datos, mediante sistemas de captaci\u00f3n de informaci\u00f3n y dispositivos para la detecci\u00f3n de fugas, que permitan disminuir paulatinamente la p\u00e9rdida de agua y el incremento del uso eficiente.<\/p>\n\n\n\n<p>Esta propuesta incluye los desarrollos residenciales y aquellas obras de gran magnitud, toda vez que deber\u00e1n adaptar mecanismos de captaci\u00f3n de agua de lluvia y la red necesaria para su re\u00faso.<\/p>\n\n\n\n<p>-0-<\/p>\n","protected":false},"excerpt":{"rendered":"<p>\u2022 Se busca generar acciones que involucren la participaci\u00f3n de los municipios Oaxaca de Ju\u00e1rez,&#8230;<\/p>\n","protected":false},"author":4,"featured_media":26975,"comment_status":"","ping_status":"open","sticky":false,"template":"","format":"standard","meta":{"footnotes":""},"categories":[9],"tags":[],"jetpack_sharing_enabled":true,"featured_image_urls":{"full":["https:\/\/contextoanalisisperiodistico.com\/wp-content\/uploads\/2024\/05\/IMG-20240430-WA0015-3.jpg",400,400,false],"thumbnail":["https:\/\/contextoanalisisperiodistico.com\/wp-content\/uploads\/2024\/05\/IMG-20240430-WA0015-3-150x150.jpg",150,150,true],"medium":["https:\/\/contextoanalisisperiodistico.com\/wp-content\/uploads\/2024\/05\/IMG-20240430-WA0015-3-300x300.jpg",300,300,true],"medium_large":["https:\/\/contextoanalisisperiodistico.com\/wp-content\/uploads\/2024\/05\/IMG-20240430-WA0015-3.jpg",400,400,false],"large":["https:\/\/contextoanalisisperiodistico.com\/wp-content\/uploads\/2024\/05\/IMG-20240430-WA0015-3.jpg",400,400,false],"1536x1536":["https:\/\/contextoanalisisperiodistico.com\/wp-content\/uploads\/2024\/05\/IMG-20240430-WA0015-3.jpg",400,400,false],"2048x2048":["https:\/\/contextoanalisisperiodistico.com\/wp-content\/uploads\/2024\/05\/IMG-20240430-WA0015-3.jpg",400,400,false],"covernews-slider-full":["https:\/\/contextoanalisisperiodistico.com\/wp-content\/uploads\/2024\/05\/IMG-20240430-WA0015-3.jpg",400,400,false],"covernews-slider-center":["https:\/\/contextoanalisisperiodistico.com\/wp-content\/uploads\/2024\/05\/IMG-20240430-WA0015-3.jpg",400,400,false],"covernews-featured":["https:\/\/contextoanalisisperiodistico.com\/wp-content\/uploads\/2024\/05\/IMG-20240430-WA0015-3.jpg",400,400,false],"covernews-medium":["https:\/\/contextoanalisisperiodistico.com\/wp-content\/uploads\/2024\/05\/IMG-20240430-WA0015-3-400x340.jpg",400,340,true],"covernews-medium-square":["https:\/\/contextoanalisisperiodistico.com\/wp-content\/uploads\/2024\/05\/IMG-20240430-WA0015-3-400x250.jpg",400,250,true]},"author_info":{"display_name":"Mario Gir\u00f3n","author_link":"https:\/\/contextoanalisisperiodistico.com\/index.php\/author\/director\/"},"category_info":"<a href=\"https:\/\/contextoanalisisperiodistico.com\/index.php\/category\/politica\/\" rel=\"category tag\">Pol\u00edtica<\/a>","tag_info":"Pol\u00edtica","comment_count":"0","jetpack_featured_media_url":"https:\/\/contextoanalisisperiodistico.com\/wp-content\/uploads\/2024\/05\/IMG-20240430-WA0015-3.jpg","_links":{"self":[{"href":"https:\/\/contextoanalisisperiodistico.com\/index.php\/wp-json\/wp\/v2\/posts\/26976"}],"collection":[{"href":"https:\/\/contextoanalisisperiodistico.com\/index.php\/wp-json\/wp\/v2\/posts"}],"about":[{"href":"https:\/\/contextoanalisisperiodistico.com\/index.php\/wp-json\/wp\/v2\/types\/post"}],"author":[{"embeddable":true,"href":"https:\/\/contextoanalisisperiodistico.com\/index.php\/wp-json\/wp\/v2\/users\/4"}],"replies":[{"embeddable":true,"href":"https:\/\/contextoanalisisperiodistico.com\/index.php\/wp-json\/wp\/v2\/comments?post=26976"}],"version-history":[{"count":0,"href":"https:\/\/contextoanalisisperiodistico.com\/index.php\/wp-json\/wp\/v2\/posts\/26976\/revisions"}],"wp:featuredmedia":[{"embeddable":true,"href":"https:\/\/contextoanalisisperiodistico.com\/index.php\/wp-json\/wp\/v2\/media\/26975"}],"wp:attachment":[{"href":"https:\/\/contextoanalisisperiodistico.com\/index.php\/wp-json\/wp\/v2\/media?parent=26976"}],"wp:term":[{"taxonomy":"category","embeddable":true,"href":"https:\/\/contextoanalisisperiodistico.com\/index.php\/wp-json\/wp\/v2\/categories?post=26976"},{"taxonomy":"post_tag","embeddable":true,"href":"https:\/\/contextoanalisisperiodistico.com\/index.php\/wp-json\/wp\/v2\/tags?post=26976"}],"curies":[{"name":"wp","href":"https:\/\/api.w.org\/{rel}","templated":true}]}}