{"id":26974,"date":"2024-05-23T19:27:10","date_gmt":"2024-05-24T01:27:10","guid":{"rendered":"https:\/\/contextoanalisisperiodistico.com\/index.php\/2024\/05\/23\/capacitan-a-personal-de-salud-para-reducir-riesgos-portemporada-de-lluvias-y-huracanes-2024\/"},"modified":"2024-05-23T19:27:10","modified_gmt":"2024-05-24T01:27:10","slug":"capacitan-a-personal-de-salud-para-reducir-riesgos-portemporada-de-lluvias-y-huracanes-2024","status":"publish","type":"post","link":"https:\/\/contextoanalisisperiodistico.com\/index.php\/2024\/05\/23\/capacitan-a-personal-de-salud-para-reducir-riesgos-portemporada-de-lluvias-y-huracanes-2024\/","title":{"rendered":"Capacitan a personal de salud para reducir riesgos portemporada de lluvias y huracanes 2024"},"content":{"rendered":"<div id=\"fb-root\"><\/div>\n\n<p>\u2022 Articulan acciones para responder con mayor velocidad y eficacia en caso de alguna emergencia<\/p>\n\n\n\n<p>Oaxaca de Ju\u00e1rez, Oax. 23 de mayo de 2024.- Ante la probabilidad de que en territorio mexicano se presenten m\u00e1s de 40 ciclones entre junio y noviembre, Servicios de Salud de Oaxaca (SSO) articula estrategias con la capacitaci\u00f3n: Preparaci\u00f3n y respuesta por temporada de lluvias y huracanes 2024.<\/p>\n\n\n\n<p>En esta actividad el personal del Sector Salud fortaleci\u00f3 sus conocimientos para responder con mayor velocidad y eficacia en caso de alguna emergencia; fue realizada de manera virtual y convocada por la Direcci\u00f3n de Prevenci\u00f3n y Promoci\u00f3n, a trav\u00e9s del Departamento de Urgencias Epidemiol\u00f3gicas y Desastres.<\/p>\n\n\n\n<p>Durante la jornada acad\u00e9mica se analizaron los temas: Pron\u00f3stico Meteorol\u00f3gico Nacional y Estatal por temporada de huracanes 2024; Gesti\u00f3n de riesgos para la atenci\u00f3n de huracanes; Atlas Nacional y Estatal de Riesgos; Refugios temporales; Plan Nacional de Atenci\u00f3n por Temporada de Huracanes y Ciclones, Uso y llenado correcto de los formatos del Sistema de Informaci\u00f3n para Emergencias en Salud, entre otros.<\/p>\n\n\n\n<p>Asimismo, se identificaron las zonas de riesgo de las regiones y se revisaron los protocolos de preparaci\u00f3n y atenci\u00f3n para el manejo de acciones de prevenci\u00f3n, mitigaci\u00f3n, respuesta y recuperaci\u00f3n, ante hechos relacionados directa e indirectamente con eventos atmosf\u00e9ricos.<\/p>\n\n\n\n<p>El grupo colegiado coincidi\u00f3 en que es necesario sumar esfuerzos para llevar a cabo una estrategia de respuesta dirigida a proteger, asegurar y garantizar el bienestar de la poblaci\u00f3n en esta \u00e1poca del a\u00f1o.<\/p>\n\n\n\n<p>Adem\u00e1s, hicieron un llamado a las familias oaxaque\u00f1as a tomar de manera responsable y seria la informaci\u00f3n emitida por Protecci\u00f3n Civil del estado, para evitar la desinformaci\u00f3n y resaltaron la importancia de consultar fuentes oficiales y compartir noticias ver\u00eddicas.<\/p>\n\n\n\n<p>Finalmente, SSO agradeci\u00f3 la participaci\u00f3n de ponentes de la Comisi\u00f3n Nacional del Agua (Conagua), de la Coordinaci\u00f3n Estatal de Protecci\u00f3n Civil y Gesti\u00f3n de Riesgos del Estado (CEPCyGR), del Centro Nacional de Programas Preventivos y Control de Enfermedades (Cenaprece) de nivel federal, por sumarse a esta estrategia y trabajar de manera coordinada.<\/p>\n\n\n\n<p>-0-<\/p>\n","protected":false},"excerpt":{"rendered":"<p>\u2022 Articulan acciones para responder con mayor velocidad y eficacia en caso de alguna emergencia&#8230;<\/p>\n","protected":false},"author":4,"featured_media":26973,"comment_status":"","ping_status":"open","sticky":false,"template":"","format":"standard","meta":{"footnotes":""},"categories":[92],"tags":[],"jetpack_sharing_enabled":true,"featured_image_urls":{"full":["https:\/\/contextoanalisisperiodistico.com\/wp-content\/uploads\/2024\/05\/IMG-20240523-WA0046.jpg",1600,896,false],"thumbnail":["https:\/\/contextoanalisisperiodistico.com\/wp-content\/uploads\/2024\/05\/IMG-20240523-WA0046-150x150.jpg",150,150,true],"medium":["https:\/\/contextoanalisisperiodistico.com\/wp-content\/uploads\/2024\/05\/IMG-20240523-WA0046-300x168.jpg",300,168,true],"medium_large":["https:\/\/contextoanalisisperiodistico.com\/wp-content\/uploads\/2024\/05\/IMG-20240523-WA0046-768x430.jpg",640,358,true],"large":["https:\/\/contextoanalisisperiodistico.com\/wp-content\/uploads\/2024\/05\/IMG-20240523-WA0046-1024x573.jpg",640,358,true],"1536x1536":["https:\/\/contextoanalisisperiodistico.com\/wp-content\/uploads\/2024\/05\/IMG-20240523-WA0046-1536x860.jpg",1536,860,true],"2048x2048":["https:\/\/contextoanalisisperiodistico.com\/wp-content\/uploads\/2024\/05\/IMG-20240523-WA0046.jpg",1600,896,false],"covernews-slider-full":["https:\/\/contextoanalisisperiodistico.com\/wp-content\/uploads\/2024\/05\/IMG-20240523-WA0046-1115x715.jpg",1115,715,true],"covernews-slider-center":["https:\/\/contextoanalisisperiodistico.com\/wp-content\/uploads\/2024\/05\/IMG-20240523-WA0046-800x500.jpg",800,500,true],"covernews-featured":["https:\/\/contextoanalisisperiodistico.com\/wp-content\/uploads\/2024\/05\/IMG-20240523-WA0046-1024x573.jpg",1024,573,true],"covernews-medium":["https:\/\/contextoanalisisperiodistico.com\/wp-content\/uploads\/2024\/05\/IMG-20240523-WA0046-540x340.jpg",540,340,true],"covernews-medium-square":["https:\/\/contextoanalisisperiodistico.com\/wp-content\/uploads\/2024\/05\/IMG-20240523-WA0046-400x250.jpg",400,250,true]},"author_info":{"display_name":"Mario Gir\u00f3n","author_link":"https:\/\/contextoanalisisperiodistico.com\/index.php\/author\/director\/"},"category_info":"<a href=\"https:\/\/contextoanalisisperiodistico.com\/index.php\/category\/salud\/\" rel=\"category tag\">Salud<\/a>","tag_info":"Salud","comment_count":"0","jetpack_featured_media_url":"https:\/\/contextoanalisisperiodistico.com\/wp-content\/uploads\/2024\/05\/IMG-20240523-WA0046.jpg","_links":{"self":[{"href":"https:\/\/contextoanalisisperiodistico.com\/index.php\/wp-json\/wp\/v2\/posts\/26974"}],"collection":[{"href":"https:\/\/contextoanalisisperiodistico.com\/index.php\/wp-json\/wp\/v2\/posts"}],"about":[{"href":"https:\/\/contextoanalisisperiodistico.com\/index.php\/wp-json\/wp\/v2\/types\/post"}],"author":[{"embeddable":true,"href":"https:\/\/contextoanalisisperiodistico.com\/index.php\/wp-json\/wp\/v2\/users\/4"}],"replies":[{"embeddable":true,"href":"https:\/\/contextoanalisisperiodistico.com\/index.php\/wp-json\/wp\/v2\/comments?post=26974"}],"version-history":[{"count":0,"href":"https:\/\/contextoanalisisperiodistico.com\/index.php\/wp-json\/wp\/v2\/posts\/26974\/revisions"}],"wp:featuredmedia":[{"embeddable":true,"href":"https:\/\/contextoanalisisperiodistico.com\/index.php\/wp-json\/wp\/v2\/media\/26973"}],"wp:attachment":[{"href":"https:\/\/contextoanalisisperiodistico.com\/index.php\/wp-json\/wp\/v2\/media?parent=26974"}],"wp:term":[{"taxonomy":"category","embeddable":true,"href":"https:\/\/contextoanalisisperiodistico.com\/index.php\/wp-json\/wp\/v2\/categories?post=26974"},{"taxonomy":"post_tag","embeddable":true,"href":"https:\/\/contextoanalisisperiodistico.com\/index.php\/wp-json\/wp\/v2\/tags?post=26974"}],"curies":[{"name":"wp","href":"https:\/\/api.w.org\/{rel}","templated":true}]}}