{"id":26972,"date":"2024-05-23T19:17:29","date_gmt":"2024-05-24T01:17:29","guid":{"rendered":"https:\/\/contextoanalisisperiodistico.com\/index.php\/2024\/05\/23\/se-trabaja-para-construir-paz-social-y-garantizar-una-jornada-electoral-segura\/"},"modified":"2024-05-23T19:17:29","modified_gmt":"2024-05-24T01:17:29","slug":"se-trabaja-para-construir-paz-social-y-garantizar-una-jornada-electoral-segura","status":"publish","type":"post","link":"https:\/\/contextoanalisisperiodistico.com\/index.php\/2024\/05\/23\/se-trabaja-para-construir-paz-social-y-garantizar-una-jornada-electoral-segura\/","title":{"rendered":"Se trabaja para construir paz social y garantizar una jornada electoral segura"},"content":{"rendered":"<div id=\"fb-root\"><\/div>\n\n<p>\u2022 El pr\u00f3ximo lunes se instalar\u00e1 el Comit\u00e9 de crisis del proceso electoral<\/p>\n\n\n\n<p>Oaxaca de Ju\u00e1rez, Oax. 23 de mayo de 2024.- La Secretar\u00eda de Gobierno (Sego) inform\u00f3 que desde la Mesa Operativa de Seguimiento Electoral (MOSE) se trabaja en los \u00e1mbitos estatal y federal para construir la paz social y garantizar la gobernabilidad para todas las personas involucradas, rumbo a la jornada electoral del pr\u00f3ximo 2 de junio.<\/p>\n\n\n\n<p>En conferencia de prensa del Gabinete de Seguridad, el titular de la Sego, Jes\u00fas Romero L\u00f3pez dio a conocer que el lunes 27 de mayo se instalar\u00e1 el Comit\u00e9 de crisis del proceso electoral, con el objetivo de asegurar un ejercicio de sufragio en condiciones de paz.<\/p>\n\n\n\n<p>La comisi\u00f3n realizar\u00e1 la sumatoria total de las personas que brindar\u00e1n protecci\u00f3n durante estos comicios, incluyendo a los mil 800 elementos de seguridad que ya se disponen y los que aportar\u00e1 la Guardia Nacional (GN).<\/p>\n\n\n\n<p>Cabe destacar que de las 11 mil 78 personas que aspiran a cargos de elecci\u00f3n popular, 87 cuentan con medidas de protecci\u00f3n, lo que representa el 0.78 por ciento del total de aspirantes en el proceso electoral 2023-2024.<\/p>\n\n\n\n<p>Del total de candidaturas, 11 corresponden a cargos federales con asignaci\u00f3n directa de oficiales de la GN; 15 a diputaciones locales, 9 de ellas con asignaci\u00f3n de estos elementos y 61 a presidencias municipales, de las cuales, 40 tienen asignaci\u00f3n de oficiales.<\/p>\n\n\n\n<p>En este marco, Romero L\u00f3pez hizo un llamado a la ciudadan\u00eda, autoridades municipales y agrarias, as\u00ed como a personajes pol\u00edticos, para sumar esfuerzos y empatizar con las situaciones que se viven en algunas comunidades afectadas por los incendios forestales.<\/p>\n\n\n\n<p>Se\u00f1al\u00f3 que el bloqueo a la carretera federal Puebla-Tehuac\u00e1n por un grupo reducido de Tepelmeme Villa de Morelos gener\u00f3 un impacto negativo en la econom\u00eda del estado y en el desplazamiento de personas, sobre todo en el arribo de brigadas de combatientes a la zona del siniestro.<\/p>\n\n\n\n<p>-0-<\/p>\n\n\n\n<figure class=\"wp-block-image size-large\"><img fetchpriority=\"high\" decoding=\"async\" width=\"1024\" height=\"769\" src=\"https:\/\/contextoanalisisperiodistico.com\/wp-content\/uploads\/2024\/05\/img-20240523-wa00438055136641930768561-1024x769.jpg\" alt=\"\" class=\"wp-image-26971\" srcset=\"https:\/\/contextoanalisisperiodistico.com\/wp-content\/uploads\/2024\/05\/img-20240523-wa00438055136641930768561-1024x769.jpg 1024w, https:\/\/contextoanalisisperiodistico.com\/wp-content\/uploads\/2024\/05\/img-20240523-wa00438055136641930768561-300x225.jpg 300w, https:\/\/contextoanalisisperiodistico.com\/wp-content\/uploads\/2024\/05\/img-20240523-wa00438055136641930768561-768x577.jpg 768w, https:\/\/contextoanalisisperiodistico.com\/wp-content\/uploads\/2024\/05\/img-20240523-wa00438055136641930768561-1536x1154.jpg 1536w, https:\/\/contextoanalisisperiodistico.com\/wp-content\/uploads\/2024\/05\/img-20240523-wa00438055136641930768561.jpg 1600w\" sizes=\"(max-width: 1024px) 100vw, 1024px\" \/><\/figure>\n","protected":false},"excerpt":{"rendered":"<p>\u2022 El pr\u00f3ximo lunes se instalar\u00e1 el Comit\u00e9 de crisis del proceso electoral Oaxaca de&#8230;<\/p>\n","protected":false},"author":4,"featured_media":26970,"comment_status":"","ping_status":"open","sticky":false,"template":"","format":"standard","meta":{"footnotes":""},"categories":[9],"tags":[],"jetpack_sharing_enabled":true,"featured_image_urls":{"full":["https:\/\/contextoanalisisperiodistico.com\/wp-content\/uploads\/2024\/05\/IMG-20240523-WA0042.jpg",1280,720,false],"thumbnail":["https:\/\/contextoanalisisperiodistico.com\/wp-content\/uploads\/2024\/05\/IMG-20240523-WA0042-150x150.jpg",150,150,true],"medium":["https:\/\/contextoanalisisperiodistico.com\/wp-content\/uploads\/2024\/05\/IMG-20240523-WA0042-300x169.jpg",300,169,true],"medium_large":["https:\/\/contextoanalisisperiodistico.com\/wp-content\/uploads\/2024\/05\/IMG-20240523-WA0042-768x432.jpg",640,360,true],"large":["https:\/\/contextoanalisisperiodistico.com\/wp-content\/uploads\/2024\/05\/IMG-20240523-WA0042-1024x576.jpg",640,360,true],"1536x1536":["https:\/\/contextoanalisisperiodistico.com\/wp-content\/uploads\/2024\/05\/IMG-20240523-WA0042.jpg",1280,720,false],"2048x2048":["https:\/\/contextoanalisisperiodistico.com\/wp-content\/uploads\/2024\/05\/IMG-20240523-WA0042.jpg",1280,720,false],"covernews-slider-full":["https:\/\/contextoanalisisperiodistico.com\/wp-content\/uploads\/2024\/05\/IMG-20240523-WA0042-1115x715.jpg",1115,715,true],"covernews-slider-center":["https:\/\/contextoanalisisperiodistico.com\/wp-content\/uploads\/2024\/05\/IMG-20240523-WA0042-800x500.jpg",800,500,true],"covernews-featured":["https:\/\/contextoanalisisperiodistico.com\/wp-content\/uploads\/2024\/05\/IMG-20240523-WA0042-1024x576.jpg",1024,576,true],"covernews-medium":["https:\/\/contextoanalisisperiodistico.com\/wp-content\/uploads\/2024\/05\/IMG-20240523-WA0042-540x340.jpg",540,340,true],"covernews-medium-square":["https:\/\/contextoanalisisperiodistico.com\/wp-content\/uploads\/2024\/05\/IMG-20240523-WA0042-400x250.jpg",400,250,true]},"author_info":{"display_name":"Mario Gir\u00f3n","author_link":"https:\/\/contextoanalisisperiodistico.com\/index.php\/author\/director\/"},"category_info":"<a href=\"https:\/\/contextoanalisisperiodistico.com\/index.php\/category\/politica\/\" rel=\"category tag\">Pol\u00edtica<\/a>","tag_info":"Pol\u00edtica","comment_count":"0","jetpack_featured_media_url":"https:\/\/contextoanalisisperiodistico.com\/wp-content\/uploads\/2024\/05\/IMG-20240523-WA0042.jpg","_links":{"self":[{"href":"https:\/\/contextoanalisisperiodistico.com\/index.php\/wp-json\/wp\/v2\/posts\/26972"}],"collection":[{"href":"https:\/\/contextoanalisisperiodistico.com\/index.php\/wp-json\/wp\/v2\/posts"}],"about":[{"href":"https:\/\/contextoanalisisperiodistico.com\/index.php\/wp-json\/wp\/v2\/types\/post"}],"author":[{"embeddable":true,"href":"https:\/\/contextoanalisisperiodistico.com\/index.php\/wp-json\/wp\/v2\/users\/4"}],"replies":[{"embeddable":true,"href":"https:\/\/contextoanalisisperiodistico.com\/index.php\/wp-json\/wp\/v2\/comments?post=26972"}],"version-history":[{"count":0,"href":"https:\/\/contextoanalisisperiodistico.com\/index.php\/wp-json\/wp\/v2\/posts\/26972\/revisions"}],"wp:featuredmedia":[{"embeddable":true,"href":"https:\/\/contextoanalisisperiodistico.com\/index.php\/wp-json\/wp\/v2\/media\/26970"}],"wp:attachment":[{"href":"https:\/\/contextoanalisisperiodistico.com\/index.php\/wp-json\/wp\/v2\/media?parent=26972"}],"wp:term":[{"taxonomy":"category","embeddable":true,"href":"https:\/\/contextoanalisisperiodistico.com\/index.php\/wp-json\/wp\/v2\/categories?post=26972"},{"taxonomy":"post_tag","embeddable":true,"href":"https:\/\/contextoanalisisperiodistico.com\/index.php\/wp-json\/wp\/v2\/tags?post=26972"}],"curies":[{"name":"wp","href":"https:\/\/api.w.org\/{rel}","templated":true}]}}