{"id":26969,"date":"2024-05-23T17:15:12","date_gmt":"2024-05-23T23:15:12","guid":{"rendered":"https:\/\/contextoanalisisperiodistico.com\/index.php\/2024\/05\/23\/mantienen-acciones-de-seguridad-para-bienestar-oaxaquena\/"},"modified":"2024-05-23T17:15:12","modified_gmt":"2024-05-23T23:15:12","slug":"mantienen-acciones-de-seguridad-para-bienestar-oaxaquena","status":"publish","type":"post","link":"https:\/\/contextoanalisisperiodistico.com\/index.php\/2024\/05\/23\/mantienen-acciones-de-seguridad-para-bienestar-oaxaquena\/","title":{"rendered":"Mantienen acciones de seguridad para bienestar oaxaque\u00f1a"},"content":{"rendered":"<div id=\"fb-root\"><\/div>\n\n<p>\u2022 Del 15 al 21 de mayo, 115 personas fueron detenidas por la presunci\u00f3n de delitos del fuero federal, fuero com\u00fan y faltas administrativas<\/p>\n\n\n\n<p>Oaxaca de Ju\u00e1rez, Oax., 23 de mayo de 2024.- En un trabajo coordinado con instituciones de los tres \u00f3rdenes de gobierno, del 15 al 21 de mayo, la Secretar\u00eda de Seguridad y Protecci\u00f3n Ciudadana (SSPC) realiz\u00f3 542 acciones estrat\u00e9gicas que corresponden a 190 operativos y 352 recorridos de seguridad y vigilancia.<\/p>\n\n\n\n<p>En el marco de la conferencia del Gabinete de Seguridad, se inform\u00f3 que mediante estas operaciones 115 personas fueron detenidas por la presunci\u00f3n de delitos del fuero federal, fuero com\u00fan y faltas administrativas. Tambi\u00e9n aseguraron 154 veh\u00edculos; 11 con reporte de robo.<\/p>\n\n\n\n<p>Adem\u00e1s, confiscaron ocho armas de fuego, cuatro cargadores y 47 municiones; as\u00ed como 482 dosis de presuntas drogas, dos bolsas de hierba con caracter\u00edsticas de marihuana y una bolsa con una sustancia semejante al cristal; as\u00ed tambi\u00e9n, 42 mil 464.5 pesos en efectivo, mil 600 iguanas, 20 botes de cristal con gotero, cinco tarjetas bancarias, tres tel\u00e9fonos celulares, dos b\u00e1sculas digitales y un chaleco bal\u00edstico.<\/p>\n\n\n\n<p>A trav\u00e9s del Centro de Reeducaci\u00f3n para Hombres que Ejercen Violencia contra las Mujeres se beneficiaron a 56 hombres con servicios y grupos de reflexi\u00f3n, lo que da un total de 2 mil 50 personas alcanzadas hasta la fecha.<\/p>\n\n\n\n<p>Por otro lado, se dio a conocer que 587 Personas Privadas de su Libertad (PPL) se encuentran inscritas en diferentes niveles educativos; 3 mil 627 en actividades laborales y mil 682 en deportes. Adem\u00e1s, se efectuaron mil 322 consultas en materia de salud y 14 cursos para 166 PPL y 57 audiencias virtuales en colaboraci\u00f3n con el Tribunal Superior de Justicia del Estado de Oaxaca (TSJEO).<\/p>\n\n\n\n<p>Para reforzar la seguridad penitenciaria, se llevaron a cabo 70 revisiones y 13 decomisos con el aseguramiento de 94 sustancias y objetos prohibidos.<\/p>\n\n\n\n<p>-0-<\/p>\n\n\n\n<figure class=\"wp-block-image size-large\"><img fetchpriority=\"high\" decoding=\"async\" width=\"1024\" height=\"682\" src=\"https:\/\/contextoanalisisperiodistico.com\/wp-content\/uploads\/2024\/05\/img-20240523-wa00386382258122289502851-1024x682.jpg\" alt=\"\" class=\"wp-image-26968\" srcset=\"https:\/\/contextoanalisisperiodistico.com\/wp-content\/uploads\/2024\/05\/img-20240523-wa00386382258122289502851-1024x682.jpg 1024w, https:\/\/contextoanalisisperiodistico.com\/wp-content\/uploads\/2024\/05\/img-20240523-wa00386382258122289502851-300x200.jpg 300w, https:\/\/contextoanalisisperiodistico.com\/wp-content\/uploads\/2024\/05\/img-20240523-wa00386382258122289502851-768x512.jpg 768w, https:\/\/contextoanalisisperiodistico.com\/wp-content\/uploads\/2024\/05\/img-20240523-wa00386382258122289502851-1536x1023.jpg 1536w, https:\/\/contextoanalisisperiodistico.com\/wp-content\/uploads\/2024\/05\/img-20240523-wa00386382258122289502851.jpg 1600w\" sizes=\"(max-width: 1024px) 100vw, 1024px\" \/><\/figure>\n\n\n\n<figure class=\"wp-block-image\"><img decoding=\"async\" width=\"1024\" height=\"682\" src=\"https:\/\/contextoanalisisperiodistico.com\/wp-content\/uploads\/2024\/05\/img-20240523-wa00391421409470109486369-1024x682.jpg\" alt=\"\" class=\"wp-image-26967\" srcset=\"https:\/\/contextoanalisisperiodistico.com\/wp-content\/uploads\/2024\/05\/img-20240523-wa00391421409470109486369-1024x682.jpg 1024w, https:\/\/contextoanalisisperiodistico.com\/wp-content\/uploads\/2024\/05\/img-20240523-wa00391421409470109486369-300x200.jpg 300w, https:\/\/contextoanalisisperiodistico.com\/wp-content\/uploads\/2024\/05\/img-20240523-wa00391421409470109486369-768x512.jpg 768w, https:\/\/contextoanalisisperiodistico.com\/wp-content\/uploads\/2024\/05\/img-20240523-wa00391421409470109486369-1536x1023.jpg 1536w, https:\/\/contextoanalisisperiodistico.com\/wp-content\/uploads\/2024\/05\/img-20240523-wa00391421409470109486369.jpg 1600w\" sizes=\"(max-width: 1024px) 100vw, 1024px\" \/><\/figure>\n","protected":false},"excerpt":{"rendered":"<p>\u2022 Del 15 al 21 de mayo, 115 personas fueron detenidas por la presunci\u00f3n de&#8230;<\/p>\n","protected":false},"author":4,"featured_media":26966,"comment_status":"","ping_status":"open","sticky":false,"template":"","format":"standard","meta":{"footnotes":""},"categories":[9],"tags":[],"jetpack_sharing_enabled":true,"featured_image_urls":{"full":["https:\/\/contextoanalisisperiodistico.com\/wp-content\/uploads\/2024\/05\/IMG-20240523-WA0040.jpg",1600,1066,false],"thumbnail":["https:\/\/contextoanalisisperiodistico.com\/wp-content\/uploads\/2024\/05\/IMG-20240523-WA0040-150x150.jpg",150,150,true],"medium":["https:\/\/contextoanalisisperiodistico.com\/wp-content\/uploads\/2024\/05\/IMG-20240523-WA0040-300x200.jpg",300,200,true],"medium_large":["https:\/\/contextoanalisisperiodistico.com\/wp-content\/uploads\/2024\/05\/IMG-20240523-WA0040-768x512.jpg",640,427,true],"large":["https:\/\/contextoanalisisperiodistico.com\/wp-content\/uploads\/2024\/05\/IMG-20240523-WA0040-1024x682.jpg",640,426,true],"1536x1536":["https:\/\/contextoanalisisperiodistico.com\/wp-content\/uploads\/2024\/05\/IMG-20240523-WA0040-1536x1023.jpg",1536,1023,true],"2048x2048":["https:\/\/contextoanalisisperiodistico.com\/wp-content\/uploads\/2024\/05\/IMG-20240523-WA0040.jpg",1600,1066,false],"covernews-slider-full":["https:\/\/contextoanalisisperiodistico.com\/wp-content\/uploads\/2024\/05\/IMG-20240523-WA0040-1115x715.jpg",1115,715,true],"covernews-slider-center":["https:\/\/contextoanalisisperiodistico.com\/wp-content\/uploads\/2024\/05\/IMG-20240523-WA0040-800x500.jpg",800,500,true],"covernews-featured":["https:\/\/contextoanalisisperiodistico.com\/wp-content\/uploads\/2024\/05\/IMG-20240523-WA0040-1024x682.jpg",1024,682,true],"covernews-medium":["https:\/\/contextoanalisisperiodistico.com\/wp-content\/uploads\/2024\/05\/IMG-20240523-WA0040-540x340.jpg",540,340,true],"covernews-medium-square":["https:\/\/contextoanalisisperiodistico.com\/wp-content\/uploads\/2024\/05\/IMG-20240523-WA0040-400x250.jpg",400,250,true]},"author_info":{"display_name":"Mario Gir\u00f3n","author_link":"https:\/\/contextoanalisisperiodistico.com\/index.php\/author\/director\/"},"category_info":"<a href=\"https:\/\/contextoanalisisperiodistico.com\/index.php\/category\/politica\/\" rel=\"category tag\">Pol\u00edtica<\/a>","tag_info":"Pol\u00edtica","comment_count":"0","jetpack_featured_media_url":"https:\/\/contextoanalisisperiodistico.com\/wp-content\/uploads\/2024\/05\/IMG-20240523-WA0040.jpg","_links":{"self":[{"href":"https:\/\/contextoanalisisperiodistico.com\/index.php\/wp-json\/wp\/v2\/posts\/26969"}],"collection":[{"href":"https:\/\/contextoanalisisperiodistico.com\/index.php\/wp-json\/wp\/v2\/posts"}],"about":[{"href":"https:\/\/contextoanalisisperiodistico.com\/index.php\/wp-json\/wp\/v2\/types\/post"}],"author":[{"embeddable":true,"href":"https:\/\/contextoanalisisperiodistico.com\/index.php\/wp-json\/wp\/v2\/users\/4"}],"replies":[{"embeddable":true,"href":"https:\/\/contextoanalisisperiodistico.com\/index.php\/wp-json\/wp\/v2\/comments?post=26969"}],"version-history":[{"count":0,"href":"https:\/\/contextoanalisisperiodistico.com\/index.php\/wp-json\/wp\/v2\/posts\/26969\/revisions"}],"wp:featuredmedia":[{"embeddable":true,"href":"https:\/\/contextoanalisisperiodistico.com\/index.php\/wp-json\/wp\/v2\/media\/26966"}],"wp:attachment":[{"href":"https:\/\/contextoanalisisperiodistico.com\/index.php\/wp-json\/wp\/v2\/media?parent=26969"}],"wp:term":[{"taxonomy":"category","embeddable":true,"href":"https:\/\/contextoanalisisperiodistico.com\/index.php\/wp-json\/wp\/v2\/categories?post=26969"},{"taxonomy":"post_tag","embeddable":true,"href":"https:\/\/contextoanalisisperiodistico.com\/index.php\/wp-json\/wp\/v2\/tags?post=26969"}],"curies":[{"name":"wp","href":"https:\/\/api.w.org\/{rel}","templated":true}]}}