{"id":26770,"date":"2024-05-17T16:02:44","date_gmt":"2024-05-17T22:02:44","guid":{"rendered":"https:\/\/contextoanalisisperiodistico.com\/index.php\/2024\/05\/17\/santo-domingo-tianguistengo-medio-siglo-celebrando-la-feria-de-la-pitaya\/"},"modified":"2024-05-17T16:02:44","modified_gmt":"2024-05-17T22:02:44","slug":"santo-domingo-tianguistengo-medio-siglo-celebrando-la-feria-de-la-pitaya","status":"publish","type":"post","link":"https:\/\/contextoanalisisperiodistico.com\/index.php\/2024\/05\/17\/santo-domingo-tianguistengo-medio-siglo-celebrando-la-feria-de-la-pitaya\/","title":{"rendered":"Santo Domingo Tianguistengo, medio siglo celebrando la Feria de la Pitaya"},"content":{"rendered":"<div id=\"fb-root\"><\/div>\n\n<p>\u2022 M\u00e1s de 20 actividades deportivas, culturales, gastron\u00f3micas y musicales enmarcan esta conmemoraci\u00f3n<\/p>\n\n\n\n\n\n<figure class=\"wp-block-image size-large\"><img fetchpriority=\"high\" decoding=\"async\" width=\"890\" height=\"593\" src=\"https:\/\/contextoanalisisperiodistico.com\/wp-content\/uploads\/2024\/05\/img-20240517-wa00307146838201187870075.jpg\" alt=\"\" class=\"wp-image-26765\" srcset=\"https:\/\/contextoanalisisperiodistico.com\/wp-content\/uploads\/2024\/05\/img-20240517-wa00307146838201187870075.jpg 890w, https:\/\/contextoanalisisperiodistico.com\/wp-content\/uploads\/2024\/05\/img-20240517-wa00307146838201187870075-300x200.jpg 300w, https:\/\/contextoanalisisperiodistico.com\/wp-content\/uploads\/2024\/05\/img-20240517-wa00307146838201187870075-768x512.jpg 768w\" sizes=\"(max-width: 890px) 100vw, 890px\" \/><\/figure>\n\n\n\n<figure class=\"wp-block-image\"><img decoding=\"async\" width=\"300\" height=\"200\" src=\"https:\/\/contextoanalisisperiodistico.com\/wp-content\/uploads\/2024\/05\/img-20240517-wa00312642286826420302395-300x200.jpg\" alt=\"\" class=\"wp-image-26763\" srcset=\"https:\/\/contextoanalisisperiodistico.com\/wp-content\/uploads\/2024\/05\/img-20240517-wa00312642286826420302395-300x200.jpg 300w, https:\/\/contextoanalisisperiodistico.com\/wp-content\/uploads\/2024\/05\/img-20240517-wa00312642286826420302395-768x512.jpg 768w, https:\/\/contextoanalisisperiodistico.com\/wp-content\/uploads\/2024\/05\/img-20240517-wa00312642286826420302395.jpg 890w\" sizes=\"(max-width: 300px) 100vw, 300px\" \/><\/figure>\n\n\n\n<figure class=\"wp-block-image\"><img decoding=\"async\" width=\"300\" height=\"200\" src=\"https:\/\/contextoanalisisperiodistico.com\/wp-content\/uploads\/2024\/05\/img-20240517-wa00356599573097897987815-300x200.jpg\" alt=\"\" class=\"wp-image-26767\" srcset=\"https:\/\/contextoanalisisperiodistico.com\/wp-content\/uploads\/2024\/05\/img-20240517-wa00356599573097897987815-300x200.jpg 300w, https:\/\/contextoanalisisperiodistico.com\/wp-content\/uploads\/2024\/05\/img-20240517-wa00356599573097897987815-768x512.jpg 768w, https:\/\/contextoanalisisperiodistico.com\/wp-content\/uploads\/2024\/05\/img-20240517-wa00356599573097897987815.jpg 890w\" sizes=\"(max-width: 300px) 100vw, 300px\" \/><\/figure>\n\n\n\n<figure class=\"wp-block-image\"><img loading=\"lazy\" decoding=\"async\" width=\"300\" height=\"200\" src=\"https:\/\/contextoanalisisperiodistico.com\/wp-content\/uploads\/2024\/05\/img-20240517-wa00376142171596523987007-300x200.jpg\" alt=\"\" class=\"wp-image-26766\" srcset=\"https:\/\/contextoanalisisperiodistico.com\/wp-content\/uploads\/2024\/05\/img-20240517-wa00376142171596523987007-300x200.jpg 300w, https:\/\/contextoanalisisperiodistico.com\/wp-content\/uploads\/2024\/05\/img-20240517-wa00376142171596523987007-768x512.jpg 768w, https:\/\/contextoanalisisperiodistico.com\/wp-content\/uploads\/2024\/05\/img-20240517-wa00376142171596523987007.jpg 890w\" sizes=\"(max-width: 300px) 100vw, 300px\" \/><\/figure>\n\n\n\n<figure class=\"wp-block-image\"><img loading=\"lazy\" decoding=\"async\" width=\"300\" height=\"200\" src=\"https:\/\/contextoanalisisperiodistico.com\/wp-content\/uploads\/2024\/05\/img-20240517-wa00364944585469697800745-300x200.jpg\" alt=\"\" class=\"wp-image-26764\" srcset=\"https:\/\/contextoanalisisperiodistico.com\/wp-content\/uploads\/2024\/05\/img-20240517-wa00364944585469697800745-300x200.jpg 300w, https:\/\/contextoanalisisperiodistico.com\/wp-content\/uploads\/2024\/05\/img-20240517-wa00364944585469697800745-768x512.jpg 768w, https:\/\/contextoanalisisperiodistico.com\/wp-content\/uploads\/2024\/05\/img-20240517-wa00364944585469697800745.jpg 890w\" sizes=\"(max-width: 300px) 100vw, 300px\" \/><\/figure>\n\n\n\n<figure class=\"wp-block-image\"><img loading=\"lazy\" decoding=\"async\" width=\"300\" height=\"200\" src=\"https:\/\/contextoanalisisperiodistico.com\/wp-content\/uploads\/2024\/05\/img-20240517-wa00331778647737058445813-300x200.jpg\" alt=\"\" class=\"wp-image-26768\" srcset=\"https:\/\/contextoanalisisperiodistico.com\/wp-content\/uploads\/2024\/05\/img-20240517-wa00331778647737058445813-300x200.jpg 300w, https:\/\/contextoanalisisperiodistico.com\/wp-content\/uploads\/2024\/05\/img-20240517-wa00331778647737058445813-768x512.jpg 768w, https:\/\/contextoanalisisperiodistico.com\/wp-content\/uploads\/2024\/05\/img-20240517-wa00331778647737058445813.jpg 890w\" sizes=\"(max-width: 300px) 100vw, 300px\" \/><\/figure>\n\n\n\n<figure class=\"wp-block-image\"><img loading=\"lazy\" decoding=\"async\" width=\"300\" height=\"164\" src=\"https:\/\/contextoanalisisperiodistico.com\/wp-content\/uploads\/2024\/05\/img-20240517-wa00328884866812622539040-300x164.jpg\" alt=\"\" class=\"wp-image-26769\" srcset=\"https:\/\/contextoanalisisperiodistico.com\/wp-content\/uploads\/2024\/05\/img-20240517-wa00328884866812622539040-300x164.jpg 300w, https:\/\/contextoanalisisperiodistico.com\/wp-content\/uploads\/2024\/05\/img-20240517-wa00328884866812622539040-768x420.jpg 768w, https:\/\/contextoanalisisperiodistico.com\/wp-content\/uploads\/2024\/05\/img-20240517-wa00328884866812622539040.jpg 889w\" sizes=\"(max-width: 300px) 100vw, 300px\" \/><\/figure>\n\n\n\n<p>Santiago Chazumba, Oax. 17 de mayo de 2024.- La agencia de Santo Domingo Tianguistengo perteneciente a esta municipalidad de la regi\u00f3n Mixteca, inici\u00f3 las celebraciones de la edici\u00f3n n\u00famero 50 de la Feria Regional de la Pitaya, en la que las y los asistentes disfrutar\u00e1n de muestras gastron\u00f3micas y productos derivados de este fruto, as\u00ed como actividades deportivas y culturales.<\/p>\n\n\n\n<p>Con la presencia del Gobernador Salom\u00f3n Jara Cruz, en este segundo d\u00eda de la Feria que comenz\u00f3 este 16 y durar\u00e1 hasta el 19 de mayo, se realiz\u00f3 el recibimiento de la Banda San Jos\u00e9, de San Jos\u00e9 Trujapam.<\/p>\n\n\n\n<p>Entre las actividades deportivas programadas, tuvo lugar un encuentro de basquetbol formativo nivel Telesecundaria y el juego de pelota prehisp\u00e1nica en la etapa eliminatoria.<\/p>\n\n\n\n<p>Como parte de las actividades culturales, se realiz\u00f3 la exposici\u00f3n pict\u00f3rica del artista mixteco Erasto Celis, la presentaci\u00f3n de los libros de \u201cAutores de la Comunidad e Invitados\u201d I y II parte, y se cont\u00f3 con la participaci\u00f3n art\u00edstica de la Casa de Cultura de Tlaxiaco.<\/p>\n\n\n\n<p>En el marco de estas celebraciones, para este s\u00e1bado 18 de mayo se realizar\u00e1 el emblem\u00e1tico Concurso de la Pitaya, a trav\u00e9s del cual participan las familias productoras de la zona. Adem\u00e1s, tendr\u00e1 lugar la Muestra de productos: Pitaya, Artesan\u00edas, Gastronom\u00eda y Pintura.<\/p>\n\n\n\n<p>En esta misma fecha se llevar\u00e1 a cabo la Calenda con la participaci\u00f3n de grupos art\u00edsticos e invitados especiales, encuentros deportivos y eventos culturales, as\u00ed como la presentaci\u00f3n de la Orquesta Primavera del Estado de Oaxaca y el Gran Baile de la Feria con Alex Rivera y su Banda.<\/p>\n\n\n\n<p>Para concluir, el domingo 19 la Marimba de Estado de Oaxaca har\u00e1 su presentaci\u00f3n en la Feria, se realizar\u00e1 el Segundo Festival Gastron\u00f3mico de la soberan\u00eda alimentaria y la carrera de caballo, con la participaci\u00f3n inaugural de \u201cEl Pitayo\u201d.<\/p>\n\n\n\n<p>-0-<\/p>\n\n\n\n<p><\/p>\n\n\n\n<p><\/p>\n","protected":false},"excerpt":{"rendered":"<p>\u2022 M\u00e1s de 20 actividades deportivas, culturales, gastron\u00f3micas y musicales enmarcan esta conmemoraci\u00f3n Santiago Chazumba,&#8230;<\/p>\n","protected":false},"author":4,"featured_media":26762,"comment_status":"","ping_status":"open","sticky":false,"template":"","format":"standard","meta":{"footnotes":""},"categories":[7],"tags":[],"jetpack_sharing_enabled":true,"featured_image_urls":{"full":["https:\/\/contextoanalisisperiodistico.com\/wp-content\/uploads\/2024\/05\/IMG-20240517-WA0034.jpg",890,593,false],"thumbnail":["https:\/\/contextoanalisisperiodistico.com\/wp-content\/uploads\/2024\/05\/IMG-20240517-WA0034-150x150.jpg",150,150,true],"medium":["https:\/\/contextoanalisisperiodistico.com\/wp-content\/uploads\/2024\/05\/IMG-20240517-WA0034-300x200.jpg",300,200,true],"medium_large":["https:\/\/contextoanalisisperiodistico.com\/wp-content\/uploads\/2024\/05\/IMG-20240517-WA0034-768x512.jpg",640,427,true],"large":["https:\/\/contextoanalisisperiodistico.com\/wp-content\/uploads\/2024\/05\/IMG-20240517-WA0034.jpg",640,426,false],"1536x1536":["https:\/\/contextoanalisisperiodistico.com\/wp-content\/uploads\/2024\/05\/IMG-20240517-WA0034.jpg",890,593,false],"2048x2048":["https:\/\/contextoanalisisperiodistico.com\/wp-content\/uploads\/2024\/05\/IMG-20240517-WA0034.jpg",890,593,false],"covernews-slider-full":["https:\/\/contextoanalisisperiodistico.com\/wp-content\/uploads\/2024\/05\/IMG-20240517-WA0034.jpg",890,593,false],"covernews-slider-center":["https:\/\/contextoanalisisperiodistico.com\/wp-content\/uploads\/2024\/05\/IMG-20240517-WA0034-800x500.jpg",800,500,true],"covernews-featured":["https:\/\/contextoanalisisperiodistico.com\/wp-content\/uploads\/2024\/05\/IMG-20240517-WA0034.jpg",890,593,false],"covernews-medium":["https:\/\/contextoanalisisperiodistico.com\/wp-content\/uploads\/2024\/05\/IMG-20240517-WA0034-540x340.jpg",540,340,true],"covernews-medium-square":["https:\/\/contextoanalisisperiodistico.com\/wp-content\/uploads\/2024\/05\/IMG-20240517-WA0034-400x250.jpg",400,250,true]},"author_info":{"display_name":"Mario Gir\u00f3n","author_link":"https:\/\/contextoanalisisperiodistico.com\/index.php\/author\/director\/"},"category_info":"<a href=\"https:\/\/contextoanalisisperiodistico.com\/index.php\/category\/municipios\/\" rel=\"category tag\">Municipios<\/a>","tag_info":"Municipios","comment_count":"0","jetpack_featured_media_url":"https:\/\/contextoanalisisperiodistico.com\/wp-content\/uploads\/2024\/05\/IMG-20240517-WA0034.jpg","_links":{"self":[{"href":"https:\/\/contextoanalisisperiodistico.com\/index.php\/wp-json\/wp\/v2\/posts\/26770"}],"collection":[{"href":"https:\/\/contextoanalisisperiodistico.com\/index.php\/wp-json\/wp\/v2\/posts"}],"about":[{"href":"https:\/\/contextoanalisisperiodistico.com\/index.php\/wp-json\/wp\/v2\/types\/post"}],"author":[{"embeddable":true,"href":"https:\/\/contextoanalisisperiodistico.com\/index.php\/wp-json\/wp\/v2\/users\/4"}],"replies":[{"embeddable":true,"href":"https:\/\/contextoanalisisperiodistico.com\/index.php\/wp-json\/wp\/v2\/comments?post=26770"}],"version-history":[{"count":0,"href":"https:\/\/contextoanalisisperiodistico.com\/index.php\/wp-json\/wp\/v2\/posts\/26770\/revisions"}],"wp:featuredmedia":[{"embeddable":true,"href":"https:\/\/contextoanalisisperiodistico.com\/index.php\/wp-json\/wp\/v2\/media\/26762"}],"wp:attachment":[{"href":"https:\/\/contextoanalisisperiodistico.com\/index.php\/wp-json\/wp\/v2\/media?parent=26770"}],"wp:term":[{"taxonomy":"category","embeddable":true,"href":"https:\/\/contextoanalisisperiodistico.com\/index.php\/wp-json\/wp\/v2\/categories?post=26770"},{"taxonomy":"post_tag","embeddable":true,"href":"https:\/\/contextoanalisisperiodistico.com\/index.php\/wp-json\/wp\/v2\/tags?post=26770"}],"curies":[{"name":"wp","href":"https:\/\/api.w.org\/{rel}","templated":true}]}}