{"id":26753,"date":"2024-05-17T13:49:23","date_gmt":"2024-05-17T19:49:23","guid":{"rendered":"https:\/\/contextoanalisisperiodistico.com\/index.php\/2024\/05\/17\/preparan-a-profesionistas-para-atender-a-mujeres-violentadas\/"},"modified":"2024-05-17T13:49:23","modified_gmt":"2024-05-17T19:49:23","slug":"preparan-a-profesionistas-para-atender-a-mujeres-violentadas","status":"publish","type":"post","link":"https:\/\/contextoanalisisperiodistico.com\/index.php\/2024\/05\/17\/preparan-a-profesionistas-para-atender-a-mujeres-violentadas\/","title":{"rendered":"Preparan a profesionistas para atender a mujeres violentadas"},"content":{"rendered":"<div id=\"fb-root\"><\/div>\n\n<ul>\n<li>Personal del Ceati Mujeres estudi\u00f3 los distintos criterios de inclusi\u00f3n para la orientaci\u00f3n legal que se brinda a oaxaque\u00f1as<\/li>\n<\/ul>\n\n\n\n<figure class=\"wp-block-image size-large\"><img fetchpriority=\"high\" decoding=\"async\" width=\"790\" height=\"440\" src=\"https:\/\/contextoanalisisperiodistico.com\/wp-content\/uploads\/2024\/05\/img-20240517-wa00205928093069968611148.jpg\" alt=\"\" class=\"wp-image-26752\" srcset=\"https:\/\/contextoanalisisperiodistico.com\/wp-content\/uploads\/2024\/05\/img-20240517-wa00205928093069968611148.jpg 790w, https:\/\/contextoanalisisperiodistico.com\/wp-content\/uploads\/2024\/05\/img-20240517-wa00205928093069968611148-300x167.jpg 300w, https:\/\/contextoanalisisperiodistico.com\/wp-content\/uploads\/2024\/05\/img-20240517-wa00205928093069968611148-768x428.jpg 768w\" sizes=\"(max-width: 790px) 100vw, 790px\" \/><\/figure>\n\n\n\n<figure class=\"wp-block-image\"><img decoding=\"async\" width=\"300\" height=\"200\" src=\"https:\/\/contextoanalisisperiodistico.com\/wp-content\/uploads\/2024\/05\/img-20240517-wa00226956403703040584123-300x200.jpg\" alt=\"\" class=\"wp-image-26751\" srcset=\"https:\/\/contextoanalisisperiodistico.com\/wp-content\/uploads\/2024\/05\/img-20240517-wa00226956403703040584123-300x200.jpg 300w, https:\/\/contextoanalisisperiodistico.com\/wp-content\/uploads\/2024\/05\/img-20240517-wa00226956403703040584123-768x511.jpg 768w, https:\/\/contextoanalisisperiodistico.com\/wp-content\/uploads\/2024\/05\/img-20240517-wa00226956403703040584123.jpg 790w\" sizes=\"(max-width: 300px) 100vw, 300px\" \/><\/figure>\n\n\n\n<p>Oaxaca de Ju\u00e1rez, Oax. 17 de mayo de 2024.- Para ofrecer servicios de calidad a las usuarias en el Centro Estatal de Atenci\u00f3n Integral a las Mujeres en Situaci\u00f3n de Violencia de G\u00e9nero (Ceati Mujeres), profesionistas en derecho y psicolog\u00eda que integran este espacio participaron en un proceso de capacitaci\u00f3n.<\/p>\n\n\n\n<p>En continuaci\u00f3n al proceso formativo permanente con enfoque de g\u00e9nero y de derechos humanos, las asistentes revisaron los distintos criterios de inclusi\u00f3n para la orientaci\u00f3n legal, y la integraci\u00f3n de los informes mensuales que exige el Banco Nacional de Datos e Informaci\u00f3n sobre Casos de Violencia contra las Mujeres (Banavim).<\/p>\n\n\n\n<p>Durante la jornada de ense\u00f1anza realizada en el marco del Programa de Apoyo a Instancias de Mujeres de las Entidades Federativas (PAIMEF) coordinado por la Secretar\u00eda de las Mujeres (SM) y ante el personal de las diferentes Unidades del Ceati Mujeres, se reconoci\u00f3 a las profesionistas comprometidas con esta labor.<\/p>\n\n\n\n<p>Mediante un equipo interdisciplinario que brinda atenci\u00f3n ante cualquier caso de crimen contra las mujeres en los diferentes tipos y modalidades que marca la ley, el Ceati es una instancia abierta y puesta a disposici\u00f3n total de las oaxaque\u00f1as.<\/p>\n\n\n\n<p>Adem\u00e1s, apoya a fortalecer la atenci\u00f3n a mujeres en situaci\u00f3n de intimidaci\u00f3n con servicios de orientaci\u00f3n y en materia de trabajo social, psicol\u00f3gico, jur\u00eddico y para su empoderamiento.<\/p>\n\n\n\n<p>-0-<\/p>\n","protected":false},"excerpt":{"rendered":"<p>Oaxaca de Ju\u00e1rez, Oax. 17 de mayo de 2024.- Para ofrecer servicios de calidad a&#8230;<\/p>\n","protected":false},"author":4,"featured_media":26750,"comment_status":"","ping_status":"open","sticky":false,"template":"","format":"standard","meta":{"footnotes":""},"categories":[3],"tags":[],"jetpack_sharing_enabled":true,"featured_image_urls":{"full":["https:\/\/contextoanalisisperiodistico.com\/wp-content\/uploads\/2024\/05\/IMG-20240517-WA0021.jpg",790,525,false],"thumbnail":["https:\/\/contextoanalisisperiodistico.com\/wp-content\/uploads\/2024\/05\/IMG-20240517-WA0021-150x150.jpg",150,150,true],"medium":["https:\/\/contextoanalisisperiodistico.com\/wp-content\/uploads\/2024\/05\/IMG-20240517-WA0021-300x199.jpg",300,199,true],"medium_large":["https:\/\/contextoanalisisperiodistico.com\/wp-content\/uploads\/2024\/05\/IMG-20240517-WA0021-768x510.jpg",640,425,true],"large":["https:\/\/contextoanalisisperiodistico.com\/wp-content\/uploads\/2024\/05\/IMG-20240517-WA0021.jpg",640,425,false],"1536x1536":["https:\/\/contextoanalisisperiodistico.com\/wp-content\/uploads\/2024\/05\/IMG-20240517-WA0021.jpg",790,525,false],"2048x2048":["https:\/\/contextoanalisisperiodistico.com\/wp-content\/uploads\/2024\/05\/IMG-20240517-WA0021.jpg",790,525,false],"covernews-slider-full":["https:\/\/contextoanalisisperiodistico.com\/wp-content\/uploads\/2024\/05\/IMG-20240517-WA0021.jpg",790,525,false],"covernews-slider-center":["https:\/\/contextoanalisisperiodistico.com\/wp-content\/uploads\/2024\/05\/IMG-20240517-WA0021-790x500.jpg",790,500,true],"covernews-featured":["https:\/\/contextoanalisisperiodistico.com\/wp-content\/uploads\/2024\/05\/IMG-20240517-WA0021.jpg",790,525,false],"covernews-medium":["https:\/\/contextoanalisisperiodistico.com\/wp-content\/uploads\/2024\/05\/IMG-20240517-WA0021-540x340.jpg",540,340,true],"covernews-medium-square":["https:\/\/contextoanalisisperiodistico.com\/wp-content\/uploads\/2024\/05\/IMG-20240517-WA0021-400x250.jpg",400,250,true]},"author_info":{"display_name":"Mario Gir\u00f3n","author_link":"https:\/\/contextoanalisisperiodistico.com\/index.php\/author\/director\/"},"category_info":"<a href=\"https:\/\/contextoanalisisperiodistico.com\/index.php\/category\/ciudad\/\" rel=\"category tag\">Ciudad<\/a>","tag_info":"Ciudad","comment_count":"0","jetpack_featured_media_url":"https:\/\/contextoanalisisperiodistico.com\/wp-content\/uploads\/2024\/05\/IMG-20240517-WA0021.jpg","_links":{"self":[{"href":"https:\/\/contextoanalisisperiodistico.com\/index.php\/wp-json\/wp\/v2\/posts\/26753"}],"collection":[{"href":"https:\/\/contextoanalisisperiodistico.com\/index.php\/wp-json\/wp\/v2\/posts"}],"about":[{"href":"https:\/\/contextoanalisisperiodistico.com\/index.php\/wp-json\/wp\/v2\/types\/post"}],"author":[{"embeddable":true,"href":"https:\/\/contextoanalisisperiodistico.com\/index.php\/wp-json\/wp\/v2\/users\/4"}],"replies":[{"embeddable":true,"href":"https:\/\/contextoanalisisperiodistico.com\/index.php\/wp-json\/wp\/v2\/comments?post=26753"}],"version-history":[{"count":0,"href":"https:\/\/contextoanalisisperiodistico.com\/index.php\/wp-json\/wp\/v2\/posts\/26753\/revisions"}],"wp:featuredmedia":[{"embeddable":true,"href":"https:\/\/contextoanalisisperiodistico.com\/index.php\/wp-json\/wp\/v2\/media\/26750"}],"wp:attachment":[{"href":"https:\/\/contextoanalisisperiodistico.com\/index.php\/wp-json\/wp\/v2\/media?parent=26753"}],"wp:term":[{"taxonomy":"category","embeddable":true,"href":"https:\/\/contextoanalisisperiodistico.com\/index.php\/wp-json\/wp\/v2\/categories?post=26753"},{"taxonomy":"post_tag","embeddable":true,"href":"https:\/\/contextoanalisisperiodistico.com\/index.php\/wp-json\/wp\/v2\/tags?post=26753"}],"curies":[{"name":"wp","href":"https:\/\/api.w.org\/{rel}","templated":true}]}}