{"id":26749,"date":"2024-05-17T12:19:44","date_gmt":"2024-05-17T18:19:44","guid":{"rendered":"https:\/\/contextoanalisisperiodistico.com\/index.php\/2024\/05\/17\/promueven-la-lectura-a-las-infancias-oaxaquenas-en-el-cendi-01\/"},"modified":"2024-05-17T12:19:44","modified_gmt":"2024-05-17T18:19:44","slug":"promueven-la-lectura-a-las-infancias-oaxaquenas-en-el-cendi-01","status":"publish","type":"post","link":"https:\/\/contextoanalisisperiodistico.com\/index.php\/2024\/05\/17\/promueven-la-lectura-a-las-infancias-oaxaquenas-en-el-cendi-01\/","title":{"rendered":"Promueven la lectura a las infancias oaxaque\u00f1as en el Cendi 01"},"content":{"rendered":"<div id=\"fb-root\"><\/div>\n\n<p>\u25cf Por medio de actividades recreativas y literarias, las ni\u00f1as y ni\u00f1os asistentes comprendieron el mensaje de enfrentar los miedos<\/p>\n\n\n\n<p><br>Oaxaca de Ju\u00e1rez Oax. 17 de mayo de 2024.- Con el fin de fomentar y promover el h\u00e1bito de la lectura en la ni\u00f1ez oaxaque\u00f1a, m\u00e1s de un centenar de alumnas y alumnos del Centro de Desarrollo Infantil (Cendi) 01 Guadalupe Hinojosa, escucharon y compartieron la lectura \u201cEl Libro Que Ten\u00eda Miedo\u201d, de Devon Sillett.<\/p>\n\n\n\n<figure class=\"wp-block-image size-large\"><img fetchpriority=\"high\" decoding=\"async\" width=\"1024\" height=\"576\" src=\"https:\/\/contextoanalisisperiodistico.com\/wp-content\/uploads\/2024\/05\/img-20240517-wa0017949587250036923768-1024x576.jpg\" alt=\"\" class=\"wp-image-26747\" srcset=\"https:\/\/contextoanalisisperiodistico.com\/wp-content\/uploads\/2024\/05\/img-20240517-wa0017949587250036923768-1024x576.jpg 1024w, https:\/\/contextoanalisisperiodistico.com\/wp-content\/uploads\/2024\/05\/img-20240517-wa0017949587250036923768-300x169.jpg 300w, https:\/\/contextoanalisisperiodistico.com\/wp-content\/uploads\/2024\/05\/img-20240517-wa0017949587250036923768-768x432.jpg 768w, https:\/\/contextoanalisisperiodistico.com\/wp-content\/uploads\/2024\/05\/img-20240517-wa0017949587250036923768-1536x864.jpg 1536w, https:\/\/contextoanalisisperiodistico.com\/wp-content\/uploads\/2024\/05\/img-20240517-wa0017949587250036923768.jpg 1590w\" sizes=\"(max-width: 1024px) 100vw, 1024px\" \/><\/figure>\n\n\n\n<figure class=\"wp-block-image\"><img decoding=\"async\" width=\"1024\" height=\"576\" src=\"https:\/\/contextoanalisisperiodistico.com\/wp-content\/uploads\/2024\/05\/img-20240517-wa0016807547316937886085-1024x576.jpg\" alt=\"\" class=\"wp-image-26746\" srcset=\"https:\/\/contextoanalisisperiodistico.com\/wp-content\/uploads\/2024\/05\/img-20240517-wa0016807547316937886085-1024x576.jpg 1024w, https:\/\/contextoanalisisperiodistico.com\/wp-content\/uploads\/2024\/05\/img-20240517-wa0016807547316937886085-300x169.jpg 300w, https:\/\/contextoanalisisperiodistico.com\/wp-content\/uploads\/2024\/05\/img-20240517-wa0016807547316937886085-768x432.jpg 768w, https:\/\/contextoanalisisperiodistico.com\/wp-content\/uploads\/2024\/05\/img-20240517-wa0016807547316937886085-1536x864.jpg 1536w, https:\/\/contextoanalisisperiodistico.com\/wp-content\/uploads\/2024\/05\/img-20240517-wa0016807547316937886085.jpg 1553w\" sizes=\"(max-width: 1024px) 100vw, 1024px\" \/><\/figure>\n\n\n\n<figure class=\"wp-block-image\"><img decoding=\"async\" width=\"1024\" height=\"576\" src=\"https:\/\/contextoanalisisperiodistico.com\/wp-content\/uploads\/2024\/05\/img-20240517-wa00184782845003737734053-1024x576.jpg\" alt=\"\" class=\"wp-image-26748\" srcset=\"https:\/\/contextoanalisisperiodistico.com\/wp-content\/uploads\/2024\/05\/img-20240517-wa00184782845003737734053-1024x576.jpg 1024w, https:\/\/contextoanalisisperiodistico.com\/wp-content\/uploads\/2024\/05\/img-20240517-wa00184782845003737734053-300x169.jpg 300w, https:\/\/contextoanalisisperiodistico.com\/wp-content\/uploads\/2024\/05\/img-20240517-wa00184782845003737734053-768x432.jpg 768w, https:\/\/contextoanalisisperiodistico.com\/wp-content\/uploads\/2024\/05\/img-20240517-wa00184782845003737734053-1536x864.jpg 1536w, https:\/\/contextoanalisisperiodistico.com\/wp-content\/uploads\/2024\/05\/img-20240517-wa00184782845003737734053.jpg 1600w\" sizes=\"(max-width: 1024px) 100vw, 1024px\" \/><\/figure>\n\n\n\n<p>\u201c\u00a1Ser valiente no siempre es f\u00e1cil!\u201d, menciona el autor en el libro, pues a trav\u00e9s de esta lectura, se le transmiti\u00f3 a la ni\u00f1ez el mensaje de enfrentar sus miedos para poder vivir nuevas aventuras.<\/p>\n\n\n\n<p>Adem\u00e1s, se llevaron a cabo actividades de canto y baile. De igual manera, pudieron compartir lo que aprendieron durante estas actividades.<\/p>\n\n\n\n<p>Estas din\u00e1micas que fomentan la lectura en la ni\u00f1ez y juventudes, son realizadas constantemente por la Secretar\u00eda de Administraci\u00f3n (SA) a trav\u00e9s de la Unidad de Desarrollo Profesional, para compartir con las infancias lo divertida que puede ser la experiencia de leer un libro.<\/p>\n\n\n\n<p>Para finalizar, se hizo \u00e9nfasis en la importancia que existe en practicar el h\u00e1bito de la lectura desde temprana edad, para adquirir nuevos conocimientos, mejorar la comprensi\u00f3n lectora y generar momentos de convivencia familiar.<\/p>\n\n\n\n<p>-0-<\/p>\n","protected":false},"excerpt":{"rendered":"<p>\u25cf Por medio de actividades recreativas y literarias, las ni\u00f1as y ni\u00f1os asistentes comprendieron el&#8230;<\/p>\n","protected":false},"author":4,"featured_media":26745,"comment_status":"","ping_status":"open","sticky":false,"template":"","format":"standard","meta":{"footnotes":""},"categories":[91],"tags":[],"jetpack_sharing_enabled":true,"featured_image_urls":{"full":["https:\/\/contextoanalisisperiodistico.com\/wp-content\/uploads\/2024\/05\/IMG-20240517-WA0019.jpg",1547,871,false],"thumbnail":["https:\/\/contextoanalisisperiodistico.com\/wp-content\/uploads\/2024\/05\/IMG-20240517-WA0019-150x150.jpg",150,150,true],"medium":["https:\/\/contextoanalisisperiodistico.com\/wp-content\/uploads\/2024\/05\/IMG-20240517-WA0019-300x169.jpg",300,169,true],"medium_large":["https:\/\/contextoanalisisperiodistico.com\/wp-content\/uploads\/2024\/05\/IMG-20240517-WA0019-768x432.jpg",640,360,true],"large":["https:\/\/contextoanalisisperiodistico.com\/wp-content\/uploads\/2024\/05\/IMG-20240517-WA0019-1024x577.jpg",640,361,true],"1536x1536":["https:\/\/contextoanalisisperiodistico.com\/wp-content\/uploads\/2024\/05\/IMG-20240517-WA0019-1536x865.jpg",1536,865,true],"2048x2048":["https:\/\/contextoanalisisperiodistico.com\/wp-content\/uploads\/2024\/05\/IMG-20240517-WA0019.jpg",1547,871,false],"covernews-slider-full":["https:\/\/contextoanalisisperiodistico.com\/wp-content\/uploads\/2024\/05\/IMG-20240517-WA0019-1115x715.jpg",1115,715,true],"covernews-slider-center":["https:\/\/contextoanalisisperiodistico.com\/wp-content\/uploads\/2024\/05\/IMG-20240517-WA0019-800x500.jpg",800,500,true],"covernews-featured":["https:\/\/contextoanalisisperiodistico.com\/wp-content\/uploads\/2024\/05\/IMG-20240517-WA0019-1024x577.jpg",1024,577,true],"covernews-medium":["https:\/\/contextoanalisisperiodistico.com\/wp-content\/uploads\/2024\/05\/IMG-20240517-WA0019-540x340.jpg",540,340,true],"covernews-medium-square":["https:\/\/contextoanalisisperiodistico.com\/wp-content\/uploads\/2024\/05\/IMG-20240517-WA0019-400x250.jpg",400,250,true]},"author_info":{"display_name":"Mario Gir\u00f3n","author_link":"https:\/\/contextoanalisisperiodistico.com\/index.php\/author\/director\/"},"category_info":"<a href=\"https:\/\/contextoanalisisperiodistico.com\/index.php\/category\/educacion\/\" rel=\"category tag\">Educaci\u00f3n<\/a>","tag_info":"Educaci\u00f3n","comment_count":"0","jetpack_featured_media_url":"https:\/\/contextoanalisisperiodistico.com\/wp-content\/uploads\/2024\/05\/IMG-20240517-WA0019.jpg","_links":{"self":[{"href":"https:\/\/contextoanalisisperiodistico.com\/index.php\/wp-json\/wp\/v2\/posts\/26749"}],"collection":[{"href":"https:\/\/contextoanalisisperiodistico.com\/index.php\/wp-json\/wp\/v2\/posts"}],"about":[{"href":"https:\/\/contextoanalisisperiodistico.com\/index.php\/wp-json\/wp\/v2\/types\/post"}],"author":[{"embeddable":true,"href":"https:\/\/contextoanalisisperiodistico.com\/index.php\/wp-json\/wp\/v2\/users\/4"}],"replies":[{"embeddable":true,"href":"https:\/\/contextoanalisisperiodistico.com\/index.php\/wp-json\/wp\/v2\/comments?post=26749"}],"version-history":[{"count":0,"href":"https:\/\/contextoanalisisperiodistico.com\/index.php\/wp-json\/wp\/v2\/posts\/26749\/revisions"}],"wp:featuredmedia":[{"embeddable":true,"href":"https:\/\/contextoanalisisperiodistico.com\/index.php\/wp-json\/wp\/v2\/media\/26745"}],"wp:attachment":[{"href":"https:\/\/contextoanalisisperiodistico.com\/index.php\/wp-json\/wp\/v2\/media?parent=26749"}],"wp:term":[{"taxonomy":"category","embeddable":true,"href":"https:\/\/contextoanalisisperiodistico.com\/index.php\/wp-json\/wp\/v2\/categories?post=26749"},{"taxonomy":"post_tag","embeddable":true,"href":"https:\/\/contextoanalisisperiodistico.com\/index.php\/wp-json\/wp\/v2\/tags?post=26749"}],"curies":[{"name":"wp","href":"https:\/\/api.w.org\/{rel}","templated":true}]}}