{"id":26731,"date":"2024-05-16T20:45:57","date_gmt":"2024-05-17T02:45:57","guid":{"rendered":"https:\/\/contextoanalisisperiodistico.com\/index.php\/2024\/05\/16\/actualizan-a-personal-de-salud-para-urgencias-por-intoxicacion-de-agroquimicos\/"},"modified":"2024-05-16T20:45:57","modified_gmt":"2024-05-17T02:45:57","slug":"actualizan-a-personal-de-salud-para-urgencias-por-intoxicacion-de-agroquimicos","status":"publish","type":"post","link":"https:\/\/contextoanalisisperiodistico.com\/index.php\/2024\/05\/16\/actualizan-a-personal-de-salud-para-urgencias-por-intoxicacion-de-agroquimicos\/","title":{"rendered":"Actualizan a personal de salud para urgencias por intoxicaci\u00f3n de agroqu\u00edmicos"},"content":{"rendered":"<div id=\"fb-root\"><\/div>\n\n<p>\u2022 Se busca contar con personal capacitado en el diagn\u00f3stico y tratamiento oportuno de los s\u00edntomas<\/p>\n\n\n\n<p>\u2022 Hasta la semana epidemiol\u00f3gica n\u00famero 17, Oaxaca registra 16 casos de intoxicaci\u00f3n por plaguicidas<\/p>\n\n\n\n<p>Oaxaca de Ju\u00e1rez, Oax. 16 de mayo de 2024.- Los Servicios de Salud de Oaxaca (SSO) a trav\u00e9s de la Jurisdicci\u00f3n Sanitaria n\u00famero 1 Valles Centrales y en coordinaci\u00f3n con la Asociaci\u00f3n Protecci\u00f3n de Cultivos, Ciencia y Tecnolog\u00eda (Proccyt), realiza el curso Diagn\u00f3stico y tratamiento en caso de exposici\u00f3n a insumos fitosanitarios.<\/p>\n\n\n\n<p>La capacitaci\u00f3n dirigida a personal m\u00e9dico y de enfermer\u00eda de los centros de salud de esta demarcaci\u00f3n, tiene el objetivo de actualizar a las y los profesionales sanitarios sobre la identificaci\u00f3n de signos y s\u00edntomas por intoxicaci\u00f3n de agroqu\u00edmicos o plaguicidas, a fin de disminuir riesgos y brindar a la poblaci\u00f3n una atenci\u00f3n de calidad.<\/p>\n\n\n\n<p>Durante la inauguraci\u00f3n efectuada en el aula de multimedios de la Facultad de Ciencias Qu\u00edmicas de la Universidad Aut\u00f3noma Benito Ju\u00e1rez de Oaxaca (UABJO),<br \/>se analizaron diferentes tipos de productos qu\u00edmicos comercializados, su uso correcto en el desarrollo de esta actividad, su sintomatolog\u00eda al contacto con el ser humano y el manejo adecuado al tipo de exposici\u00f3n.<\/p>\n\n\n\n<p>Cabe destacar que la actividad agr\u00edcola es en la que se presenta el mayor n\u00famero de intoxicaciones debido a descuidos o falta de protecci\u00f3n, lo cual se traduce en da\u00f1os graves a la salud humana, ambiente y entorno.<\/p>\n\n\n\n<p>Por ello, a trav\u00e9s de la Direcci\u00f3n de Regulaci\u00f3n y Fomento Sanitario, se aplica la Norma Oficial Mexicana (NOM 256) que establece las condiciones sanitarias que deben cumplir los establecimientos y personal dedicado a los servicios urbanos de control de plagas mediante plaguicidas.<\/p>\n\n\n\n<p>De acuerdo con el Sistema Nacional de Vigilancia Epidemiol\u00f3gica de nivel federal, a la semana n\u00famero 17 del 2024, en Oaxaca se han registrado 16 casos de intoxicaci\u00f3n por plaguicidas.<\/p>\n\n\n\n<p>Este curso estuvo a cargo de la coordinadora del servicio de informaci\u00f3n toxicol\u00f3gica de Proccyt, Nayely Elizabeth Medina Mart\u00ednez. El viernes 17 se impartir\u00e1 la capacitaci\u00f3n Buen uso y manejo de agroqu\u00edmicos BUMA, dirigido al personal de Vectores, aplicador, agricultor e ingeniero agr\u00f3nomo, por la coordinadora CuidAgro, Bibiana Rodr\u00edguez Beltr\u00e1n.<br \/>-0-<\/p>\n\n\n\n<figure class=\"wp-block-image size-large\"><img fetchpriority=\"high\" decoding=\"async\" width=\"1024\" height=\"576\" src=\"https:\/\/contextoanalisisperiodistico.com\/wp-content\/uploads\/2024\/05\/img-20240516-wa00391653178621416422798-1024x576.jpg\" alt=\"\" class=\"wp-image-26729\" srcset=\"https:\/\/contextoanalisisperiodistico.com\/wp-content\/uploads\/2024\/05\/img-20240516-wa00391653178621416422798-1024x576.jpg 1024w, https:\/\/contextoanalisisperiodistico.com\/wp-content\/uploads\/2024\/05\/img-20240516-wa00391653178621416422798-300x169.jpg 300w, https:\/\/contextoanalisisperiodistico.com\/wp-content\/uploads\/2024\/05\/img-20240516-wa00391653178621416422798-768x432.jpg 768w, https:\/\/contextoanalisisperiodistico.com\/wp-content\/uploads\/2024\/05\/img-20240516-wa00391653178621416422798-1536x864.jpg 1536w, https:\/\/contextoanalisisperiodistico.com\/wp-content\/uploads\/2024\/05\/img-20240516-wa00391653178621416422798.jpg 1600w\" sizes=\"(max-width: 1024px) 100vw, 1024px\" \/><\/figure>\n\n\n\n<figure class=\"wp-block-image\"><img decoding=\"async\" width=\"1024\" height=\"576\" src=\"https:\/\/contextoanalisisperiodistico.com\/wp-content\/uploads\/2024\/05\/img-20240516-wa0041363671668646059612-1024x576.jpg\" alt=\"\" class=\"wp-image-26730\" srcset=\"https:\/\/contextoanalisisperiodistico.com\/wp-content\/uploads\/2024\/05\/img-20240516-wa0041363671668646059612-1024x576.jpg 1024w, https:\/\/contextoanalisisperiodistico.com\/wp-content\/uploads\/2024\/05\/img-20240516-wa0041363671668646059612-300x169.jpg 300w, https:\/\/contextoanalisisperiodistico.com\/wp-content\/uploads\/2024\/05\/img-20240516-wa0041363671668646059612-768x432.jpg 768w, https:\/\/contextoanalisisperiodistico.com\/wp-content\/uploads\/2024\/05\/img-20240516-wa0041363671668646059612-1536x864.jpg 1536w, https:\/\/contextoanalisisperiodistico.com\/wp-content\/uploads\/2024\/05\/img-20240516-wa0041363671668646059612.jpg 1600w\" sizes=\"(max-width: 1024px) 100vw, 1024px\" \/><\/figure>\n","protected":false},"excerpt":{"rendered":"<p>\u2022 Se busca contar con personal capacitado en el diagn\u00f3stico y tratamiento oportuno de los&#8230;<\/p>\n","protected":false},"author":4,"featured_media":26728,"comment_status":"","ping_status":"open","sticky":false,"template":"","format":"standard","meta":{"footnotes":""},"categories":[92],"tags":[],"jetpack_sharing_enabled":true,"featured_image_urls":{"full":["https:\/\/contextoanalisisperiodistico.com\/wp-content\/uploads\/2024\/05\/IMG-20240516-WA0040.jpg",1600,900,false],"thumbnail":["https:\/\/contextoanalisisperiodistico.com\/wp-content\/uploads\/2024\/05\/IMG-20240516-WA0040-150x150.jpg",150,150,true],"medium":["https:\/\/contextoanalisisperiodistico.com\/wp-content\/uploads\/2024\/05\/IMG-20240516-WA0040-300x169.jpg",300,169,true],"medium_large":["https:\/\/contextoanalisisperiodistico.com\/wp-content\/uploads\/2024\/05\/IMG-20240516-WA0040-768x432.jpg",640,360,true],"large":["https:\/\/contextoanalisisperiodistico.com\/wp-content\/uploads\/2024\/05\/IMG-20240516-WA0040-1024x576.jpg",640,360,true],"1536x1536":["https:\/\/contextoanalisisperiodistico.com\/wp-content\/uploads\/2024\/05\/IMG-20240516-WA0040-1536x864.jpg",1536,864,true],"2048x2048":["https:\/\/contextoanalisisperiodistico.com\/wp-content\/uploads\/2024\/05\/IMG-20240516-WA0040.jpg",1600,900,false],"covernews-slider-full":["https:\/\/contextoanalisisperiodistico.com\/wp-content\/uploads\/2024\/05\/IMG-20240516-WA0040-1115x715.jpg",1115,715,true],"covernews-slider-center":["https:\/\/contextoanalisisperiodistico.com\/wp-content\/uploads\/2024\/05\/IMG-20240516-WA0040-800x500.jpg",800,500,true],"covernews-featured":["https:\/\/contextoanalisisperiodistico.com\/wp-content\/uploads\/2024\/05\/IMG-20240516-WA0040-1024x576.jpg",1024,576,true],"covernews-medium":["https:\/\/contextoanalisisperiodistico.com\/wp-content\/uploads\/2024\/05\/IMG-20240516-WA0040-540x340.jpg",540,340,true],"covernews-medium-square":["https:\/\/contextoanalisisperiodistico.com\/wp-content\/uploads\/2024\/05\/IMG-20240516-WA0040-400x250.jpg",400,250,true]},"author_info":{"display_name":"Mario Gir\u00f3n","author_link":"https:\/\/contextoanalisisperiodistico.com\/index.php\/author\/director\/"},"category_info":"<a href=\"https:\/\/contextoanalisisperiodistico.com\/index.php\/category\/salud\/\" rel=\"category tag\">Salud<\/a>","tag_info":"Salud","comment_count":"0","jetpack_featured_media_url":"https:\/\/contextoanalisisperiodistico.com\/wp-content\/uploads\/2024\/05\/IMG-20240516-WA0040.jpg","_links":{"self":[{"href":"https:\/\/contextoanalisisperiodistico.com\/index.php\/wp-json\/wp\/v2\/posts\/26731"}],"collection":[{"href":"https:\/\/contextoanalisisperiodistico.com\/index.php\/wp-json\/wp\/v2\/posts"}],"about":[{"href":"https:\/\/contextoanalisisperiodistico.com\/index.php\/wp-json\/wp\/v2\/types\/post"}],"author":[{"embeddable":true,"href":"https:\/\/contextoanalisisperiodistico.com\/index.php\/wp-json\/wp\/v2\/users\/4"}],"replies":[{"embeddable":true,"href":"https:\/\/contextoanalisisperiodistico.com\/index.php\/wp-json\/wp\/v2\/comments?post=26731"}],"version-history":[{"count":0,"href":"https:\/\/contextoanalisisperiodistico.com\/index.php\/wp-json\/wp\/v2\/posts\/26731\/revisions"}],"wp:featuredmedia":[{"embeddable":true,"href":"https:\/\/contextoanalisisperiodistico.com\/index.php\/wp-json\/wp\/v2\/media\/26728"}],"wp:attachment":[{"href":"https:\/\/contextoanalisisperiodistico.com\/index.php\/wp-json\/wp\/v2\/media?parent=26731"}],"wp:term":[{"taxonomy":"category","embeddable":true,"href":"https:\/\/contextoanalisisperiodistico.com\/index.php\/wp-json\/wp\/v2\/categories?post=26731"},{"taxonomy":"post_tag","embeddable":true,"href":"https:\/\/contextoanalisisperiodistico.com\/index.php\/wp-json\/wp\/v2\/tags?post=26731"}],"curies":[{"name":"wp","href":"https:\/\/api.w.org\/{rel}","templated":true}]}}