{"id":26727,"date":"2024-05-16T18:39:08","date_gmt":"2024-05-17T00:39:08","guid":{"rendered":"https:\/\/contextoanalisisperiodistico.com\/index.php\/2024\/05\/16\/toman-protesta-a-rectores-de-universidades-en-oaxaca\/"},"modified":"2024-05-16T18:39:08","modified_gmt":"2024-05-17T00:39:08","slug":"toman-protesta-a-rectores-de-universidades-en-oaxaca","status":"publish","type":"post","link":"https:\/\/contextoanalisisperiodistico.com\/index.php\/2024\/05\/16\/toman-protesta-a-rectores-de-universidades-en-oaxaca\/","title":{"rendered":"Toman protesta a rectores de universidades en Oaxaca"},"content":{"rendered":"<div id=\"fb-root\"><\/div>\n\n<p>Oaxaca de Ju\u00e1rez, Oax. 16 de mayo de 2024.- La titular de la Secretar\u00eda de Educaci\u00f3n P\u00fablica de Oaxaca (SEP), Delfina Guzm\u00e1n D\u00edaz realiz\u00f3 de manera oficial la toma de protesta de Heladio Reyes Cruz y Armando Fuentes Mart\u00ednez como rectores de la Afrouniversidad Polit\u00e9cnica Intercultural y la Universidad Polit\u00e9cnica y Tecnol\u00f3gica del Istmo de Tehuantepec, respectivamente.<\/p>\n\n\n\n<p>Heladio Reyes Cruz l\u00edder comunitario e impulsor del movimiento por el reconocimiento constitucional del pueblo negro, se desempe\u00f1ar\u00e1 en la Afrouniversidad Polit\u00e9cnica Intercultural. Es ingeniero Agr\u00f3nomo por la Universidad Aut\u00f3noma de Chapingo con especialidad en Agronom\u00eda y Soberan\u00eda Alimentaria por el Consejo Nacional de Humanidades, Ciencias y Tecnolog\u00edas (Conahcyt).<\/p>\n\n\n\n<p>En tanto, Armando Fuentes Mart\u00ednez quien estar\u00e1 a cargo de la Universidad Polit\u00e9cnica y Tecnol\u00f3gica del Istmo de Tehuantepec, es licenciado en Gesti\u00f3n Educativa por la Universidad Pedag\u00f3gica Nacional (UPN), maestro en Educaci\u00f3n por el Instituto de Estudios Superiores del Istmo de Tehuantepec y doctorante en Educaci\u00f3n por el mismo instituto.<\/p>\n\n\n\n<p>La titular de la Secretar\u00eda de Educaci\u00f3n exhort\u00f3 a los rectores de estas instituciones de nueva creaci\u00f3n a servir a toda la comunidad universitaria con la visi\u00f3n de honestidad y compromiso para formar profesionistas productivos.<\/p>\n\n\n\n<p>-0-<\/p>\n","protected":false},"excerpt":{"rendered":"<p>Oaxaca de Ju\u00e1rez, Oax. 16 de mayo de 2024.- La titular de la Secretar\u00eda de&#8230;<\/p>\n","protected":false},"author":4,"featured_media":26726,"comment_status":"","ping_status":"open","sticky":false,"template":"","format":"standard","meta":{"footnotes":""},"categories":[91],"tags":[],"jetpack_sharing_enabled":true,"featured_image_urls":{"full":["https:\/\/contextoanalisisperiodistico.com\/wp-content\/uploads\/2024\/05\/IMG-20240516-WA0029.jpg",1599,1066,false],"thumbnail":["https:\/\/contextoanalisisperiodistico.com\/wp-content\/uploads\/2024\/05\/IMG-20240516-WA0029-150x150.jpg",150,150,true],"medium":["https:\/\/contextoanalisisperiodistico.com\/wp-content\/uploads\/2024\/05\/IMG-20240516-WA0029-300x200.jpg",300,200,true],"medium_large":["https:\/\/contextoanalisisperiodistico.com\/wp-content\/uploads\/2024\/05\/IMG-20240516-WA0029-768x512.jpg",640,427,true],"large":["https:\/\/contextoanalisisperiodistico.com\/wp-content\/uploads\/2024\/05\/IMG-20240516-WA0029-1024x683.jpg",640,427,true],"1536x1536":["https:\/\/contextoanalisisperiodistico.com\/wp-content\/uploads\/2024\/05\/IMG-20240516-WA0029-1536x1024.jpg",1536,1024,true],"2048x2048":["https:\/\/contextoanalisisperiodistico.com\/wp-content\/uploads\/2024\/05\/IMG-20240516-WA0029.jpg",1599,1066,false],"covernews-slider-full":["https:\/\/contextoanalisisperiodistico.com\/wp-content\/uploads\/2024\/05\/IMG-20240516-WA0029-1115x715.jpg",1115,715,true],"covernews-slider-center":["https:\/\/contextoanalisisperiodistico.com\/wp-content\/uploads\/2024\/05\/IMG-20240516-WA0029-800x500.jpg",800,500,true],"covernews-featured":["https:\/\/contextoanalisisperiodistico.com\/wp-content\/uploads\/2024\/05\/IMG-20240516-WA0029-1024x683.jpg",1024,683,true],"covernews-medium":["https:\/\/contextoanalisisperiodistico.com\/wp-content\/uploads\/2024\/05\/IMG-20240516-WA0029-540x340.jpg",540,340,true],"covernews-medium-square":["https:\/\/contextoanalisisperiodistico.com\/wp-content\/uploads\/2024\/05\/IMG-20240516-WA0029-400x250.jpg",400,250,true]},"author_info":{"display_name":"Mario Gir\u00f3n","author_link":"https:\/\/contextoanalisisperiodistico.com\/index.php\/author\/director\/"},"category_info":"<a href=\"https:\/\/contextoanalisisperiodistico.com\/index.php\/category\/educacion\/\" rel=\"category tag\">Educaci\u00f3n<\/a>","tag_info":"Educaci\u00f3n","comment_count":"0","jetpack_featured_media_url":"https:\/\/contextoanalisisperiodistico.com\/wp-content\/uploads\/2024\/05\/IMG-20240516-WA0029.jpg","_links":{"self":[{"href":"https:\/\/contextoanalisisperiodistico.com\/index.php\/wp-json\/wp\/v2\/posts\/26727"}],"collection":[{"href":"https:\/\/contextoanalisisperiodistico.com\/index.php\/wp-json\/wp\/v2\/posts"}],"about":[{"href":"https:\/\/contextoanalisisperiodistico.com\/index.php\/wp-json\/wp\/v2\/types\/post"}],"author":[{"embeddable":true,"href":"https:\/\/contextoanalisisperiodistico.com\/index.php\/wp-json\/wp\/v2\/users\/4"}],"replies":[{"embeddable":true,"href":"https:\/\/contextoanalisisperiodistico.com\/index.php\/wp-json\/wp\/v2\/comments?post=26727"}],"version-history":[{"count":0,"href":"https:\/\/contextoanalisisperiodistico.com\/index.php\/wp-json\/wp\/v2\/posts\/26727\/revisions"}],"wp:featuredmedia":[{"embeddable":true,"href":"https:\/\/contextoanalisisperiodistico.com\/index.php\/wp-json\/wp\/v2\/media\/26726"}],"wp:attachment":[{"href":"https:\/\/contextoanalisisperiodistico.com\/index.php\/wp-json\/wp\/v2\/media?parent=26727"}],"wp:term":[{"taxonomy":"category","embeddable":true,"href":"https:\/\/contextoanalisisperiodistico.com\/index.php\/wp-json\/wp\/v2\/categories?post=26727"},{"taxonomy":"post_tag","embeddable":true,"href":"https:\/\/contextoanalisisperiodistico.com\/index.php\/wp-json\/wp\/v2\/tags?post=26727"}],"curies":[{"name":"wp","href":"https:\/\/api.w.org\/{rel}","templated":true}]}}