{"id":26722,"date":"2024-05-16T16:36:58","date_gmt":"2024-05-16T22:36:58","guid":{"rendered":"https:\/\/contextoanalisisperiodistico.com\/index.php\/2024\/05\/16\/recupera-sspc-13-vehiculos-con-reporte-de-robo\/"},"modified":"2024-05-16T16:36:58","modified_gmt":"2024-05-16T22:36:58","slug":"recupera-sspc-13-vehiculos-con-reporte-de-robo","status":"publish","type":"post","link":"https:\/\/contextoanalisisperiodistico.com\/index.php\/2024\/05\/16\/recupera-sspc-13-vehiculos-con-reporte-de-robo\/","title":{"rendered":"Recupera SSPC 13 veh\u00edculos con reporte de robo"},"content":{"rendered":"<div id=\"fb-root\"><\/div>\n\n<p>\u2022 Del 7 al 14 de mayo se realizaron 607 acciones estrat\u00e9gicas que comprendieron 255 operativos y 352 recorridos de seguridad en los que 145 personas fueron detenidas<\/p>\n\n\n\n<p>Oaxaca de Ju\u00e1rez, Oax. 16 de mayo de 2024. Como parte de las acciones de prevenci\u00f3n y vigilancia implementadas por las corporaciones de la Secretar\u00eda de Seguridad y Protecci\u00f3n Ciudadana (SSPC), del 7 al 14 de mayo se aseguraron 204 veh\u00edculos, de los cuales 13 contaban con reporte de robo.<\/p>\n\n\n\n<p>En el marco de la conferencia del Gabinete de Seguridad encabezada por la Secretar\u00eda de Gobierno (Sego), se dio a conocer que en lo anterior es parte de las 607 acciones estrat\u00e9gicas realizadas en esa semana en coordinaci\u00f3n con instituciones de los tres \u00f3rdenes de gobierno, en el territorio oaxaque\u00f1o.<\/p>\n\n\n\n<p>En este periodo se llevaron a cabo 255 operativos y 352 recorridos de seguridad que deriv\u00f3 en la detenci\u00f3n de 145 personas por la presunci\u00f3n de delitos del Fuero Com\u00fan, Fuero Federal y faltas administrativas.<\/p>\n\n\n\n<p>Se destac\u00f3 que la videovigilancia proactiva realizada desde el Centro de Control, Comando y Comunicaci\u00f3n (C4) y la intervenci\u00f3n oportuna de las corporaciones, permitieron la detenci\u00f3n de un presunto asaltante que operaba en inmediaciones de la Central de Abasto de Oaxaca de Ju\u00e1rez.<\/p>\n\n\n\n<p>En este periodo tambi\u00e9n se aseguraron 11 armas de fuego, 92 municiones y cinco cargadores, al igual que 23 dosis de presuntas drogas.<\/p>\n\n\n\n<p>Trascendi\u00f3 que 122 personas fueron remitidas al Instituto Nacional de Migraci\u00f3n (INM) y como parte de objetos posiblemente involucrados en hechos delictivos, se confiscaron 30 tablones de madera, dos tel\u00e9fonos celulares y 4 millones 531 mil 400 pesos en efectivo.<\/p>\n\n\n\n<p>De forma complementaria a las tareas operativas, el Centro de Reeducaci\u00f3n para Hombres que Ejercen Violencia contra las Mujeres report\u00f3 que 69 hombres recibieron informaci\u00f3n en temas preventivos; y el Secretariado Ejecutivo del Sistema Estatal de Seguridad P\u00fablica (SESESP) sensibiliz\u00f3 a 75 operadores de mototaxis de la Villa de Zaachila.<\/p>\n\n\n\n<p>En lo que respecta a la materia penitenciaria, se registraron tres mil 627 participaciones de Personas Privadas de Libertad (PPL) en actividades laborales y mil 698 en actividades deportivas; as\u00ed como mil 361 recibieron consultas en materia de salud y 589 se encuentran inscritas en diferentes niveles educativos. Tambi\u00e9n fueron impartidos 17 cursos y talleres que beneficiaron a 255 PPL.<\/p>\n\n\n\n<p>Finalmente, se realizaron 74 revisiones y 12 decomisos en los centros penitenciarios, de los que se retiraron 107 sustancias y objetos prohibidos.<\/p>\n\n\n\n<p>-0-<\/p>\n","protected":false},"excerpt":{"rendered":"<p>\u2022 Del 7 al 14 de mayo se realizaron 607 acciones estrat\u00e9gicas que comprendieron 255&#8230;<\/p>\n","protected":false},"author":4,"featured_media":26721,"comment_status":"","ping_status":"open","sticky":false,"template":"","format":"standard","meta":{"footnotes":""},"categories":[10],"tags":[],"jetpack_sharing_enabled":true,"featured_image_urls":{"full":["https:\/\/contextoanalisisperiodistico.com\/wp-content\/uploads\/2024\/05\/IMG-20240516-WA0025.jpg",1600,1068,false],"thumbnail":["https:\/\/contextoanalisisperiodistico.com\/wp-content\/uploads\/2024\/05\/IMG-20240516-WA0025-150x150.jpg",150,150,true],"medium":["https:\/\/contextoanalisisperiodistico.com\/wp-content\/uploads\/2024\/05\/IMG-20240516-WA0025-300x200.jpg",300,200,true],"medium_large":["https:\/\/contextoanalisisperiodistico.com\/wp-content\/uploads\/2024\/05\/IMG-20240516-WA0025-768x513.jpg",640,428,true],"large":["https:\/\/contextoanalisisperiodistico.com\/wp-content\/uploads\/2024\/05\/IMG-20240516-WA0025-1024x684.jpg",640,428,true],"1536x1536":["https:\/\/contextoanalisisperiodistico.com\/wp-content\/uploads\/2024\/05\/IMG-20240516-WA0025-1536x1025.jpg",1536,1025,true],"2048x2048":["https:\/\/contextoanalisisperiodistico.com\/wp-content\/uploads\/2024\/05\/IMG-20240516-WA0025.jpg",1600,1068,false],"covernews-slider-full":["https:\/\/contextoanalisisperiodistico.com\/wp-content\/uploads\/2024\/05\/IMG-20240516-WA0025-1115x715.jpg",1115,715,true],"covernews-slider-center":["https:\/\/contextoanalisisperiodistico.com\/wp-content\/uploads\/2024\/05\/IMG-20240516-WA0025-800x500.jpg",800,500,true],"covernews-featured":["https:\/\/contextoanalisisperiodistico.com\/wp-content\/uploads\/2024\/05\/IMG-20240516-WA0025-1024x684.jpg",1024,684,true],"covernews-medium":["https:\/\/contextoanalisisperiodistico.com\/wp-content\/uploads\/2024\/05\/IMG-20240516-WA0025-540x340.jpg",540,340,true],"covernews-medium-square":["https:\/\/contextoanalisisperiodistico.com\/wp-content\/uploads\/2024\/05\/IMG-20240516-WA0025-400x250.jpg",400,250,true]},"author_info":{"display_name":"Mario Gir\u00f3n","author_link":"https:\/\/contextoanalisisperiodistico.com\/index.php\/author\/director\/"},"category_info":"<a href=\"https:\/\/contextoanalisisperiodistico.com\/index.php\/category\/seguridad\/\" rel=\"category tag\">Seguridad<\/a>","tag_info":"Seguridad","comment_count":"0","jetpack_featured_media_url":"https:\/\/contextoanalisisperiodistico.com\/wp-content\/uploads\/2024\/05\/IMG-20240516-WA0025.jpg","_links":{"self":[{"href":"https:\/\/contextoanalisisperiodistico.com\/index.php\/wp-json\/wp\/v2\/posts\/26722"}],"collection":[{"href":"https:\/\/contextoanalisisperiodistico.com\/index.php\/wp-json\/wp\/v2\/posts"}],"about":[{"href":"https:\/\/contextoanalisisperiodistico.com\/index.php\/wp-json\/wp\/v2\/types\/post"}],"author":[{"embeddable":true,"href":"https:\/\/contextoanalisisperiodistico.com\/index.php\/wp-json\/wp\/v2\/users\/4"}],"replies":[{"embeddable":true,"href":"https:\/\/contextoanalisisperiodistico.com\/index.php\/wp-json\/wp\/v2\/comments?post=26722"}],"version-history":[{"count":0,"href":"https:\/\/contextoanalisisperiodistico.com\/index.php\/wp-json\/wp\/v2\/posts\/26722\/revisions"}],"wp:featuredmedia":[{"embeddable":true,"href":"https:\/\/contextoanalisisperiodistico.com\/index.php\/wp-json\/wp\/v2\/media\/26721"}],"wp:attachment":[{"href":"https:\/\/contextoanalisisperiodistico.com\/index.php\/wp-json\/wp\/v2\/media?parent=26722"}],"wp:term":[{"taxonomy":"category","embeddable":true,"href":"https:\/\/contextoanalisisperiodistico.com\/index.php\/wp-json\/wp\/v2\/categories?post=26722"},{"taxonomy":"post_tag","embeddable":true,"href":"https:\/\/contextoanalisisperiodistico.com\/index.php\/wp-json\/wp\/v2\/tags?post=26722"}],"curies":[{"name":"wp","href":"https:\/\/api.w.org\/{rel}","templated":true}]}}