{"id":26717,"date":"2024-05-16T13:04:02","date_gmt":"2024-05-16T19:04:02","guid":{"rendered":"https:\/\/contextoanalisisperiodistico.com\/index.php\/2024\/05\/16\/desalojan-a-70-habitantes-por-incendio-intermunicipal-en-la-costa\/"},"modified":"2024-05-16T13:04:02","modified_gmt":"2024-05-16T19:04:02","slug":"desalojan-a-70-habitantes-por-incendio-intermunicipal-en-la-costa","status":"publish","type":"post","link":"https:\/\/contextoanalisisperiodistico.com\/index.php\/2024\/05\/16\/desalojan-a-70-habitantes-por-incendio-intermunicipal-en-la-costa\/","title":{"rendered":"Desalojan a 70 habitantes por incendio intermunicipal en la Costa"},"content":{"rendered":"<div id=\"fb-root\"><\/div>\n\n<p>Derivado del incendio forestal intermunicipal en las comunidades de El Tigrero, en Santa Mar\u00eda Tonameca; El Chilar y Los Caulote, pertenecientes a Candelaria Loxicha, y Xonene, en San Pedro Pochutla, la Coordinaci\u00f3n Estatal de Protecci\u00f3n Civil y Gesti\u00f3n de Riesgos (CEPCyGR) inform\u00f3 que personal de Protecci\u00f3n Civil de estas tres municipalidades realizaron la evacuaci\u00f3n de 70 personas.<\/p>\n\n\n\n<figure class=\"wp-block-image size-large\"><img fetchpriority=\"high\" decoding=\"async\" width=\"1024\" height=\"768\" src=\"https:\/\/contextoanalisisperiodistico.com\/wp-content\/uploads\/2024\/05\/img-20240516-wa00142914852536328943773-1024x768.jpg\" alt=\"\" class=\"wp-image-26715\" srcset=\"https:\/\/contextoanalisisperiodistico.com\/wp-content\/uploads\/2024\/05\/img-20240516-wa00142914852536328943773-1024x768.jpg 1024w, https:\/\/contextoanalisisperiodistico.com\/wp-content\/uploads\/2024\/05\/img-20240516-wa00142914852536328943773-300x225.jpg 300w, https:\/\/contextoanalisisperiodistico.com\/wp-content\/uploads\/2024\/05\/img-20240516-wa00142914852536328943773-768x576.jpg 768w, https:\/\/contextoanalisisperiodistico.com\/wp-content\/uploads\/2024\/05\/img-20240516-wa00142914852536328943773-1536x1152.jpg 1536w, https:\/\/contextoanalisisperiodistico.com\/wp-content\/uploads\/2024\/05\/img-20240516-wa00142914852536328943773.jpg 1600w\" sizes=\"(max-width: 1024px) 100vw, 1024px\" \/><\/figure>\n\n\n\n<figure class=\"wp-block-image\"><img decoding=\"async\" width=\"1024\" height=\"768\" src=\"https:\/\/contextoanalisisperiodistico.com\/wp-content\/uploads\/2024\/05\/img-20240516-wa00162042321704428536061-1024x768.jpg\" alt=\"\" class=\"wp-image-26716\" srcset=\"https:\/\/contextoanalisisperiodistico.com\/wp-content\/uploads\/2024\/05\/img-20240516-wa00162042321704428536061-1024x768.jpg 1024w, https:\/\/contextoanalisisperiodistico.com\/wp-content\/uploads\/2024\/05\/img-20240516-wa00162042321704428536061-300x225.jpg 300w, https:\/\/contextoanalisisperiodistico.com\/wp-content\/uploads\/2024\/05\/img-20240516-wa00162042321704428536061-768x576.jpg 768w, https:\/\/contextoanalisisperiodistico.com\/wp-content\/uploads\/2024\/05\/img-20240516-wa00162042321704428536061-1536x1152.jpg 1536w, https:\/\/contextoanalisisperiodistico.com\/wp-content\/uploads\/2024\/05\/img-20240516-wa00162042321704428536061.jpg 1600w\" sizes=\"(max-width: 1024px) 100vw, 1024px\" \/><\/figure>\n\n\n\n<figure class=\"wp-block-image\"><img decoding=\"async\" width=\"1024\" height=\"768\" src=\"https:\/\/contextoanalisisperiodistico.com\/wp-content\/uploads\/2024\/05\/img-20240516-wa00177600345802957591197-1024x768.jpg\" alt=\"\" class=\"wp-image-26714\" srcset=\"https:\/\/contextoanalisisperiodistico.com\/wp-content\/uploads\/2024\/05\/img-20240516-wa00177600345802957591197-1024x768.jpg 1024w, https:\/\/contextoanalisisperiodistico.com\/wp-content\/uploads\/2024\/05\/img-20240516-wa00177600345802957591197-300x225.jpg 300w, https:\/\/contextoanalisisperiodistico.com\/wp-content\/uploads\/2024\/05\/img-20240516-wa00177600345802957591197-768x576.jpg 768w, https:\/\/contextoanalisisperiodistico.com\/wp-content\/uploads\/2024\/05\/img-20240516-wa00177600345802957591197-1536x1152.jpg 1536w, https:\/\/contextoanalisisperiodistico.com\/wp-content\/uploads\/2024\/05\/img-20240516-wa00177600345802957591197.jpg 1600w\" sizes=\"(max-width: 1024px) 100vw, 1024px\" \/><\/figure>\n\n\n\n<p>Hasta el momento, no se reportan p\u00e9rdidas humanas, \u00fanicamente se realiz\u00f3 la evacuaci\u00f3n de ni\u00f1as, ni\u00f1os, adolescentes, personas adultas, as\u00ed como de dos mujeres embarazadas y hombres habitantes de estas localidades.<\/p>\n\n\n\n<p>Las personas fueron trasladadas al albergue Ana Toledo de Garc\u00eda, ubicado a un costado del hospital regional de San Pedro Pochutla.<\/p>\n\n\n\n<p>En este espacio, personal del Sistema para el Desarrollo Integral de la Familia (DIF) Municipal de San Pedro Pochutla les brinda alimentaci\u00f3n. Asimismo, se les da atenci\u00f3n m\u00e9dica en caso de alguna afectaci\u00f3n a su salud que pudieran presentar derivado del humo inhalado.<\/p>\n\n\n\n<p>Cabe se\u00f1alar que este trabajo de evacuaci\u00f3n lo realiza como primer respondiente, la autoridad municipal de cada lugar a trav\u00e9s de sus \u00e1reas de Protecci\u00f3n Civil.<\/p>\n\n\n\n<p>-0-<\/p>\n","protected":false},"excerpt":{"rendered":"<p>Derivado del incendio forestal intermunicipal en las comunidades de El Tigrero, en Santa Mar\u00eda Tonameca;&#8230;<\/p>\n","protected":false},"author":4,"featured_media":26713,"comment_status":"","ping_status":"open","sticky":false,"template":"","format":"standard","meta":{"footnotes":""},"categories":[9],"tags":[],"jetpack_sharing_enabled":true,"featured_image_urls":{"full":["https:\/\/contextoanalisisperiodistico.com\/wp-content\/uploads\/2024\/05\/IMG-20240516-WA0015.jpg",1280,960,false],"thumbnail":["https:\/\/contextoanalisisperiodistico.com\/wp-content\/uploads\/2024\/05\/IMG-20240516-WA0015-150x150.jpg",150,150,true],"medium":["https:\/\/contextoanalisisperiodistico.com\/wp-content\/uploads\/2024\/05\/IMG-20240516-WA0015-300x225.jpg",300,225,true],"medium_large":["https:\/\/contextoanalisisperiodistico.com\/wp-content\/uploads\/2024\/05\/IMG-20240516-WA0015-768x576.jpg",640,480,true],"large":["https:\/\/contextoanalisisperiodistico.com\/wp-content\/uploads\/2024\/05\/IMG-20240516-WA0015-1024x768.jpg",640,480,true],"1536x1536":["https:\/\/contextoanalisisperiodistico.com\/wp-content\/uploads\/2024\/05\/IMG-20240516-WA0015.jpg",1280,960,false],"2048x2048":["https:\/\/contextoanalisisperiodistico.com\/wp-content\/uploads\/2024\/05\/IMG-20240516-WA0015.jpg",1280,960,false],"covernews-slider-full":["https:\/\/contextoanalisisperiodistico.com\/wp-content\/uploads\/2024\/05\/IMG-20240516-WA0015-1115x715.jpg",1115,715,true],"covernews-slider-center":["https:\/\/contextoanalisisperiodistico.com\/wp-content\/uploads\/2024\/05\/IMG-20240516-WA0015-800x500.jpg",800,500,true],"covernews-featured":["https:\/\/contextoanalisisperiodistico.com\/wp-content\/uploads\/2024\/05\/IMG-20240516-WA0015-1024x768.jpg",1024,768,true],"covernews-medium":["https:\/\/contextoanalisisperiodistico.com\/wp-content\/uploads\/2024\/05\/IMG-20240516-WA0015-540x340.jpg",540,340,true],"covernews-medium-square":["https:\/\/contextoanalisisperiodistico.com\/wp-content\/uploads\/2024\/05\/IMG-20240516-WA0015-400x250.jpg",400,250,true]},"author_info":{"display_name":"Mario Gir\u00f3n","author_link":"https:\/\/contextoanalisisperiodistico.com\/index.php\/author\/director\/"},"category_info":"<a href=\"https:\/\/contextoanalisisperiodistico.com\/index.php\/category\/politica\/\" rel=\"category tag\">Pol\u00edtica<\/a>","tag_info":"Pol\u00edtica","comment_count":"0","jetpack_featured_media_url":"https:\/\/contextoanalisisperiodistico.com\/wp-content\/uploads\/2024\/05\/IMG-20240516-WA0015.jpg","_links":{"self":[{"href":"https:\/\/contextoanalisisperiodistico.com\/index.php\/wp-json\/wp\/v2\/posts\/26717"}],"collection":[{"href":"https:\/\/contextoanalisisperiodistico.com\/index.php\/wp-json\/wp\/v2\/posts"}],"about":[{"href":"https:\/\/contextoanalisisperiodistico.com\/index.php\/wp-json\/wp\/v2\/types\/post"}],"author":[{"embeddable":true,"href":"https:\/\/contextoanalisisperiodistico.com\/index.php\/wp-json\/wp\/v2\/users\/4"}],"replies":[{"embeddable":true,"href":"https:\/\/contextoanalisisperiodistico.com\/index.php\/wp-json\/wp\/v2\/comments?post=26717"}],"version-history":[{"count":0,"href":"https:\/\/contextoanalisisperiodistico.com\/index.php\/wp-json\/wp\/v2\/posts\/26717\/revisions"}],"wp:featuredmedia":[{"embeddable":true,"href":"https:\/\/contextoanalisisperiodistico.com\/index.php\/wp-json\/wp\/v2\/media\/26713"}],"wp:attachment":[{"href":"https:\/\/contextoanalisisperiodistico.com\/index.php\/wp-json\/wp\/v2\/media?parent=26717"}],"wp:term":[{"taxonomy":"category","embeddable":true,"href":"https:\/\/contextoanalisisperiodistico.com\/index.php\/wp-json\/wp\/v2\/categories?post=26717"},{"taxonomy":"post_tag","embeddable":true,"href":"https:\/\/contextoanalisisperiodistico.com\/index.php\/wp-json\/wp\/v2\/tags?post=26717"}],"curies":[{"name":"wp","href":"https:\/\/api.w.org\/{rel}","templated":true}]}}