{"id":26712,"date":"2024-05-16T11:02:52","date_gmt":"2024-05-16T17:02:52","guid":{"rendered":"https:\/\/contextoanalisisperiodistico.com\/index.php\/2024\/05\/16\/pronostican-tormentas-aisladas-por-la-tarde-noche-en-oaxaca-este-jueves\/"},"modified":"2024-05-16T11:02:52","modified_gmt":"2024-05-16T17:02:52","slug":"pronostican-tormentas-aisladas-por-la-tarde-noche-en-oaxaca-este-jueves","status":"publish","type":"post","link":"https:\/\/contextoanalisisperiodistico.com\/index.php\/2024\/05\/16\/pronostican-tormentas-aisladas-por-la-tarde-noche-en-oaxaca-este-jueves\/","title":{"rendered":"Pronostican tormentas aisladas por la tarde-noche en Oaxaca este jueves"},"content":{"rendered":"<div id=\"fb-root\"><\/div>\n\n<p>Oaxaca de Ju\u00e1rez, Oax. 16 de mayo de 2024.- La Coordinaci\u00f3n Estatal de Protecci\u00f3n Civil y Gesti\u00f3n de Riesgos (CEPCyGR) informa que se desarrollar\u00e1n periodos de lluvias en horas de la tarde-noche con probabilidad de tormentas aisladas, asociadas con rachas de viento, actividad el\u00e9ctrica y chubascos, en algunas regiones del estado.<\/p>\n\n\n\n<p>Las temperaturas disminuir\u00e1n ligeramente por la presencia de mayor cobertura nubosa, sin embargo, permanecer\u00e1 el ambiente caluroso.<\/p>\n\n\n\n<p>Lo anterior, de acuerdo con la Comisi\u00f3n Nacional del Agua (Conagua) que se\u00f1ala que este fen\u00f3meno es provocado por los canales de baja presi\u00f3n sobre el oriente, centro y sureste de M\u00e9xico, conjuntamente con el pulso de aire c\u00e1lido y h\u00famedo del Pac\u00edfico y Golfo de M\u00e9xico.<\/p>\n\n\n\n<p>Se contin\u00faa con el monitoreo de una posible \u00e1rea de formaci\u00f3n cicl\u00f3nica al suroeste del Golfo de Tehuantepec con una probabilidad del 40 por ciento (baja) de desarrollo a 7 d\u00edas.<\/p>\n\n\n\n<p>Las temperaturas para este jueves son las siguientes:<\/p>\n\n\n\n<p>\u2022Valles Centrales, m\u00ednima de 16 y m\u00e1xima de 35 grados.<br \/>\u2022Istmo de Tehuantepec, m\u00ednima de 24 y m\u00e1xima de 36 grados.<br \/>\u2022Cuenca del Papaloapan, m\u00ednima de 24 y m\u00e1xima de 39 grados.<br \/>\u2022Costa, m\u00ednima de 23 y m\u00e1xima de 36 grados.<br \/>\u2022Mixteca, m\u00ednima de 16 y m\u00e1xima de 35 grados.<br \/>\u2022Sierra de Flores Mag\u00f3n, m\u00ednima de 16 y m\u00e1xima de 37 grados.<br \/>\u2022Sierra de Ju\u00e1rez, m\u00ednima de 15 y m\u00e1xima de 30 grados.<br \/>\u2022Sierra Sur, m\u00ednima de 15 y m\u00e1xima de 32 grados.<\/p>\n\n\n\n<p>Se recomienda a la poblaci\u00f3n evitar la quema al aire libre y seguir las indicaciones para prevenir los golpes de calor, as\u00ed como tomar precauciones ante la presencia de lluvias con actividad el\u00e9ctrica.<\/p>\n\n\n\n<p>De la misma forma, se exhorta atender las recomendaciones de Protecci\u00f3n Civil, Capitan\u00edas de Puerto, brigadas de la Comisi\u00f3n Estatal Forestal (Coesfo) y la Comisi\u00f3n Nacional Forestal (Conafor), adem\u00e1s de mantenerse informada a trav\u00e9s de los medios y redes sociales oficiales: Facebook @CEPCYGRGobOax y en X @CEPCyGR_GobOax.<\/p>\n\n\n\n<p>-0-<\/p>\n","protected":false},"excerpt":{"rendered":"<p>Oaxaca de Ju\u00e1rez, Oax. 16 de mayo de 2024.- La Coordinaci\u00f3n Estatal de Protecci\u00f3n Civil&#8230;<\/p>\n","protected":false},"author":4,"featured_media":26711,"comment_status":"","ping_status":"open","sticky":false,"template":"","format":"standard","meta":{"footnotes":""},"categories":[3],"tags":[],"jetpack_sharing_enabled":true,"featured_image_urls":{"full":["https:\/\/contextoanalisisperiodistico.com\/wp-content\/uploads\/2024\/05\/IMG-20240516-WA0010.jpg",1600,1200,false],"thumbnail":["https:\/\/contextoanalisisperiodistico.com\/wp-content\/uploads\/2024\/05\/IMG-20240516-WA0010-150x150.jpg",150,150,true],"medium":["https:\/\/contextoanalisisperiodistico.com\/wp-content\/uploads\/2024\/05\/IMG-20240516-WA0010-300x225.jpg",300,225,true],"medium_large":["https:\/\/contextoanalisisperiodistico.com\/wp-content\/uploads\/2024\/05\/IMG-20240516-WA0010-768x576.jpg",640,480,true],"large":["https:\/\/contextoanalisisperiodistico.com\/wp-content\/uploads\/2024\/05\/IMG-20240516-WA0010-1024x768.jpg",640,480,true],"1536x1536":["https:\/\/contextoanalisisperiodistico.com\/wp-content\/uploads\/2024\/05\/IMG-20240516-WA0010-1536x1152.jpg",1536,1152,true],"2048x2048":["https:\/\/contextoanalisisperiodistico.com\/wp-content\/uploads\/2024\/05\/IMG-20240516-WA0010.jpg",1600,1200,false],"covernews-slider-full":["https:\/\/contextoanalisisperiodistico.com\/wp-content\/uploads\/2024\/05\/IMG-20240516-WA0010-1115x715.jpg",1115,715,true],"covernews-slider-center":["https:\/\/contextoanalisisperiodistico.com\/wp-content\/uploads\/2024\/05\/IMG-20240516-WA0010-800x500.jpg",800,500,true],"covernews-featured":["https:\/\/contextoanalisisperiodistico.com\/wp-content\/uploads\/2024\/05\/IMG-20240516-WA0010-1024x768.jpg",1024,768,true],"covernews-medium":["https:\/\/contextoanalisisperiodistico.com\/wp-content\/uploads\/2024\/05\/IMG-20240516-WA0010-540x340.jpg",540,340,true],"covernews-medium-square":["https:\/\/contextoanalisisperiodistico.com\/wp-content\/uploads\/2024\/05\/IMG-20240516-WA0010-400x250.jpg",400,250,true]},"author_info":{"display_name":"Mario Gir\u00f3n","author_link":"https:\/\/contextoanalisisperiodistico.com\/index.php\/author\/director\/"},"category_info":"<a href=\"https:\/\/contextoanalisisperiodistico.com\/index.php\/category\/ciudad\/\" rel=\"category tag\">Ciudad<\/a>","tag_info":"Ciudad","comment_count":"0","jetpack_featured_media_url":"https:\/\/contextoanalisisperiodistico.com\/wp-content\/uploads\/2024\/05\/IMG-20240516-WA0010.jpg","_links":{"self":[{"href":"https:\/\/contextoanalisisperiodistico.com\/index.php\/wp-json\/wp\/v2\/posts\/26712"}],"collection":[{"href":"https:\/\/contextoanalisisperiodistico.com\/index.php\/wp-json\/wp\/v2\/posts"}],"about":[{"href":"https:\/\/contextoanalisisperiodistico.com\/index.php\/wp-json\/wp\/v2\/types\/post"}],"author":[{"embeddable":true,"href":"https:\/\/contextoanalisisperiodistico.com\/index.php\/wp-json\/wp\/v2\/users\/4"}],"replies":[{"embeddable":true,"href":"https:\/\/contextoanalisisperiodistico.com\/index.php\/wp-json\/wp\/v2\/comments?post=26712"}],"version-history":[{"count":0,"href":"https:\/\/contextoanalisisperiodistico.com\/index.php\/wp-json\/wp\/v2\/posts\/26712\/revisions"}],"wp:featuredmedia":[{"embeddable":true,"href":"https:\/\/contextoanalisisperiodistico.com\/index.php\/wp-json\/wp\/v2\/media\/26711"}],"wp:attachment":[{"href":"https:\/\/contextoanalisisperiodistico.com\/index.php\/wp-json\/wp\/v2\/media?parent=26712"}],"wp:term":[{"taxonomy":"category","embeddable":true,"href":"https:\/\/contextoanalisisperiodistico.com\/index.php\/wp-json\/wp\/v2\/categories?post=26712"},{"taxonomy":"post_tag","embeddable":true,"href":"https:\/\/contextoanalisisperiodistico.com\/index.php\/wp-json\/wp\/v2\/tags?post=26712"}],"curies":[{"name":"wp","href":"https:\/\/api.w.org\/{rel}","templated":true}]}}