{"id":26706,"date":"2024-05-15T21:43:08","date_gmt":"2024-05-16T03:43:08","guid":{"rendered":"https:\/\/contextoanalisisperiodistico.com\/index.php\/2024\/05\/15\/brilla-gastronomia-oaxaquena-en-la-guia-michelin-2024\/"},"modified":"2024-05-15T21:43:08","modified_gmt":"2024-05-16T03:43:08","slug":"brilla-gastronomia-oaxaquena-en-la-guia-michelin-2024","status":"publish","type":"post","link":"https:\/\/contextoanalisisperiodistico.com\/index.php\/2024\/05\/15\/brilla-gastronomia-oaxaquena-en-la-guia-michelin-2024\/","title":{"rendered":"Brilla gastronom\u00eda oaxaque\u00f1a en la Gu\u00eda Michelin 2024"},"content":{"rendered":"<div id=\"fb-root\"><\/div>\n\n<p>\u2022 En esta edici\u00f3n, 10 restaurantes de la entidad fueron seleccionados<\/p>\n\n\n\n<figure class=\"wp-block-image size-large\"><img fetchpriority=\"high\" decoding=\"async\" width=\"682\" height=\"1024\" src=\"https:\/\/contextoanalisisperiodistico.com\/wp-content\/uploads\/2024\/05\/img-20240515-wa00731501442485236969513-682x1024.jpg\" alt=\"\" class=\"wp-image-26703\" srcset=\"https:\/\/contextoanalisisperiodistico.com\/wp-content\/uploads\/2024\/05\/img-20240515-wa00731501442485236969513-682x1024.jpg 682w, https:\/\/contextoanalisisperiodistico.com\/wp-content\/uploads\/2024\/05\/img-20240515-wa00731501442485236969513-200x300.jpg 200w, https:\/\/contextoanalisisperiodistico.com\/wp-content\/uploads\/2024\/05\/img-20240515-wa00731501442485236969513-768x1153.jpg 768w, https:\/\/contextoanalisisperiodistico.com\/wp-content\/uploads\/2024\/05\/img-20240515-wa00731501442485236969513-1023x1536.jpg 1023w, https:\/\/contextoanalisisperiodistico.com\/wp-content\/uploads\/2024\/05\/img-20240515-wa00731501442485236969513-1024x1537.jpg 1024w, https:\/\/contextoanalisisperiodistico.com\/wp-content\/uploads\/2024\/05\/img-20240515-wa00731501442485236969513.jpg 1066w\" sizes=\"(max-width: 682px) 100vw, 682px\" \/><\/figure>\n\n\n\n<figure class=\"wp-block-image\"><img decoding=\"async\" width=\"1024\" height=\"682\" src=\"https:\/\/contextoanalisisperiodistico.com\/wp-content\/uploads\/2024\/05\/img-20240515-wa00714193477146059711642-1024x682.jpg\" alt=\"\" class=\"wp-image-26704\" srcset=\"https:\/\/contextoanalisisperiodistico.com\/wp-content\/uploads\/2024\/05\/img-20240515-wa00714193477146059711642-1024x682.jpg 1024w, https:\/\/contextoanalisisperiodistico.com\/wp-content\/uploads\/2024\/05\/img-20240515-wa00714193477146059711642-300x200.jpg 300w, https:\/\/contextoanalisisperiodistico.com\/wp-content\/uploads\/2024\/05\/img-20240515-wa00714193477146059711642-768x512.jpg 768w, https:\/\/contextoanalisisperiodistico.com\/wp-content\/uploads\/2024\/05\/img-20240515-wa00714193477146059711642-1536x1023.jpg 1536w, https:\/\/contextoanalisisperiodistico.com\/wp-content\/uploads\/2024\/05\/img-20240515-wa00714193477146059711642.jpg 1600w\" sizes=\"(max-width: 1024px) 100vw, 1024px\" \/><\/figure>\n\n\n\n<figure class=\"wp-block-image\"><img decoding=\"async\" width=\"1024\" height=\"682\" src=\"https:\/\/contextoanalisisperiodistico.com\/wp-content\/uploads\/2024\/05\/img-20240515-wa0070787598835053515907-1024x682.jpg\" alt=\"\" class=\"wp-image-26702\" srcset=\"https:\/\/contextoanalisisperiodistico.com\/wp-content\/uploads\/2024\/05\/img-20240515-wa0070787598835053515907-1024x682.jpg 1024w, https:\/\/contextoanalisisperiodistico.com\/wp-content\/uploads\/2024\/05\/img-20240515-wa0070787598835053515907-300x200.jpg 300w, https:\/\/contextoanalisisperiodistico.com\/wp-content\/uploads\/2024\/05\/img-20240515-wa0070787598835053515907-768x512.jpg 768w, https:\/\/contextoanalisisperiodistico.com\/wp-content\/uploads\/2024\/05\/img-20240515-wa0070787598835053515907-1536x1023.jpg 1536w, https:\/\/contextoanalisisperiodistico.com\/wp-content\/uploads\/2024\/05\/img-20240515-wa0070787598835053515907.jpg 1600w\" sizes=\"(max-width: 1024px) 100vw, 1024px\" \/><\/figure>\n\n\n\n<figure class=\"wp-block-image\"><img loading=\"lazy\" decoding=\"async\" width=\"1024\" height=\"682\" src=\"https:\/\/contextoanalisisperiodistico.com\/wp-content\/uploads\/2024\/05\/img-20240515-wa00724737146050826591530-1024x682.jpg\" alt=\"\" class=\"wp-image-26705\" srcset=\"https:\/\/contextoanalisisperiodistico.com\/wp-content\/uploads\/2024\/05\/img-20240515-wa00724737146050826591530-1024x682.jpg 1024w, https:\/\/contextoanalisisperiodistico.com\/wp-content\/uploads\/2024\/05\/img-20240515-wa00724737146050826591530-300x200.jpg 300w, https:\/\/contextoanalisisperiodistico.com\/wp-content\/uploads\/2024\/05\/img-20240515-wa00724737146050826591530-768x512.jpg 768w, https:\/\/contextoanalisisperiodistico.com\/wp-content\/uploads\/2024\/05\/img-20240515-wa00724737146050826591530-1536x1023.jpg 1536w, https:\/\/contextoanalisisperiodistico.com\/wp-content\/uploads\/2024\/05\/img-20240515-wa00724737146050826591530.jpg 1600w\" sizes=\"(max-width: 1024px) 100vw, 1024px\" \/><\/figure>\n\n\n\n<p>\u2022 Los Danzantes Oaxaca y Levadura de Olla hicieron historia al recibir una Estrella Michelin<\/p>\n\n\n\n<p>Oaxaca de Ju\u00e1rez, Oax. 15 de mayo de 2024.- Durante la primera ceremonia de premiaci\u00f3n de la Gu\u00eda Michelin M\u00e9xico 2024, la gastronom\u00eda de Oaxaca brill\u00f3 por su grandeza al recibir diversos galardones como las renombradas Estrellas Michelin y el anuncio de 10 restaurantes de la entidad recomendados por la prestigiosa gu\u00eda.<\/p>\n\n\n\n<p>La Secretar\u00eda de Turismo (Sectur) de Oaxaca inform\u00f3 que en la actividad realizada en la Ciudad de M\u00e9xico, se revel\u00f3 la primera selecci\u00f3n para el pa\u00eds que incluye a establecimientos de comida de Oaxaca, Baja California, Baja California Sur, Quintana Roo, Nuevo Le\u00f3n y Ciudad de M\u00e9xico.<\/p>\n\n\n\n<p>Los restaurantes oaxaque\u00f1os recomendados en la edici\u00f3n 2024 son: Almoraduz y Atarraya, ubicados en Puerto Escondido; Ancestral Cocina Tradicional, Asador Bacanora, Casa Oaxaca El Restaurante, Criollo, Crudo, Itanon\u00ed, Teocintle\u2013Tika\u2019aya y Zandunga de la ciudad de Oaxaca.<\/p>\n\n\n\n<p>Mientras que, Los Danzantes Oaxaca y Levadura de Olla fueron merecedores de una Estrella Michelin, galard\u00f3n que reconoce a los establecimientos que utilizan ingredientes de m\u00e1xima calidad y preparan platillos de alto nivel con sabores diversos.<\/p>\n\n\n\n<p>En este sentido, la Gu\u00eda Michelin destac\u00f3 a Oaxaca como un destino que se caracteriza por la riqueza de su cultura ind\u00edgena, al preservar tradiciones que se relacionan con la cocina.<\/p>\n\n\n\n<p>Las Estrellas Michelin son los premios m\u00e1s populares en la escena de la gastronom\u00eda de clase mundial; las cocinas excepcionales son premiadas en las categor\u00edas una, dos y tres Estrellas Michelin.<\/p>\n\n\n\n<p>Galardones para una gastronom\u00eda vibrante y de calidad mundial<\/p>\n\n\n\n<p>En el marco de este acontecimiento hist\u00f3rico para M\u00e9xico y Oaxaca, tambi\u00e9n se entregaron distinciones que destacan la excelencia gastron\u00f3mica de los destinos; los restaurantes Alfonsina, Cobarde, La Olla, Labo Fermento, Las Quince Letras y Tierra del Sol, recibieron el galard\u00f3n Bib Gourmand.<\/p>\n\n\n\n<p>Esta condecoraci\u00f3n reconoce el compromiso de las experiencias culinarias con una excelente relaci\u00f3n calidad\u2013precio, en las que se destacan los sabores mexicanos que van desde lo tradicional a lo contempor\u00e1neo.<\/p>\n\n\n\n<p>El restaurante Los Danzantes Oaxaca fue aplaudido por segunda vez al recibir la Estrella Verde Michelin, por su compromiso con una gastronom\u00eda m\u00e1s sostenible.<\/p>\n\n\n\n<p>En tanto, uno de los cinco premios especiales, fue para la chef Thal\u00eda Barrios Garc\u00eda de Levadura de Olla, originaria de San Mateo Yucutindoo, quien recibi\u00f3 el premio Joven Chef Award 2024.<\/p>\n\n\n\n<p>En 2023, la Gu\u00eda Michelin anunci\u00f3 su llegada por primera vez a la Rep\u00fablica Mexicana para realizar la selecci\u00f3n de restaurantes recomendados en su edici\u00f3n 2024, lo que signific\u00f3 el arribo de inspectores an\u00f3nimos en busca de tesoros culinarios.<\/p>\n\n\n\n<p>Las inspecciones se efectuaron con el objetivo de seleccionar a los restaurantes premiados durante la primera ceremonia, mismos que cumplieron con criterios de calidad, dominio de t\u00e9cnicas, sabores, personalidad del chef expresado en los platillos, men\u00fa, entre otros.<\/p>\n\n\n\n<p>-0-<\/p>\n","protected":false},"excerpt":{"rendered":"<p>\u2022 En esta edici\u00f3n, 10 restaurantes de la entidad fueron seleccionados \u2022 Los Danzantes Oaxaca&#8230;<\/p>\n","protected":false},"author":4,"featured_media":26701,"comment_status":"","ping_status":"open","sticky":false,"template":"","format":"standard","meta":{"footnotes":""},"categories":[138],"tags":[],"jetpack_sharing_enabled":true,"featured_image_urls":{"full":["https:\/\/contextoanalisisperiodistico.com\/wp-content\/uploads\/2024\/05\/IMG-20240515-WA0074.jpg",1600,1066,false],"thumbnail":["https:\/\/contextoanalisisperiodistico.com\/wp-content\/uploads\/2024\/05\/IMG-20240515-WA0074-150x150.jpg",150,150,true],"medium":["https:\/\/contextoanalisisperiodistico.com\/wp-content\/uploads\/2024\/05\/IMG-20240515-WA0074-300x200.jpg",300,200,true],"medium_large":["https:\/\/contextoanalisisperiodistico.com\/wp-content\/uploads\/2024\/05\/IMG-20240515-WA0074-768x512.jpg",640,427,true],"large":["https:\/\/contextoanalisisperiodistico.com\/wp-content\/uploads\/2024\/05\/IMG-20240515-WA0074-1024x682.jpg",640,426,true],"1536x1536":["https:\/\/contextoanalisisperiodistico.com\/wp-content\/uploads\/2024\/05\/IMG-20240515-WA0074-1536x1023.jpg",1536,1023,true],"2048x2048":["https:\/\/contextoanalisisperiodistico.com\/wp-content\/uploads\/2024\/05\/IMG-20240515-WA0074.jpg",1600,1066,false],"covernews-slider-full":["https:\/\/contextoanalisisperiodistico.com\/wp-content\/uploads\/2024\/05\/IMG-20240515-WA0074-1115x715.jpg",1115,715,true],"covernews-slider-center":["https:\/\/contextoanalisisperiodistico.com\/wp-content\/uploads\/2024\/05\/IMG-20240515-WA0074-800x500.jpg",800,500,true],"covernews-featured":["https:\/\/contextoanalisisperiodistico.com\/wp-content\/uploads\/2024\/05\/IMG-20240515-WA0074-1024x682.jpg",1024,682,true],"covernews-medium":["https:\/\/contextoanalisisperiodistico.com\/wp-content\/uploads\/2024\/05\/IMG-20240515-WA0074-540x340.jpg",540,340,true],"covernews-medium-square":["https:\/\/contextoanalisisperiodistico.com\/wp-content\/uploads\/2024\/05\/IMG-20240515-WA0074-400x250.jpg",400,250,true]},"author_info":{"display_name":"Mario Gir\u00f3n","author_link":"https:\/\/contextoanalisisperiodistico.com\/index.php\/author\/director\/"},"category_info":"<a href=\"https:\/\/contextoanalisisperiodistico.com\/index.php\/category\/turismo\/\" rel=\"category tag\">Turismo<\/a>","tag_info":"Turismo","comment_count":"0","jetpack_featured_media_url":"https:\/\/contextoanalisisperiodistico.com\/wp-content\/uploads\/2024\/05\/IMG-20240515-WA0074.jpg","_links":{"self":[{"href":"https:\/\/contextoanalisisperiodistico.com\/index.php\/wp-json\/wp\/v2\/posts\/26706"}],"collection":[{"href":"https:\/\/contextoanalisisperiodistico.com\/index.php\/wp-json\/wp\/v2\/posts"}],"about":[{"href":"https:\/\/contextoanalisisperiodistico.com\/index.php\/wp-json\/wp\/v2\/types\/post"}],"author":[{"embeddable":true,"href":"https:\/\/contextoanalisisperiodistico.com\/index.php\/wp-json\/wp\/v2\/users\/4"}],"replies":[{"embeddable":true,"href":"https:\/\/contextoanalisisperiodistico.com\/index.php\/wp-json\/wp\/v2\/comments?post=26706"}],"version-history":[{"count":0,"href":"https:\/\/contextoanalisisperiodistico.com\/index.php\/wp-json\/wp\/v2\/posts\/26706\/revisions"}],"wp:featuredmedia":[{"embeddable":true,"href":"https:\/\/contextoanalisisperiodistico.com\/index.php\/wp-json\/wp\/v2\/media\/26701"}],"wp:attachment":[{"href":"https:\/\/contextoanalisisperiodistico.com\/index.php\/wp-json\/wp\/v2\/media?parent=26706"}],"wp:term":[{"taxonomy":"category","embeddable":true,"href":"https:\/\/contextoanalisisperiodistico.com\/index.php\/wp-json\/wp\/v2\/categories?post=26706"},{"taxonomy":"post_tag","embeddable":true,"href":"https:\/\/contextoanalisisperiodistico.com\/index.php\/wp-json\/wp\/v2\/tags?post=26706"}],"curies":[{"name":"wp","href":"https:\/\/api.w.org\/{rel}","templated":true}]}}