{"id":26696,"date":"2024-05-15T20:58:46","date_gmt":"2024-05-16T02:58:46","guid":{"rendered":"https:\/\/contextoanalisisperiodistico.com\/index.php\/2024\/05\/15\/promueve-cecyteo-miercoles-de-lectura-en-106-centros-educativos\/"},"modified":"2024-05-15T20:58:46","modified_gmt":"2024-05-16T02:58:46","slug":"promueve-cecyteo-miercoles-de-lectura-en-106-centros-educativos","status":"publish","type":"post","link":"https:\/\/contextoanalisisperiodistico.com\/index.php\/2024\/05\/15\/promueve-cecyteo-miercoles-de-lectura-en-106-centros-educativos\/","title":{"rendered":"Promueve CECyTEO Mi\u00e9rcoles de Lectura en 106 centros educativos"},"content":{"rendered":"<div id=\"fb-root\"><\/div>\n\n<p>\u2022 Con esta actividad se fomenta de manera permanente el h\u00e1bito de lectura en m\u00e1s de 15 mil estudiantes<\/p>\n\n\n\n<p>Oaxaca de Ju\u00e1rez, Oax. 15 de mayo de 2024.- Con la premisa de fomentar el h\u00e1bito de la lectura en las juventudes, el Colegio de Estudios Cient\u00edficos y Tecnol\u00f3gicos del Estado de Oaxaca inici\u00f3 el Mi\u00e9rcoles de Lectura CECyTEO en sus 106 centros educativos de la entidad.<\/p>\n\n\n\n<p>Esta iniciativa se desprende del esquema de Fomento a la Lectura del Gobierno del Estado mediante el cual de manera simult\u00e1nea cada semana, el estudiantado dedicar\u00e1 un espacio para compartir diferentes lecturas.<\/p>\n\n\n\n<p>Este ejercicio colectivo impactar\u00e1 a m\u00e1s de 15 mil estudiantes del CECyTEO con textos de autores como Gabriel Garc\u00eda M\u00e1rquez y Jos\u00e9 Saramago, entre otros, para contribuir en su desarrollo cognitivo, creativo y cultural, generando espacios para el di\u00e1logo e intercambio de ideas.<\/p>\n\n\n\n<p>De esta manera alumnas y alumnos de los diferentes centros educativos expresaron su inter\u00e9s de practicar la lectura y la curiosidad de explorar m\u00e1s all\u00e1 de los libros escolares, para adentrarse en el mundo de la poes\u00eda, la filosof\u00eda, entre otras, ya que, de esta forma pueden garantizar un acercamiento a su vida profesional.<\/p>\n\n\n\n<p>-0-<\/p>\n\n\n\n<figure class=\"wp-block-image size-large\"><img fetchpriority=\"high\" decoding=\"async\" width=\"640\" height=\"426\" src=\"https:\/\/contextoanalisisperiodistico.com\/wp-content\/uploads\/2024\/05\/img-20240515-wa00606204822490011094416.jpg\" alt=\"\" class=\"wp-image-26694\" srcset=\"https:\/\/contextoanalisisperiodistico.com\/wp-content\/uploads\/2024\/05\/img-20240515-wa00606204822490011094416.jpg 640w, https:\/\/contextoanalisisperiodistico.com\/wp-content\/uploads\/2024\/05\/img-20240515-wa00606204822490011094416-300x200.jpg 300w\" sizes=\"(max-width: 640px) 100vw, 640px\" \/><\/figure>\n\n\n\n<figure class=\"wp-block-image\"><img decoding=\"async\" width=\"300\" height=\"168\" src=\"https:\/\/contextoanalisisperiodistico.com\/wp-content\/uploads\/2024\/05\/img-20240515-wa0062573614203429957682-300x168.jpg\" alt=\"\" class=\"wp-image-26695\" srcset=\"https:\/\/contextoanalisisperiodistico.com\/wp-content\/uploads\/2024\/05\/img-20240515-wa0062573614203429957682-300x168.jpg 300w, https:\/\/contextoanalisisperiodistico.com\/wp-content\/uploads\/2024\/05\/img-20240515-wa0062573614203429957682.jpg 640w\" sizes=\"(max-width: 300px) 100vw, 300px\" \/><\/figure>\n","protected":false},"excerpt":{"rendered":"<p>\u2022 Con esta actividad se fomenta de manera permanente el h\u00e1bito de lectura en m\u00e1s&#8230;<\/p>\n","protected":false},"author":4,"featured_media":26693,"comment_status":"","ping_status":"open","sticky":false,"template":"","format":"standard","meta":{"footnotes":""},"categories":[91],"tags":[],"jetpack_sharing_enabled":true,"featured_image_urls":{"full":["https:\/\/contextoanalisisperiodistico.com\/wp-content\/uploads\/2024\/05\/IMG-20240515-WA0061.jpg",640,358,false],"thumbnail":["https:\/\/contextoanalisisperiodistico.com\/wp-content\/uploads\/2024\/05\/IMG-20240515-WA0061-150x150.jpg",150,150,true],"medium":["https:\/\/contextoanalisisperiodistico.com\/wp-content\/uploads\/2024\/05\/IMG-20240515-WA0061-300x168.jpg",300,168,true],"medium_large":["https:\/\/contextoanalisisperiodistico.com\/wp-content\/uploads\/2024\/05\/IMG-20240515-WA0061.jpg",640,358,false],"large":["https:\/\/contextoanalisisperiodistico.com\/wp-content\/uploads\/2024\/05\/IMG-20240515-WA0061.jpg",640,358,false],"1536x1536":["https:\/\/contextoanalisisperiodistico.com\/wp-content\/uploads\/2024\/05\/IMG-20240515-WA0061.jpg",640,358,false],"2048x2048":["https:\/\/contextoanalisisperiodistico.com\/wp-content\/uploads\/2024\/05\/IMG-20240515-WA0061.jpg",640,358,false],"covernews-slider-full":["https:\/\/contextoanalisisperiodistico.com\/wp-content\/uploads\/2024\/05\/IMG-20240515-WA0061.jpg",640,358,false],"covernews-slider-center":["https:\/\/contextoanalisisperiodistico.com\/wp-content\/uploads\/2024\/05\/IMG-20240515-WA0061.jpg",640,358,false],"covernews-featured":["https:\/\/contextoanalisisperiodistico.com\/wp-content\/uploads\/2024\/05\/IMG-20240515-WA0061.jpg",640,358,false],"covernews-medium":["https:\/\/contextoanalisisperiodistico.com\/wp-content\/uploads\/2024\/05\/IMG-20240515-WA0061-540x340.jpg",540,340,true],"covernews-medium-square":["https:\/\/contextoanalisisperiodistico.com\/wp-content\/uploads\/2024\/05\/IMG-20240515-WA0061-400x250.jpg",400,250,true]},"author_info":{"display_name":"Mario Gir\u00f3n","author_link":"https:\/\/contextoanalisisperiodistico.com\/index.php\/author\/director\/"},"category_info":"<a href=\"https:\/\/contextoanalisisperiodistico.com\/index.php\/category\/educacion\/\" rel=\"category tag\">Educaci\u00f3n<\/a>","tag_info":"Educaci\u00f3n","comment_count":"0","jetpack_featured_media_url":"https:\/\/contextoanalisisperiodistico.com\/wp-content\/uploads\/2024\/05\/IMG-20240515-WA0061.jpg","_links":{"self":[{"href":"https:\/\/contextoanalisisperiodistico.com\/index.php\/wp-json\/wp\/v2\/posts\/26696"}],"collection":[{"href":"https:\/\/contextoanalisisperiodistico.com\/index.php\/wp-json\/wp\/v2\/posts"}],"about":[{"href":"https:\/\/contextoanalisisperiodistico.com\/index.php\/wp-json\/wp\/v2\/types\/post"}],"author":[{"embeddable":true,"href":"https:\/\/contextoanalisisperiodistico.com\/index.php\/wp-json\/wp\/v2\/users\/4"}],"replies":[{"embeddable":true,"href":"https:\/\/contextoanalisisperiodistico.com\/index.php\/wp-json\/wp\/v2\/comments?post=26696"}],"version-history":[{"count":0,"href":"https:\/\/contextoanalisisperiodistico.com\/index.php\/wp-json\/wp\/v2\/posts\/26696\/revisions"}],"wp:featuredmedia":[{"embeddable":true,"href":"https:\/\/contextoanalisisperiodistico.com\/index.php\/wp-json\/wp\/v2\/media\/26693"}],"wp:attachment":[{"href":"https:\/\/contextoanalisisperiodistico.com\/index.php\/wp-json\/wp\/v2\/media?parent=26696"}],"wp:term":[{"taxonomy":"category","embeddable":true,"href":"https:\/\/contextoanalisisperiodistico.com\/index.php\/wp-json\/wp\/v2\/categories?post=26696"},{"taxonomy":"post_tag","embeddable":true,"href":"https:\/\/contextoanalisisperiodistico.com\/index.php\/wp-json\/wp\/v2\/tags?post=26696"}],"curies":[{"name":"wp","href":"https:\/\/api.w.org\/{rel}","templated":true}]}}