{"id":2595,"date":"2022-04-23T21:36:30","date_gmt":"2022-04-24T02:36:30","guid":{"rendered":"http:\/\/contextoanalisisperiodistico.com.mx\/2022\/04\/23\/reconocimiento-a-su-esposa-abigail-de-mauricio-cruz-vargas-candidato-indigena-independiente-al-gobierno-del-estado-de-oaxaca\/"},"modified":"2022-04-23T21:36:30","modified_gmt":"2022-04-24T02:36:30","slug":"reconocimiento-a-su-esposa-abigail-de-mauricio-cruz-vargas-candidato-indigena-independiente-al-gobierno-del-estado-de-oaxaca","status":"publish","type":"post","link":"https:\/\/contextoanalisisperiodistico.com\/index.php\/2022\/04\/23\/reconocimiento-a-su-esposa-abigail-de-mauricio-cruz-vargas-candidato-indigena-independiente-al-gobierno-del-estado-de-oaxaca\/","title":{"rendered":"Reconocimiento a su esposa Abigail, de Mauricio Cruz Vargas, candidato ind\u00edgena independiente al gobierno del Estado de Oaxaca:"},"content":{"rendered":"<div id=\"fb-root\"><\/div>\n\n<p>Abigail, te conoc\u00ed en un momento dif\u00edcil de mi vida. \u00bfRecuerdas que mi madre tuvo que migrar a Estados Unidos para combatir un poco la pobreza en la que estaba mi familia sumergida?.<\/p>\n\n\n\n<p>\u00c9ramos tan j\u00f3venes. Desde ese d\u00eda has sido parte fundamental en las decisiones de m\u00ed vida. Sabes que sin ti no hay paso que no de, que todo est\u00e1 muy claro si t\u00fa visi\u00f3n me acompa\u00f1a. <\/p>\n\n\n\n<p>Ma\u00f1ana, tengo una gran encomienda en el debate gubernamental y s\u00f3lo me queda dar las gracias al ser superior porque seguimos aqu\u00ed y claro, las gracias a ti que haces nuestra vida llevadera, sin importar los obst\u00e1culos a los que nos han enfrentado malos gobiernos en nuestros pueblos y comunidades. <\/p>\n\n\n\n<p>Es por eso que nuestras hijas bien saben que en este o en cualquier camino, nuestro sue\u00f1o es y ser\u00e1 siempre la justicia y la vida digna desde el servicio. Ahora, que se abri\u00f3 la posibilidad de la gubernatura, les decimos tambi\u00e9n a mis hermanos y hermanas autoridades y a las asambleas que dignamente les mandatan y que me dieron la encomienda, que todo el empe\u00f1o m\u00edo y de mi familia est\u00e1 en este importante objetivo. Ojal\u00e1 que estemos a tiempo de que el pueblo de Oaxaca lo pueda ver y as\u00ed como se tom\u00f3 la decisi\u00f3n en asambleas, el voto se ver\u00e1 reflejado el d\u00eda estipulado. #NoParamos #Contigo<\/p>\n\n\n\n<p>\u00a1ABIGAIL, GRACIAS SIEMPRE!<\/p>\n","protected":false},"excerpt":{"rendered":"<p>Abigail, te conoc\u00ed en un momento dif\u00edcil de mi vida. \u00bfRecuerdas que mi madre tuvo&#8230;<\/p>\n","protected":false},"author":2,"featured_media":2594,"comment_status":"open","ping_status":"open","sticky":false,"template":"","format":"standard","meta":{"footnotes":""},"categories":[3,7,9],"tags":[],"jetpack_sharing_enabled":true,"featured_image_urls":{"full":"","thumbnail":"","medium":"","medium_large":"","large":"","1536x1536":"","2048x2048":"","covernews-slider-full":"","covernews-slider-center":"","covernews-featured":"","covernews-medium":"","covernews-medium-square":""},"author_info":{"display_name":"Miguel","author_link":"https:\/\/contextoanalisisperiodistico.com\/index.php\/author\/editor\/"},"category_info":"<a href=\"https:\/\/contextoanalisisperiodistico.com\/index.php\/category\/ciudad\/\" rel=\"category tag\">Ciudad<\/a> <a href=\"https:\/\/contextoanalisisperiodistico.com\/index.php\/category\/municipios\/\" rel=\"category tag\">Municipios<\/a> <a href=\"https:\/\/contextoanalisisperiodistico.com\/index.php\/category\/politica\/\" rel=\"category tag\">Pol\u00edtica<\/a>","tag_info":"Pol\u00edtica","comment_count":"0","jetpack_featured_media_url":"","_links":{"self":[{"href":"https:\/\/contextoanalisisperiodistico.com\/index.php\/wp-json\/wp\/v2\/posts\/2595"}],"collection":[{"href":"https:\/\/contextoanalisisperiodistico.com\/index.php\/wp-json\/wp\/v2\/posts"}],"about":[{"href":"https:\/\/contextoanalisisperiodistico.com\/index.php\/wp-json\/wp\/v2\/types\/post"}],"author":[{"embeddable":true,"href":"https:\/\/contextoanalisisperiodistico.com\/index.php\/wp-json\/wp\/v2\/users\/2"}],"replies":[{"embeddable":true,"href":"https:\/\/contextoanalisisperiodistico.com\/index.php\/wp-json\/wp\/v2\/comments?post=2595"}],"version-history":[{"count":0,"href":"https:\/\/contextoanalisisperiodistico.com\/index.php\/wp-json\/wp\/v2\/posts\/2595\/revisions"}],"wp:featuredmedia":[{"embeddable":true,"href":"https:\/\/contextoanalisisperiodistico.com\/index.php\/wp-json\/"}],"wp:attachment":[{"href":"https:\/\/contextoanalisisperiodistico.com\/index.php\/wp-json\/wp\/v2\/media?parent=2595"}],"wp:term":[{"taxonomy":"category","embeddable":true,"href":"https:\/\/contextoanalisisperiodistico.com\/index.php\/wp-json\/wp\/v2\/categories?post=2595"},{"taxonomy":"post_tag","embeddable":true,"href":"https:\/\/contextoanalisisperiodistico.com\/index.php\/wp-json\/wp\/v2\/tags?post=2595"}],"curies":[{"name":"wp","href":"https:\/\/api.w.org\/{rel}","templated":true}]}}