{"id":2590,"date":"2022-04-23T17:47:32","date_gmt":"2022-04-23T22:47:32","guid":{"rendered":"http:\/\/contextoanalisisperiodistico.com.mx\/2022\/04\/23\/anuncia-ieepco-todo-listo-para-el-primer-debate-entre-candidatas-y-candidatos-a-la-gubernatura\/"},"modified":"2022-04-23T17:47:32","modified_gmt":"2022-04-23T22:47:32","slug":"anuncia-ieepco-todo-listo-para-el-primer-debate-entre-candidatas-y-candidatos-a-la-gubernatura","status":"publish","type":"post","link":"https:\/\/contextoanalisisperiodistico.com\/index.php\/2022\/04\/23\/anuncia-ieepco-todo-listo-para-el-primer-debate-entre-candidatas-y-candidatos-a-la-gubernatura\/","title":{"rendered":"Anuncia IEEPCO todo listo para el Primer Debate entre candidatas y candidatos a la Gubernatura"},"content":{"rendered":"<div id=\"fb-root\"><\/div>\n\n<p><em>Este domingo 24 de abril en punto de las 18 horas, es la cita<\/em><\/p>\n\n\n\n<p>El Instituto Estatal Electoral y de Participaci\u00f3n Ciudadana de Oaxaca (IEEPCO), a trav\u00e9s de la Comisi\u00f3n Temporal de Comunicaci\u00f3n, anunci\u00f3 que se encuentra todo listo para la realizaci\u00f3n del Primer Debate entre candidatas y candidatos a la Gubernatura.<\/p>\n\n\n\n<p>Lo anterior en cumplimiento con el calendario del Proceso Electoral Ordinario 2021-2022 y teniendo como marco las instalaciones de la Corporaci\u00f3n Oaxaque\u00f1a de Radio y Televisi\u00f3n (CORTV) que iniciar\u00e1 la transmisi\u00f3n en punto de las 18:00 horas.<\/p>\n\n\n\n<p>El consejero electoral y presidente de la Comisi\u00f3n de Comunicaci\u00f3n, Alejandro Carrasco Sampedro, asegur\u00f3 que el total de las candidaturas registradas y validadas ante el IEEPCO confirm\u00f3 su asistencia en este primer ejercicio democr\u00e1tico que tiene como principal objetivo proporcionar informaci\u00f3n a la sociedad oaxaque\u00f1a que le permita emitir un voto libre e informado en la jornada electoral del 5 de junio.<\/p>\n\n\n\n<p>As\u00ed mismo, dio a conocer que en esta ocasi\u00f3n las candidatas y candidatos presentar\u00e1n sus propuestas en torno a Seguridad, Igualdad entre Hombres y Mujeres, as\u00ed como Atenci\u00f3n a Poblaci\u00f3n en Situaci\u00f3n de Vulnerabilidad, temas derivados del sorteo realizado en presencia de representaciones de los partidos pol\u00edticos y candidatos independientes ind\u00edgenas.<\/p>\n\n\n\n<p>Carrasco Sampedro detall\u00f3 que el formato del debate plantea una duraci\u00f3n de dos horas y que la moderaci\u00f3n estar\u00e1 a cargo de la periodista mexicana Julieta Lujambio Fuentes, que cuenta con experiencia en la conducci\u00f3n de estos ejercicios democr\u00e1ticos.<\/p>\n\n\n\n<p>Finalmente, el consejero electoral manifest\u00f3 que el \u00f3rgano electoral est\u00e1 comprometido con el respeto a las comunidades y pueblos ind\u00edgenas, raz\u00f3n por la que ha garantizado la transmisi\u00f3n simult\u00e1nea en lenguas ind\u00edgenas, siendo el canal oficial de YouTube del \u00f3rgano electoral donde la ciudadan\u00eda podr\u00e1 ver las traducciones en zapoteco, mixteco y mazateco.<\/p>\n\n\n\n<p>Cabe se\u00f1alar que, independientemente de las frecuencias de radio y televisi\u00f3n de CORTV, el primer debate a la gubernatura ser\u00e1 transmitido en las cuentas oficiales de Facebook, Twitter e Instagram del IEEPCO.<\/p>\n","protected":false},"excerpt":{"rendered":"<p>Este domingo 24 de abril en punto de las 18 horas, es la cita El&#8230;<\/p>\n","protected":false},"author":2,"featured_media":2589,"comment_status":"open","ping_status":"open","sticky":false,"template":"","format":"standard","meta":{"footnotes":""},"categories":[7,9],"tags":[],"jetpack_sharing_enabled":true,"featured_image_urls":{"full":"","thumbnail":"","medium":"","medium_large":"","large":"","1536x1536":"","2048x2048":"","covernews-slider-full":"","covernews-slider-center":"","covernews-featured":"","covernews-medium":"","covernews-medium-square":""},"author_info":{"display_name":"Miguel","author_link":"https:\/\/contextoanalisisperiodistico.com\/index.php\/author\/editor\/"},"category_info":"<a href=\"https:\/\/contextoanalisisperiodistico.com\/index.php\/category\/municipios\/\" rel=\"category tag\">Municipios<\/a> <a href=\"https:\/\/contextoanalisisperiodistico.com\/index.php\/category\/politica\/\" rel=\"category tag\">Pol\u00edtica<\/a>","tag_info":"Pol\u00edtica","comment_count":"0","jetpack_featured_media_url":"","_links":{"self":[{"href":"https:\/\/contextoanalisisperiodistico.com\/index.php\/wp-json\/wp\/v2\/posts\/2590"}],"collection":[{"href":"https:\/\/contextoanalisisperiodistico.com\/index.php\/wp-json\/wp\/v2\/posts"}],"about":[{"href":"https:\/\/contextoanalisisperiodistico.com\/index.php\/wp-json\/wp\/v2\/types\/post"}],"author":[{"embeddable":true,"href":"https:\/\/contextoanalisisperiodistico.com\/index.php\/wp-json\/wp\/v2\/users\/2"}],"replies":[{"embeddable":true,"href":"https:\/\/contextoanalisisperiodistico.com\/index.php\/wp-json\/wp\/v2\/comments?post=2590"}],"version-history":[{"count":0,"href":"https:\/\/contextoanalisisperiodistico.com\/index.php\/wp-json\/wp\/v2\/posts\/2590\/revisions"}],"wp:featuredmedia":[{"embeddable":true,"href":"https:\/\/contextoanalisisperiodistico.com\/index.php\/wp-json\/"}],"wp:attachment":[{"href":"https:\/\/contextoanalisisperiodistico.com\/index.php\/wp-json\/wp\/v2\/media?parent=2590"}],"wp:term":[{"taxonomy":"category","embeddable":true,"href":"https:\/\/contextoanalisisperiodistico.com\/index.php\/wp-json\/wp\/v2\/categories?post=2590"},{"taxonomy":"post_tag","embeddable":true,"href":"https:\/\/contextoanalisisperiodistico.com\/index.php\/wp-json\/wp\/v2\/tags?post=2590"}],"curies":[{"name":"wp","href":"https:\/\/api.w.org\/{rel}","templated":true}]}}