{"id":2583,"date":"2022-04-23T17:35:53","date_gmt":"2022-04-23T22:35:53","guid":{"rendered":"http:\/\/contextoanalisisperiodistico.com.mx\/2022\/04\/23\/orgullo-para-oaxaca-el-cuarto-encuentro-de-cocineras-tradicionales-martinez-neri\/"},"modified":"2022-04-23T17:35:53","modified_gmt":"2022-04-23T22:35:53","slug":"orgullo-para-oaxaca-el-cuarto-encuentro-de-cocineras-tradicionales-martinez-neri","status":"publish","type":"post","link":"https:\/\/contextoanalisisperiodistico.com\/index.php\/2022\/04\/23\/orgullo-para-oaxaca-el-cuarto-encuentro-de-cocineras-tradicionales-martinez-neri\/","title":{"rendered":"Orgullo para Oaxaca el \u00abCuarto Encuentro de Cocineras Tradicionales\u00bb: Mart\u00ednez Neri"},"content":{"rendered":"<div id=\"fb-root\"><\/div>\n\n<p>(<em>) En la Plaza de la Danza los sabores y colores de las 8 regiones<\/em><\/p>\n\n\n\n<p><em> (<\/em>) Maestras cocineras tradicionales, guardianas de la tradici\u00f3n, demuestran conocimiento deleitando el paladar de los asistentes<\/p>\n\n\n\n<p>Mario GIR\u00d3N<br>\u201cTenemos que conservar, avivar e impulsar este tipo de expresiones, como el que estamos inaugurando esta tarde, el Cuarto Encuentro de Cocineras Tradicionales, mujeres guardianas de la tradici\u00f3n, que se convierten en orgullo para Oaxaca\u201d, reconoci\u00f3 el presidente municipal, Francisco Mart\u00ednez Neri.<br>Desde el coraz\u00f3n de cantera la hist\u00f3rica Plaza de la Danza, el edil capitalino subray\u00f3: \u201cestamos ante la m\u00e1s grande e importante de nuestras expresiones culturales en Oaxaca, como es nuestra gastronom\u00eda\u201d.<br>Acompa\u00f1ado de la secretaria de Fomento Tur\u00edstico, Adriana Aguilar Escobar y ante mujeres ind\u00edgenas, mestizas y afrodescendientes, Mart\u00ednez Neri reconoci\u00f3 y aplaudi\u00f3 la participaci\u00f3n de 50 cocineras tradicionales dando muestra de su saz\u00f3n caracter\u00edstico a trav\u00e9s de 150 platillos, m\u00e1s de 10 dulces tradicionales, as\u00ed como un poco m\u00e1s de 10 bebidas ancestrales.<br>En su turno de participaci\u00f3n en la inauguraci\u00f3n del Cuarto Encuentro de Cocineras Ancestrales, la funcionaria municipal, Aguilar Escobar apunto: \u201ca trav\u00e9s de la gastronom\u00eda hoy se celebra la vida\u201d.<br>Agreg\u00f3: \u201cesta ciudad educadora trabaja de manera permanente en la construcci\u00f3n de valores, promueve la convivencia pac\u00edfica y el respeto a la pluralidad y a nuestra cultura\u201d. Reconocer\u00eda el esfuerzo del Ayuntamiento de Oaxaca de Ju\u00e1rez, encabezado por el edil, Francisco Mart\u00ednez Neri, para generar este espacio que proyecta a nuestro municipio en un \u00e1mbito nacional e internacional.<\/p>\n\n\n\n<figure class=\"wp-block-image size-large\"><img decoding=\"async\" src=\"https:\/\/contextoinformacionyanalisisperiodistico.files.wordpress.com\/2022\/04\/img-20220423-wa0043.jpg?w=1024\" alt=\"\" class=\"wp-image-2580\" \/><\/figure>\n\n\n\n<figure class=\"wp-block-image\"><img decoding=\"async\" src=\"https:\/\/contextoinformacionyanalisisperiodistico.files.wordpress.com\/2022\/04\/img-20220423-wa0039.jpg\" alt=\"\" class=\"wp-image-2582\" \/><\/figure>\n\n\n\n<figure class=\"wp-block-image\"><img decoding=\"async\" src=\"https:\/\/contextoinformacionyanalisisperiodistico.files.wordpress.com\/2022\/04\/img-20220423-wa0041.jpg\" alt=\"\" class=\"wp-image-2578\" \/><\/figure>\n\n\n\n<figure class=\"wp-block-image\"><img decoding=\"async\" src=\"https:\/\/contextoinformacionyanalisisperiodistico.files.wordpress.com\/2022\/04\/img-20220423-wa0042.jpg\" alt=\"\" class=\"wp-image-2581\" \/><\/figure>\n\n\n\n<figure class=\"wp-block-image\"><img decoding=\"async\" src=\"https:\/\/contextoinformacionyanalisisperiodistico.files.wordpress.com\/2022\/04\/img-20220423-wa0040.jpg\" alt=\"\" class=\"wp-image-2579\" \/><\/figure>\n","protected":false},"excerpt":{"rendered":"<p>() En la Plaza de la Danza los sabores y colores de las 8 regiones&#8230;<\/p>\n","protected":false},"author":2,"featured_media":2577,"comment_status":"open","ping_status":"open","sticky":false,"template":"","format":"standard","meta":{"footnotes":""},"categories":[3,7],"tags":[],"jetpack_sharing_enabled":true,"featured_image_urls":{"full":"","thumbnail":"","medium":"","medium_large":"","large":"","1536x1536":"","2048x2048":"","covernews-slider-full":"","covernews-slider-center":"","covernews-featured":"","covernews-medium":"","covernews-medium-square":""},"author_info":{"display_name":"Miguel","author_link":"https:\/\/contextoanalisisperiodistico.com\/index.php\/author\/editor\/"},"category_info":"<a href=\"https:\/\/contextoanalisisperiodistico.com\/index.php\/category\/ciudad\/\" rel=\"category tag\">Ciudad<\/a> <a href=\"https:\/\/contextoanalisisperiodistico.com\/index.php\/category\/municipios\/\" rel=\"category tag\">Municipios<\/a>","tag_info":"Municipios","comment_count":"0","jetpack_featured_media_url":"","_links":{"self":[{"href":"https:\/\/contextoanalisisperiodistico.com\/index.php\/wp-json\/wp\/v2\/posts\/2583"}],"collection":[{"href":"https:\/\/contextoanalisisperiodistico.com\/index.php\/wp-json\/wp\/v2\/posts"}],"about":[{"href":"https:\/\/contextoanalisisperiodistico.com\/index.php\/wp-json\/wp\/v2\/types\/post"}],"author":[{"embeddable":true,"href":"https:\/\/contextoanalisisperiodistico.com\/index.php\/wp-json\/wp\/v2\/users\/2"}],"replies":[{"embeddable":true,"href":"https:\/\/contextoanalisisperiodistico.com\/index.php\/wp-json\/wp\/v2\/comments?post=2583"}],"version-history":[{"count":0,"href":"https:\/\/contextoanalisisperiodistico.com\/index.php\/wp-json\/wp\/v2\/posts\/2583\/revisions"}],"wp:featuredmedia":[{"embeddable":true,"href":"https:\/\/contextoanalisisperiodistico.com\/index.php\/wp-json\/"}],"wp:attachment":[{"href":"https:\/\/contextoanalisisperiodistico.com\/index.php\/wp-json\/wp\/v2\/media?parent=2583"}],"wp:term":[{"taxonomy":"category","embeddable":true,"href":"https:\/\/contextoanalisisperiodistico.com\/index.php\/wp-json\/wp\/v2\/categories?post=2583"},{"taxonomy":"post_tag","embeddable":true,"href":"https:\/\/contextoanalisisperiodistico.com\/index.php\/wp-json\/wp\/v2\/tags?post=2583"}],"curies":[{"name":"wp","href":"https:\/\/api.w.org\/{rel}","templated":true}]}}